{"id":10006,"date":"2020-08-12T13:22:54","date_gmt":"2020-08-12T13:22:54","guid":{"rendered":"https:\/\/laprensacristiana.com\/?p=10006"},"modified":"2020-08-12T13:22:57","modified_gmt":"2020-08-12T13:22:57","slug":"quien-manda-realmente","status":"publish","type":"post","link":"https:\/\/laprensacristiana.com\/?p=10006","title":{"rendered":"\u00bfQui\u00e9n manda realmente?"},"content":{"rendered":"\n<p>Daniel 4:26 \u201c\u2026que reconozcas que es el Cielo el que gobierna\u2026\u201d<\/p>\n\n\n\n<p>Pareciera que me ensa\u00f1o con mis hermanos pastores y que mis escritos van en su contra, que quiz\u00e1 soy amargado o traumatizado por algo que me sucedi\u00f3 en alguna iglesia y por eso escribo tanto en contra de las costumbres que muchos traen del mundo y las introducen en el Reino de Dios, su Iglesia y que tanto da\u00f1o provocan en sus miembros. Pero nada m\u00e0s lejos de la verdad, ya que escribo para poder se\u00f1alar los yerros que cometemos muchos de los hombres y mujeres que hemos sido llamados por Dios para guiar, ense\u00f1ar, exhortar y ser ejemplos de la grey. As\u00ed que no estoy amargado contra nadie, ni traumado ni herido por nada ni por nadie. Aclaro algo: s\u00ed he sido herido y lastimado por algunos, pero tambi\u00e9n he aprendido -porque me conviene-, aprender a perdonar; y perdonar, para m\u00ed, es olvidar.<\/p>\n\n\n\n<p>Pero no puedo evitar darme cuenta de acciones que algunos tienen para con su congregaci\u00f3n y es cuando me doy cuenta de cuanta falta nos hace ser ense\u00f1ados y se\u00f1alados para darnos cuenta que no somos lo perfectos que creemos. Hacemos y decimos cosas que van en contra de la Palabra de Dios, a veces usamos el p\u00falpito como trinchera para tirarle a otros sus miserias p\u00fablicamente, abusando de los recursos que Dios pone en nuestras manos para su beneficio y para su Gloria.<\/p>\n\n\n\n<p>Hace un tiempo asist\u00ed a una reuni\u00f3n a una iglesia de las \u201cgrandes\u201d de alg\u00fan pa\u00ecs del \u00e1rea y escuch\u00e9 que el pastor, en un arranque de c\u00f3lera santa dijo a todo pulm\u00f3n \u201c\u00a1aqu\u00ed mando yo!\u201d. Esa frase no me dej\u00f3 helado, pero si me abri\u00f3 un panorama para darme cuenta de lo que abunda en nuestro medio pastoral.<\/p>\n\n\n\n<p>Nos hemos cre\u00eddo la \u00faltima soda del desierto, la \u00faltima gota de agua en medio del mar. La teolog\u00eda o el crecimiento congregacional que Dios le regala a alg\u00fan pastor le hace tanto da\u00f1o que sin darse cuenta, empieza a caer en el s\u00edndrome de Nabucodonosor. Creerse omnipotentes y due\u00f1os de algo que no les pertenece. Creen que el crecimiento, los regalos y comodidades que el Se\u00f1or les provee para sus templos, incluido este, les pertenece y se hacen due\u00f1os y se\u00f1ores de todo, hasta el extremo de confesar con sus labios que ellos son los que mandan all\u00ed, sin darse cuenta que el Bondadoso Esp\u00edritu Santo es quien levanta y engrandece a quien \u00c8l quiere.<\/p>\n\n\n\n<p>Se nos olvida que no somos due\u00f1os, solo mayordomos y que tenemos que llegar al tiempo de darle cuentas al propietario de la Vi\u00f1a. Algunos seremos reprobados y otros, por Misericordia, ser\u00e1n aprobados, eso lo sabremos llegado el momento.<\/p>\n\n\n\n<p>Esta frase fue la que llev\u00f3 a Nabucodonosor a convertirse en un animal que com\u00eda yerba, se ba\u00f1aba con el roci\u00f3 del cielo y dorm\u00eda bajo las estrellas del Cielo. La soberbia, el orgullo y la petulancia de este monarca le vali\u00f3 pasar a la historia como uno de los hombres m\u00e0s c\u00ednicos de la Biblia. Se crey\u00f3 tanto por el favor de Dios en su vida que se olvid\u00f3 que todo lo que era y lo que ten\u00eda venia de la Mano de Dios que lo hab\u00eda engrandecido para tratar con su pueblo Israel.<\/p>\n\n\n\n<p>Nabucodonosor no era grande per s\u00e9. Era grande porque Dios lo hab\u00eda engrandecido. Al igual que nosotros los pastores. Somos gente grande, gente de prestigio, gente honorable pero no por nosotros mismos sino por las promesas de nuestro Se\u00f1or que se ha gozado en hacerlo para su Gloria, pero no debemos olvidar que un d\u00eca nos preguntar\u00e1n qu\u00e9 hicimos con lo que se nos entreg\u00f3.<\/p>\n\n\n\n<p>Y tuvo la suerte -si se puede llamar as\u00ed-, a que en su reino viviera un hombre de Dios que no se amilanaba para hablar la verdad sin pelos en la lengua y sin temor a ofenderlo. Cuando fue llamado para explicar el misterio del sue\u00f1o del \u00e1rbol, Daniel le dio todos los pormenores de lo que iba a pasar. El rey fue advertido de lo que vendr\u00eda sobre \u00e8l, pero pasado un tiempo se olvid\u00f3. Se enorgulleci\u00f3 tanto que dijo lo que el pastor dijo en aquella ocasi\u00f3n solo que en otras palabras: \u201cDoce meses despu\u00e9s, pase\u00e1ndose por la azotea del palacio real de Babilonia,<br>el rey reflexion\u00f3, y dijo: \u00ab\u00bfNo es \u00e9sta la gran Babilonia que yo he edificado como residencia real con la fuerza de mi poder y para gloria de mi majestad?\u201d<\/p>\n\n\n\n<p>En ese preciso instante, una Voz del cielo se expres\u00f3 con toda claridad. Y lo que le dijeron creo que se nos dice a nosotros aunque se nos pongan los pelos de punta: \u201c\u2026\u00bbRey Nabucodonosor, a ti se te declara: El reino te ha sido quitado\u2026\u201d<\/p>\n\n\n\n<p>Entonces, repito la pregunta del principio: \u00bfQui\u00e9n manda realmente en su congregaci\u00f3n, en su hogar, en su vida, en su empresa?<\/p>\n\n\n\n<p>SOLI DEO GLORIA<\/p>\n","protected":false},"excerpt":{"rendered":"<p>Daniel 4:26 \u201c\u2026que reconozcas que es el Cielo el que gobierna\u2026\u201d Pareciera que me ensa\u00f1o con mis hermanos pastores y que mis escritos van en su contra, que quiz\u00e1 soy amargado o traumatizado por algo que me sucedi\u00f3 en alguna iglesia y por eso escribo tanto en contra de las costumbres que muchos traen del [&hellip;]<\/p>\n","protected":false},"author":3,"featured_media":7949,"comment_status":"open","ping_status":"open","sticky":false,"template":"","format":"standard","meta":[],"categories":[36],"tags":[],"yoast_head":"<!-- This site is optimized with the Yoast SEO plugin v20.8 - https:\/\/yoast.com\/wordpress\/plugins\/seo\/ -->\n<title>\u00bfQui\u00e9n manda realmente? - La Prensa Cristiana<\/title>\n<meta name=\"robots\" content=\"index, follow, max-snippet:-1, max-image-preview:large, max-video-preview:-1\" \/>\n<link rel=\"canonical\" href=\"https:\/\/laprensacristiana.com\/?p=10006\" \/>\n<meta property=\"og:locale\" content=\"es_ES\" \/>\n<meta property=\"og:type\" content=\"article\" \/>\n<meta property=\"og:title\" content=\"\u00bfQui\u00e9n manda realmente? - La Prensa Cristiana\" \/>\n<meta property=\"og:description\" content=\"Daniel 4:26 \u201c\u2026que reconozcas que es el Cielo el que gobierna\u2026\u201d Pareciera que me ensa\u00f1o con mis hermanos pastores y que mis escritos van en su contra, que quiz\u00e1 soy amargado o traumatizado por algo que me sucedi\u00f3 en alguna iglesia y por eso escribo tanto en contra de las costumbres que muchos traen del [&hellip;]\" \/>\n<meta property=\"og:url\" content=\"https:\/\/laprensacristiana.com\/?p=10006\" \/>\n<meta property=\"og:site_name\" content=\"La Prensa Cristiana\" \/>\n<meta property=\"article:published_time\" content=\"2020-08-12T13:22:54+00:00\" \/>\n<meta property=\"article:modified_time\" content=\"2020-08-12T13:22:57+00:00\" \/>\n<meta property=\"og:image\" content=\"https:\/\/laprensacristiana.com\/wp-content\/uploads\/2020\/01\/2017-11-23-PHOTO-00003245-1.jpg\" \/>\n\t<meta property=\"og:image:width\" content=\"1280\" \/>\n\t<meta property=\"og:image:height\" content=\"714\" \/>\n\t<meta property=\"og:image:type\" content=\"image\/jpeg\" \/>\n<meta name=\"author\" content=\"EDITOR\" \/>\n<meta name=\"twitter:card\" content=\"summary_large_image\" \/>\n<meta name=\"twitter:label1\" content=\"Escrito por\" \/>\n\t<meta name=\"twitter:data1\" content=\"EDITOR\" \/>\n\t<meta name=\"twitter:label2\" content=\"Tiempo de lectura\" \/>\n\t<meta name=\"twitter:data2\" content=\"4 minutos\" \/>\n<script type=\"application\/ld+json\" class=\"yoast-schema-graph\">{\"@context\":\"https:\/\/schema.org\",\"@graph\":[{\"@type\":\"WebPage\",\"@id\":\"https:\/\/laprensacristiana.com\/?p=10006\",\"url\":\"https:\/\/laprensacristiana.com\/?p=10006\",\"name\":\"\u00bfQui\u00e9n manda realmente? - La Prensa Cristiana\",\"isPartOf\":{\"@id\":\"https:\/\/laprensacristiana.com\/#website\"},\"datePublished\":\"2020-08-12T13:22:54+00:00\",\"dateModified\":\"2020-08-12T13:22:57+00:00\",\"author\":{\"@id\":\"https:\/\/laprensacristiana.com\/#\/schema\/person\/3e7d82c6bfd6b1fa67010f8f7cd5256e\"},\"breadcrumb\":{\"@id\":\"https:\/\/laprensacristiana.com\/?p=10006#breadcrumb\"},\"inLanguage\":\"es\",\"potentialAction\":[{\"@type\":\"ReadAction\",\"target\":[\"https:\/\/laprensacristiana.com\/?p=10006\"]}]},{\"@type\":\"BreadcrumbList\",\"@id\":\"https:\/\/laprensacristiana.com\/?p=10006#breadcrumb\",\"itemListElement\":[{\"@type\":\"ListItem\",\"position\":1,\"name\":\"Portada\",\"item\":\"https:\/\/laprensacristiana.com\/\"},{\"@type\":\"ListItem\",\"position\":2,\"name\":\"\u00bfQui\u00e9n manda realmente?\"}]},{\"@type\":\"WebSite\",\"@id\":\"https:\/\/laprensacristiana.com\/#website\",\"url\":\"https:\/\/laprensacristiana.com\/\",\"name\":\"La Prensa Cristiana\",\"description\":\"Anunciando Las Buenas Nuevas\",\"potentialAction\":[{\"@type\":\"SearchAction\",\"target\":{\"@type\":\"EntryPoint\",\"urlTemplate\":\"https:\/\/laprensacristiana.com\/?s={search_term_string}\"},\"query-input\":\"required name=search_term_string\"}],\"inLanguage\":\"es\"},{\"@type\":\"Person\",\"@id\":\"https:\/\/laprensacristiana.com\/#\/schema\/person\/3e7d82c6bfd6b1fa67010f8f7cd5256e\",\"name\":\"EDITOR\",\"image\":{\"@type\":\"ImageObject\",\"inLanguage\":\"es\",\"@id\":\"https:\/\/laprensacristiana.com\/#\/schema\/person\/image\/\",\"url\":\"https:\/\/secure.gravatar.com\/avatar\/72069dfb6c13772d9e8381e3638666d2?s=96&d=mm&r=g\",\"contentUrl\":\"https:\/\/secure.gravatar.com\/avatar\/72069dfb6c13772d9e8381e3638666d2?s=96&d=mm&r=g\",\"caption\":\"EDITOR\"},\"url\":\"https:\/\/laprensacristiana.com\/?author=3\"}]}<\/script>\n<!-- \/ Yoast SEO plugin. -->","yoast_head_json":{"title":"\u00bfQui\u00e9n manda realmente? - La Prensa Cristiana","robots":{"index":"index","follow":"follow","max-snippet":"max-snippet:-1","max-image-preview":"max-image-preview:large","max-video-preview":"max-video-preview:-1"},"canonical":"https:\/\/laprensacristiana.com\/?p=10006","og_locale":"es_ES","og_type":"article","og_title":"\u00bfQui\u00e9n manda realmente? - La Prensa Cristiana","og_description":"Daniel 4:26 \u201c\u2026que reconozcas que es el Cielo el que gobierna\u2026\u201d Pareciera que me ensa\u00f1o con mis hermanos pastores y que mis escritos van en su contra, que quiz\u00e1 soy amargado o traumatizado por algo que me sucedi\u00f3 en alguna iglesia y por eso escribo tanto en contra de las costumbres que muchos traen del [&hellip;]","og_url":"https:\/\/laprensacristiana.com\/?p=10006","og_site_name":"La Prensa Cristiana","article_published_time":"2020-08-12T13:22:54+00:00","article_modified_time":"2020-08-12T13:22:57+00:00","og_image":[{"width":1280,"height":714,"url":"https:\/\/laprensacristiana.com\/wp-content\/uploads\/2020\/01\/2017-11-23-PHOTO-00003245-1.jpg","type":"image\/jpeg"}],"author":"EDITOR","twitter_card":"summary_large_image","twitter_misc":{"Escrito por":"EDITOR","Tiempo de lectura":"4 minutos"},"schema":{"@context":"https:\/\/schema.org","@graph":[{"@type":"WebPage","@id":"https:\/\/laprensacristiana.com\/?p=10006","url":"https:\/\/laprensacristiana.com\/?p=10006","name":"\u00bfQui\u00e9n manda realmente? - La Prensa Cristiana","isPartOf":{"@id":"https:\/\/laprensacristiana.com\/#website"},"datePublished":"2020-08-12T13:22:54+00:00","dateModified":"2020-08-12T13:22:57+00:00","author":{"@id":"https:\/\/laprensacristiana.com\/#\/schema\/person\/3e7d82c6bfd6b1fa67010f8f7cd5256e"},"breadcrumb":{"@id":"https:\/\/laprensacristiana.com\/?p=10006#breadcrumb"},"inLanguage":"es","potentialAction":[{"@type":"ReadAction","target":["https:\/\/laprensacristiana.com\/?p=10006"]}]},{"@type":"BreadcrumbList","@id":"https:\/\/laprensacristiana.com\/?p=10006#breadcrumb","itemListElement":[{"@type":"ListItem","position":1,"name":"Portada","item":"https:\/\/laprensacristiana.com\/"},{"@type":"ListItem","position":2,"name":"\u00bfQui\u00e9n manda realmente?"}]},{"@type":"WebSite","@id":"https:\/\/laprensacristiana.com\/#website","url":"https:\/\/laprensacristiana.com\/","name":"La Prensa Cristiana","description":"Anunciando Las Buenas Nuevas","potentialAction":[{"@type":"SearchAction","target":{"@type":"EntryPoint","urlTemplate":"https:\/\/laprensacristiana.com\/?s={search_term_string}"},"query-input":"required name=search_term_string"}],"inLanguage":"es"},{"@type":"Person","@id":"https:\/\/laprensacristiana.com\/#\/schema\/person\/3e7d82c6bfd6b1fa67010f8f7cd5256e","name":"EDITOR","image":{"@type":"ImageObject","inLanguage":"es","@id":"https:\/\/laprensacristiana.com\/#\/schema\/person\/image\/","url":"https:\/\/secure.gravatar.com\/avatar\/72069dfb6c13772d9e8381e3638666d2?s=96&d=mm&r=g","contentUrl":"https:\/\/secure.gravatar.com\/avatar\/72069dfb6c13772d9e8381e3638666d2?s=96&d=mm&r=g","caption":"EDITOR"},"url":"https:\/\/laprensacristiana.com\/?author=3"}]}},"_links":{"self":[{"href":"https:\/\/laprensacristiana.com\/index.php?rest_route=\/wp\/v2\/posts\/10006"}],"collection":[{"href":"https:\/\/laprensacristiana.com\/index.php?rest_route=\/wp\/v2\/posts"}],"about":[{"href":"https:\/\/laprensacristiana.com\/index.php?rest_route=\/wp\/v2\/types\/post"}],"author":[{"embeddable":true,"href":"https:\/\/laprensacristiana.com\/index.php?rest_route=\/wp\/v2\/users\/3"}],"replies":[{"embeddable":true,"href":"https:\/\/laprensacristiana.com\/index.php?rest_route=%2Fwp%2Fv2%2Fcomments&post=10006"}],"version-history":[{"count":1,"href":"https:\/\/laprensacristiana.com\/index.php?rest_route=\/wp\/v2\/posts\/10006\/revisions"}],"predecessor-version":[{"id":10007,"href":"https:\/\/laprensacristiana.com\/index.php?rest_route=\/wp\/v2\/posts\/10006\/revisions\/10007"}],"wp:featuredmedia":[{"embeddable":true,"href":"https:\/\/laprensacristiana.com\/index.php?rest_route=\/wp\/v2\/media\/7949"}],"wp:attachment":[{"href":"https:\/\/laprensacristiana.com\/index.php?rest_route=%2Fwp%2Fv2%2Fmedia&parent=10006"}],"wp:term":[{"taxonomy":"category","embeddable":true,"href":"https:\/\/laprensacristiana.com\/index.php?rest_route=%2Fwp%2Fv2%2Fcategories&post=10006"},{"taxonomy":"post_tag","embeddable":true,"href":"https:\/\/laprensacristiana.com\/index.php?rest_route=%2Fwp%2Fv2%2Ftags&post=10006"}],"curies":[{"name":"wp","href":"https:\/\/api.w.org\/{rel}","templated":true}]}}