{"id":10015,"date":"2020-08-15T16:37:47","date_gmt":"2020-08-15T16:37:47","guid":{"rendered":"https:\/\/laprensacristiana.com\/?p=10015"},"modified":"2020-08-15T16:37:51","modified_gmt":"2020-08-15T16:37:51","slug":"hoy-es-el-festival-music-live-segunda-edicion","status":"publish","type":"post","link":"https:\/\/laprensacristiana.com\/?p=10015","title":{"rendered":"Hoy es el Festival Music Live (Segunda Edici\u00f3n)"},"content":{"rendered":"\n<p>Por: Epicentro Noticias <\/p>\n\n\n\n<p>Luego del \u00e9xito obtenido en la primera edici\u00f3n, que se llev\u00f3 a cabo el 20 de junio y con m\u00e1s de medio mill\u00f3n de personas que recibieron el mensaje de Dios para sus vidas, a trav\u00e9s de sus diferentes exponentes, uno de los organizadores de este proyecto, Mario Alejandro Borreani, anuncia su segunda edici\u00f3n. Borreani, es un reconocido manager y promotor de salmistas como, Bani Mu\u00f1oz, Alex Campos, entre otros.<br>Todo est\u00e1 listo para la SEGUNDA EDICI\u00d3N DEL \u201cFESTIVAL MUSIC\u201d. En punto de las 15:00 horas (Centroam\u00e9rica) de este s\u00e1bado 15 de agosto del presente, m\u00e1s de 35 ministerios que han confirmado su participaci\u00f3n en este gran evento de trascendencia mundial, hagan su presentaci\u00f3n, entre los que destacan: Itiel Arroyo, Generaci\u00f3n 12, Indiomar, Pescao Vivo, Kike Pav\u00f3n, Vertical, Banda Alternativa, Papel Mache, Ray Corea, Juan Carlos Alvarado, Juan Diego Luna, Harold y helena, Conexi\u00f3n Directa y el Pastor Alex L\u00f3pez, se unen con el fin de llevar la esperanza de Jes\u00fas a todo el mundo. Por su parte El Salvador dice presente con el talento de Rene Caballero, @Leydi V\u00e1squez y Ricardo Sandoval.<br>El objetivo de este festival es llevar esperanza al Mundo, entendiendo que esta Pandemia ha generado que la poblaci\u00f3n mundial est\u00e9 viviendo una situaci\u00f3n ya no s\u00f3lo de enfermedad f\u00edsica, Si no enfermedad del alma, enfermedad de la mente y en lo cual se ha perdido mucha la esperanza de creer que saldremos adelante, expres\u00f3 Borreani.<br>El evento llegar\u00e1 hasta su dispositivo, a trav\u00e9s de las diferentes plataformas, entre las que mencionamos a CVC La Voz, Taber tv, Cumbre Global de Liderazgo y canal de YouTube Conexzion Directa.<br>El organizador destaca, adem\u00e1s, la participaci\u00f3n de los influencers colombianos: Kika Nieto, Santi y Sebas Maye.<\/p>\n\n\n\n<p>No olvide hoy s\u00e1bado en punto de las 3:00 pm (Centroam\u00e9rica) estar\u00e1 disponible tan importante evento a trav\u00e9s de las plataformas antes mencionadas.<\/p>\n","protected":false},"excerpt":{"rendered":"<p>Por: Epicentro Noticias Luego del \u00e9xito obtenido en la primera edici\u00f3n, que se llev\u00f3 a cabo el 20 de junio y con m\u00e1s de medio mill\u00f3n de personas que recibieron el mensaje de Dios para sus vidas, a trav\u00e9s de sus diferentes exponentes, uno de los organizadores de este proyecto, Mario Alejandro Borreani, anuncia su [&hellip;]<\/p>\n","protected":false},"author":3,"featured_media":10017,"comment_status":"open","ping_status":"open","sticky":false,"template":"","format":"standard","meta":[],"categories":[56],"tags":[],"yoast_head":"<!-- This site is optimized with the Yoast SEO plugin v20.8 - https:\/\/yoast.com\/wordpress\/plugins\/seo\/ -->\n<title>Hoy es el Festival Music Live (Segunda Edici\u00f3n) - La Prensa Cristiana<\/title>\n<meta name=\"robots\" content=\"index, follow, max-snippet:-1, max-image-preview:large, max-video-preview:-1\" \/>\n<link rel=\"canonical\" href=\"https:\/\/laprensacristiana.com\/?p=10015\" \/>\n<meta property=\"og:locale\" content=\"es_ES\" \/>\n<meta property=\"og:type\" content=\"article\" \/>\n<meta property=\"og:title\" content=\"Hoy es el Festival Music Live (Segunda Edici\u00f3n) - La Prensa Cristiana\" \/>\n<meta property=\"og:description\" content=\"Por: Epicentro Noticias Luego del \u00e9xito obtenido en la primera edici\u00f3n, que se llev\u00f3 a cabo el 20 de junio y con m\u00e1s de medio mill\u00f3n de personas que recibieron el mensaje de Dios para sus vidas, a trav\u00e9s de sus diferentes exponentes, uno de los organizadores de este proyecto, Mario Alejandro Borreani, anuncia su [&hellip;]\" \/>\n<meta property=\"og:url\" content=\"https:\/\/laprensacristiana.com\/?p=10015\" \/>\n<meta property=\"og:site_name\" content=\"La Prensa Cristiana\" \/>\n<meta property=\"article:published_time\" content=\"2020-08-15T16:37:47+00:00\" \/>\n<meta property=\"article:modified_time\" content=\"2020-08-15T16:37:51+00:00\" \/>\n<meta property=\"og:image\" content=\"https:\/\/laprensacristiana.com\/wp-content\/uploads\/2020\/08\/IMG-20200815-WA0010.jpg\" \/>\n\t<meta property=\"og:image:width\" content=\"1280\" \/>\n\t<meta property=\"og:image:height\" content=\"1280\" \/>\n\t<meta property=\"og:image:type\" content=\"image\/jpeg\" \/>\n<meta name=\"author\" content=\"EDITOR\" \/>\n<meta name=\"twitter:card\" content=\"summary_large_image\" \/>\n<meta name=\"twitter:label1\" content=\"Escrito por\" \/>\n\t<meta name=\"twitter:data1\" content=\"EDITOR\" \/>\n\t<meta name=\"twitter:label2\" content=\"Tiempo de lectura\" \/>\n\t<meta name=\"twitter:data2\" content=\"2 minutos\" \/>\n<script type=\"application\/ld+json\" class=\"yoast-schema-graph\">{\"@context\":\"https:\/\/schema.org\",\"@graph\":[{\"@type\":\"WebPage\",\"@id\":\"https:\/\/laprensacristiana.com\/?p=10015\",\"url\":\"https:\/\/laprensacristiana.com\/?p=10015\",\"name\":\"Hoy es el Festival Music Live (Segunda Edici\u00f3n) - La Prensa Cristiana\",\"isPartOf\":{\"@id\":\"https:\/\/laprensacristiana.com\/#website\"},\"datePublished\":\"2020-08-15T16:37:47+00:00\",\"dateModified\":\"2020-08-15T16:37:51+00:00\",\"author\":{\"@id\":\"https:\/\/laprensacristiana.com\/#\/schema\/person\/3e7d82c6bfd6b1fa67010f8f7cd5256e\"},\"breadcrumb\":{\"@id\":\"https:\/\/laprensacristiana.com\/?p=10015#breadcrumb\"},\"inLanguage\":\"es\",\"potentialAction\":[{\"@type\":\"ReadAction\",\"target\":[\"https:\/\/laprensacristiana.com\/?p=10015\"]}]},{\"@type\":\"BreadcrumbList\",\"@id\":\"https:\/\/laprensacristiana.com\/?p=10015#breadcrumb\",\"itemListElement\":[{\"@type\":\"ListItem\",\"position\":1,\"name\":\"Portada\",\"item\":\"https:\/\/laprensacristiana.com\/\"},{\"@type\":\"ListItem\",\"position\":2,\"name\":\"Hoy es el Festival Music Live (Segunda Edici\u00f3n)\"}]},{\"@type\":\"WebSite\",\"@id\":\"https:\/\/laprensacristiana.com\/#website\",\"url\":\"https:\/\/laprensacristiana.com\/\",\"name\":\"La Prensa Cristiana\",\"description\":\"Anunciando Las Buenas Nuevas\",\"potentialAction\":[{\"@type\":\"SearchAction\",\"target\":{\"@type\":\"EntryPoint\",\"urlTemplate\":\"https:\/\/laprensacristiana.com\/?s={search_term_string}\"},\"query-input\":\"required name=search_term_string\"}],\"inLanguage\":\"es\"},{\"@type\":\"Person\",\"@id\":\"https:\/\/laprensacristiana.com\/#\/schema\/person\/3e7d82c6bfd6b1fa67010f8f7cd5256e\",\"name\":\"EDITOR\",\"image\":{\"@type\":\"ImageObject\",\"inLanguage\":\"es\",\"@id\":\"https:\/\/laprensacristiana.com\/#\/schema\/person\/image\/\",\"url\":\"https:\/\/secure.gravatar.com\/avatar\/72069dfb6c13772d9e8381e3638666d2?s=96&d=mm&r=g\",\"contentUrl\":\"https:\/\/secure.gravatar.com\/avatar\/72069dfb6c13772d9e8381e3638666d2?s=96&d=mm&r=g\",\"caption\":\"EDITOR\"},\"url\":\"https:\/\/laprensacristiana.com\/?author=3\"}]}<\/script>\n<!-- \/ Yoast SEO plugin. -->","yoast_head_json":{"title":"Hoy es el Festival Music Live (Segunda Edici\u00f3n) - La Prensa Cristiana","robots":{"index":"index","follow":"follow","max-snippet":"max-snippet:-1","max-image-preview":"max-image-preview:large","max-video-preview":"max-video-preview:-1"},"canonical":"https:\/\/laprensacristiana.com\/?p=10015","og_locale":"es_ES","og_type":"article","og_title":"Hoy es el Festival Music Live (Segunda Edici\u00f3n) - La Prensa Cristiana","og_description":"Por: Epicentro Noticias Luego del \u00e9xito obtenido en la primera edici\u00f3n, que se llev\u00f3 a cabo el 20 de junio y con m\u00e1s de medio mill\u00f3n de personas que recibieron el mensaje de Dios para sus vidas, a trav\u00e9s de sus diferentes exponentes, uno de los organizadores de este proyecto, Mario Alejandro Borreani, anuncia su [&hellip;]","og_url":"https:\/\/laprensacristiana.com\/?p=10015","og_site_name":"La Prensa Cristiana","article_published_time":"2020-08-15T16:37:47+00:00","article_modified_time":"2020-08-15T16:37:51+00:00","og_image":[{"width":1280,"height":1280,"url":"https:\/\/laprensacristiana.com\/wp-content\/uploads\/2020\/08\/IMG-20200815-WA0010.jpg","type":"image\/jpeg"}],"author":"EDITOR","twitter_card":"summary_large_image","twitter_misc":{"Escrito por":"EDITOR","Tiempo de lectura":"2 minutos"},"schema":{"@context":"https:\/\/schema.org","@graph":[{"@type":"WebPage","@id":"https:\/\/laprensacristiana.com\/?p=10015","url":"https:\/\/laprensacristiana.com\/?p=10015","name":"Hoy es el Festival Music Live (Segunda Edici\u00f3n) - La Prensa Cristiana","isPartOf":{"@id":"https:\/\/laprensacristiana.com\/#website"},"datePublished":"2020-08-15T16:37:47+00:00","dateModified":"2020-08-15T16:37:51+00:00","author":{"@id":"https:\/\/laprensacristiana.com\/#\/schema\/person\/3e7d82c6bfd6b1fa67010f8f7cd5256e"},"breadcrumb":{"@id":"https:\/\/laprensacristiana.com\/?p=10015#breadcrumb"},"inLanguage":"es","potentialAction":[{"@type":"ReadAction","target":["https:\/\/laprensacristiana.com\/?p=10015"]}]},{"@type":"BreadcrumbList","@id":"https:\/\/laprensacristiana.com\/?p=10015#breadcrumb","itemListElement":[{"@type":"ListItem","position":1,"name":"Portada","item":"https:\/\/laprensacristiana.com\/"},{"@type":"ListItem","position":2,"name":"Hoy es el Festival Music Live (Segunda Edici\u00f3n)"}]},{"@type":"WebSite","@id":"https:\/\/laprensacristiana.com\/#website","url":"https:\/\/laprensacristiana.com\/","name":"La Prensa Cristiana","description":"Anunciando Las Buenas Nuevas","potentialAction":[{"@type":"SearchAction","target":{"@type":"EntryPoint","urlTemplate":"https:\/\/laprensacristiana.com\/?s={search_term_string}"},"query-input":"required name=search_term_string"}],"inLanguage":"es"},{"@type":"Person","@id":"https:\/\/laprensacristiana.com\/#\/schema\/person\/3e7d82c6bfd6b1fa67010f8f7cd5256e","name":"EDITOR","image":{"@type":"ImageObject","inLanguage":"es","@id":"https:\/\/laprensacristiana.com\/#\/schema\/person\/image\/","url":"https:\/\/secure.gravatar.com\/avatar\/72069dfb6c13772d9e8381e3638666d2?s=96&d=mm&r=g","contentUrl":"https:\/\/secure.gravatar.com\/avatar\/72069dfb6c13772d9e8381e3638666d2?s=96&d=mm&r=g","caption":"EDITOR"},"url":"https:\/\/laprensacristiana.com\/?author=3"}]}},"_links":{"self":[{"href":"https:\/\/laprensacristiana.com\/index.php?rest_route=\/wp\/v2\/posts\/10015"}],"collection":[{"href":"https:\/\/laprensacristiana.com\/index.php?rest_route=\/wp\/v2\/posts"}],"about":[{"href":"https:\/\/laprensacristiana.com\/index.php?rest_route=\/wp\/v2\/types\/post"}],"author":[{"embeddable":true,"href":"https:\/\/laprensacristiana.com\/index.php?rest_route=\/wp\/v2\/users\/3"}],"replies":[{"embeddable":true,"href":"https:\/\/laprensacristiana.com\/index.php?rest_route=%2Fwp%2Fv2%2Fcomments&post=10015"}],"version-history":[{"count":1,"href":"https:\/\/laprensacristiana.com\/index.php?rest_route=\/wp\/v2\/posts\/10015\/revisions"}],"predecessor-version":[{"id":10018,"href":"https:\/\/laprensacristiana.com\/index.php?rest_route=\/wp\/v2\/posts\/10015\/revisions\/10018"}],"wp:featuredmedia":[{"embeddable":true,"href":"https:\/\/laprensacristiana.com\/index.php?rest_route=\/wp\/v2\/media\/10017"}],"wp:attachment":[{"href":"https:\/\/laprensacristiana.com\/index.php?rest_route=%2Fwp%2Fv2%2Fmedia&parent=10015"}],"wp:term":[{"taxonomy":"category","embeddable":true,"href":"https:\/\/laprensacristiana.com\/index.php?rest_route=%2Fwp%2Fv2%2Fcategories&post=10015"},{"taxonomy":"post_tag","embeddable":true,"href":"https:\/\/laprensacristiana.com\/index.php?rest_route=%2Fwp%2Fv2%2Ftags&post=10015"}],"curies":[{"name":"wp","href":"https:\/\/api.w.org\/{rel}","templated":true}]}}