{"id":10019,"date":"2020-08-15T16:50:27","date_gmt":"2020-08-15T16:50:27","guid":{"rendered":"https:\/\/laprensacristiana.com\/?p=10019"},"modified":"2020-08-15T16:50:31","modified_gmt":"2020-08-15T16:50:31","slug":"discriminacion-en-tiempos-de-covid-19","status":"publish","type":"post","link":"https:\/\/laprensacristiana.com\/?p=10019","title":{"rendered":"Discriminaci\u00f3n en tiempos de Covid -19"},"content":{"rendered":"\n<p><br>El Salvador es un pa\u00eds que hist\u00f3ricamente ha sido conocido por la nobleza y laboriosidad de su gente, en nuestro contexto actual estas caracter\u00edsticas han sido confrontadas por un virus que no solo destruye las defensas del cuerpo sino tambi\u00e9n puede deformar nuestros patrones de conducta o destruir nuestras buenas costumbres para con el pr\u00f3jimo.<br>En el mes de marzo cuando se conoci\u00f3 el primer caso confirmado de Covid-19, vimos frente a nosotros un fen\u00f3meno del que no sabr\u00edamos su evoluci\u00f3n, y no me refiero a la enfermedad en s\u00ed, m\u00e1s bien a la actitud de intolerancia y discriminaci\u00f3n que este primer individuo fue expuesto, aunque su identidad parec\u00eda estar en el anonimato, bastaron un par de horas para que las redes sociales descargaran su furia contra \u00e9l. No nos imaginamos que tal acto serie solo la punta del iceberg.<br>Semanas m\u00e1s tarde cuando comenzaron a avanzar los casos de contagiados, tambi\u00e9n avanzo la culpabilizaci\u00f3n hacia las personas por contraerlo. En el escenario actual impera la discriminaci\u00f3n, al hacer p\u00fablico el contagio de Covid-19, estamos claros que por razones de seguridad no se puede brindar el acompa\u00f1amiento directo, pero se comienza a vivir rechazo por parte del entorno, en colonias personas han sido aisladas, casas han sido cercadas por los vecinos, se han colocado r\u00f3tulos expresando que en la casa #25 hay un contagio y otros han sido expulsadas del vecindario.<br>Suficientemente dif\u00edcil es para muchas personas el saber que tienen una enfermedad o que el familiar ha fallecido, aun tomando todas las medidas. El rechazo y la marginaci\u00f3n est\u00e1n dejando cicatrices muy profundas.<br>Esto tambi\u00e9n ha alcanzado a las personas que est\u00e1n en la primera l\u00ednea de batalla frente a la pandemia, los tales no son tratados como h\u00e9roes sino como villanos, en honor de su funci\u00f3n se esfuerzan por dar lo mejor de s\u00ed, y el n\u00famero de bajas dentro del gremio ya se cuenta por decenas, muchos han tenido que aislarse de su n\u00facleo familiar por amor a cuidarlos y protegerlos, sumado a su valiente esfuerzo es visible el desprecio al que se enfrentan cuando asisten a un banco, a un supermercado etc. Son personas que poseen las mismas necesidades de adquisici\u00f3n de insumos b\u00e1sicos como todos los dem\u00e1s y no se les debe segregar en virtud de su profesi\u00f3n.<br>Con el incremento de casos contagiados se ha incrementado el odio, un odio que al principio pareci\u00f3 ser una simple expresi\u00f3n en redes sociales, y un mecanismo de desahogo de las personas, pero que se materializ\u00f3, y hoy se debe buscar la cura para el Covid-19 pero tambi\u00e9n la cura para todos los sentimientos negativos que est\u00e1n carcomiendo la conciencia del ser humano.<br>Traigo a memoria a Jes\u00fas y su v\u00ednculo con los enfermos, su actitud siempre fue compasiva, en su camino a Jerusal\u00e9n se encontr\u00f3 a diez leprosos, la enfermedad repudiada en la \u00e9poca, aunque la sociedad los rechaz\u00f3, Jes\u00fas nunca lo hizo, en este tiempo es nuestro deber seguir los pasos del maestro, desechemos de nosotros toda actitud de aislar a nuestro pr\u00f3jimo y sembremos compasi\u00f3n y brindemos esperanza a los dem\u00e1s.<\/p>\n","protected":false},"excerpt":{"rendered":"<p>El Salvador es un pa\u00eds que hist\u00f3ricamente ha sido conocido por la nobleza y laboriosidad de su gente, en nuestro contexto actual estas caracter\u00edsticas han sido confrontadas por un virus que no solo destruye las defensas del cuerpo sino tambi\u00e9n puede deformar nuestros patrones de conducta o destruir nuestras buenas costumbres para con el pr\u00f3jimo.En [&hellip;]<\/p>\n","protected":false},"author":3,"featured_media":9965,"comment_status":"open","ping_status":"open","sticky":false,"template":"","format":"standard","meta":[],"categories":[23],"tags":[],"yoast_head":"<!-- This site is optimized with the Yoast SEO plugin v20.8 - https:\/\/yoast.com\/wordpress\/plugins\/seo\/ -->\n<title>Discriminaci\u00f3n en tiempos de Covid -19 - La Prensa Cristiana<\/title>\n<meta name=\"robots\" content=\"index, follow, max-snippet:-1, max-image-preview:large, max-video-preview:-1\" \/>\n<link rel=\"canonical\" href=\"https:\/\/laprensacristiana.com\/?p=10019\" \/>\n<meta property=\"og:locale\" content=\"es_ES\" \/>\n<meta property=\"og:type\" content=\"article\" \/>\n<meta property=\"og:title\" content=\"Discriminaci\u00f3n en tiempos de Covid -19 - La Prensa Cristiana\" \/>\n<meta property=\"og:description\" content=\"El Salvador es un pa\u00eds que hist\u00f3ricamente ha sido conocido por la nobleza y laboriosidad de su gente, en nuestro contexto actual estas caracter\u00edsticas han sido confrontadas por un virus que no solo destruye las defensas del cuerpo sino tambi\u00e9n puede deformar nuestros patrones de conducta o destruir nuestras buenas costumbres para con el pr\u00f3jimo.En [&hellip;]\" \/>\n<meta property=\"og:url\" content=\"https:\/\/laprensacristiana.com\/?p=10019\" \/>\n<meta property=\"og:site_name\" content=\"La Prensa Cristiana\" \/>\n<meta property=\"article:published_time\" content=\"2020-08-15T16:50:27+00:00\" \/>\n<meta property=\"article:modified_time\" content=\"2020-08-15T16:50:31+00:00\" \/>\n<meta property=\"og:image\" content=\"https:\/\/laprensacristiana.com\/wp-content\/uploads\/2020\/08\/IMG-20200806-WA0055.jpg\" \/>\n\t<meta property=\"og:image:width\" content=\"776\" \/>\n\t<meta property=\"og:image:height\" content=\"393\" \/>\n\t<meta property=\"og:image:type\" content=\"image\/jpeg\" \/>\n<meta name=\"author\" content=\"EDITOR\" \/>\n<meta name=\"twitter:card\" content=\"summary_large_image\" \/>\n<meta name=\"twitter:label1\" content=\"Escrito por\" \/>\n\t<meta name=\"twitter:data1\" content=\"EDITOR\" \/>\n\t<meta name=\"twitter:label2\" content=\"Tiempo de lectura\" \/>\n\t<meta name=\"twitter:data2\" content=\"3 minutos\" \/>\n<script type=\"application\/ld+json\" class=\"yoast-schema-graph\">{\"@context\":\"https:\/\/schema.org\",\"@graph\":[{\"@type\":\"WebPage\",\"@id\":\"https:\/\/laprensacristiana.com\/?p=10019\",\"url\":\"https:\/\/laprensacristiana.com\/?p=10019\",\"name\":\"Discriminaci\u00f3n en tiempos de Covid -19 - La Prensa Cristiana\",\"isPartOf\":{\"@id\":\"https:\/\/laprensacristiana.com\/#website\"},\"datePublished\":\"2020-08-15T16:50:27+00:00\",\"dateModified\":\"2020-08-15T16:50:31+00:00\",\"author\":{\"@id\":\"https:\/\/laprensacristiana.com\/#\/schema\/person\/3e7d82c6bfd6b1fa67010f8f7cd5256e\"},\"breadcrumb\":{\"@id\":\"https:\/\/laprensacristiana.com\/?p=10019#breadcrumb\"},\"inLanguage\":\"es\",\"potentialAction\":[{\"@type\":\"ReadAction\",\"target\":[\"https:\/\/laprensacristiana.com\/?p=10019\"]}]},{\"@type\":\"BreadcrumbList\",\"@id\":\"https:\/\/laprensacristiana.com\/?p=10019#breadcrumb\",\"itemListElement\":[{\"@type\":\"ListItem\",\"position\":1,\"name\":\"Portada\",\"item\":\"https:\/\/laprensacristiana.com\/\"},{\"@type\":\"ListItem\",\"position\":2,\"name\":\"Discriminaci\u00f3n en tiempos de Covid -19\"}]},{\"@type\":\"WebSite\",\"@id\":\"https:\/\/laprensacristiana.com\/#website\",\"url\":\"https:\/\/laprensacristiana.com\/\",\"name\":\"La Prensa Cristiana\",\"description\":\"Anunciando Las Buenas Nuevas\",\"potentialAction\":[{\"@type\":\"SearchAction\",\"target\":{\"@type\":\"EntryPoint\",\"urlTemplate\":\"https:\/\/laprensacristiana.com\/?s={search_term_string}\"},\"query-input\":\"required name=search_term_string\"}],\"inLanguage\":\"es\"},{\"@type\":\"Person\",\"@id\":\"https:\/\/laprensacristiana.com\/#\/schema\/person\/3e7d82c6bfd6b1fa67010f8f7cd5256e\",\"name\":\"EDITOR\",\"image\":{\"@type\":\"ImageObject\",\"inLanguage\":\"es\",\"@id\":\"https:\/\/laprensacristiana.com\/#\/schema\/person\/image\/\",\"url\":\"https:\/\/secure.gravatar.com\/avatar\/72069dfb6c13772d9e8381e3638666d2?s=96&d=mm&r=g\",\"contentUrl\":\"https:\/\/secure.gravatar.com\/avatar\/72069dfb6c13772d9e8381e3638666d2?s=96&d=mm&r=g\",\"caption\":\"EDITOR\"},\"url\":\"https:\/\/laprensacristiana.com\/?author=3\"}]}<\/script>\n<!-- \/ Yoast SEO plugin. -->","yoast_head_json":{"title":"Discriminaci\u00f3n en tiempos de Covid -19 - La Prensa Cristiana","robots":{"index":"index","follow":"follow","max-snippet":"max-snippet:-1","max-image-preview":"max-image-preview:large","max-video-preview":"max-video-preview:-1"},"canonical":"https:\/\/laprensacristiana.com\/?p=10019","og_locale":"es_ES","og_type":"article","og_title":"Discriminaci\u00f3n en tiempos de Covid -19 - La Prensa Cristiana","og_description":"El Salvador es un pa\u00eds que hist\u00f3ricamente ha sido conocido por la nobleza y laboriosidad de su gente, en nuestro contexto actual estas caracter\u00edsticas han sido confrontadas por un virus que no solo destruye las defensas del cuerpo sino tambi\u00e9n puede deformar nuestros patrones de conducta o destruir nuestras buenas costumbres para con el pr\u00f3jimo.En [&hellip;]","og_url":"https:\/\/laprensacristiana.com\/?p=10019","og_site_name":"La Prensa Cristiana","article_published_time":"2020-08-15T16:50:27+00:00","article_modified_time":"2020-08-15T16:50:31+00:00","og_image":[{"width":776,"height":393,"url":"https:\/\/laprensacristiana.com\/wp-content\/uploads\/2020\/08\/IMG-20200806-WA0055.jpg","type":"image\/jpeg"}],"author":"EDITOR","twitter_card":"summary_large_image","twitter_misc":{"Escrito por":"EDITOR","Tiempo de lectura":"3 minutos"},"schema":{"@context":"https:\/\/schema.org","@graph":[{"@type":"WebPage","@id":"https:\/\/laprensacristiana.com\/?p=10019","url":"https:\/\/laprensacristiana.com\/?p=10019","name":"Discriminaci\u00f3n en tiempos de Covid -19 - La Prensa Cristiana","isPartOf":{"@id":"https:\/\/laprensacristiana.com\/#website"},"datePublished":"2020-08-15T16:50:27+00:00","dateModified":"2020-08-15T16:50:31+00:00","author":{"@id":"https:\/\/laprensacristiana.com\/#\/schema\/person\/3e7d82c6bfd6b1fa67010f8f7cd5256e"},"breadcrumb":{"@id":"https:\/\/laprensacristiana.com\/?p=10019#breadcrumb"},"inLanguage":"es","potentialAction":[{"@type":"ReadAction","target":["https:\/\/laprensacristiana.com\/?p=10019"]}]},{"@type":"BreadcrumbList","@id":"https:\/\/laprensacristiana.com\/?p=10019#breadcrumb","itemListElement":[{"@type":"ListItem","position":1,"name":"Portada","item":"https:\/\/laprensacristiana.com\/"},{"@type":"ListItem","position":2,"name":"Discriminaci\u00f3n en tiempos de Covid -19"}]},{"@type":"WebSite","@id":"https:\/\/laprensacristiana.com\/#website","url":"https:\/\/laprensacristiana.com\/","name":"La Prensa Cristiana","description":"Anunciando Las Buenas Nuevas","potentialAction":[{"@type":"SearchAction","target":{"@type":"EntryPoint","urlTemplate":"https:\/\/laprensacristiana.com\/?s={search_term_string}"},"query-input":"required name=search_term_string"}],"inLanguage":"es"},{"@type":"Person","@id":"https:\/\/laprensacristiana.com\/#\/schema\/person\/3e7d82c6bfd6b1fa67010f8f7cd5256e","name":"EDITOR","image":{"@type":"ImageObject","inLanguage":"es","@id":"https:\/\/laprensacristiana.com\/#\/schema\/person\/image\/","url":"https:\/\/secure.gravatar.com\/avatar\/72069dfb6c13772d9e8381e3638666d2?s=96&d=mm&r=g","contentUrl":"https:\/\/secure.gravatar.com\/avatar\/72069dfb6c13772d9e8381e3638666d2?s=96&d=mm&r=g","caption":"EDITOR"},"url":"https:\/\/laprensacristiana.com\/?author=3"}]}},"_links":{"self":[{"href":"https:\/\/laprensacristiana.com\/index.php?rest_route=\/wp\/v2\/posts\/10019"}],"collection":[{"href":"https:\/\/laprensacristiana.com\/index.php?rest_route=\/wp\/v2\/posts"}],"about":[{"href":"https:\/\/laprensacristiana.com\/index.php?rest_route=\/wp\/v2\/types\/post"}],"author":[{"embeddable":true,"href":"https:\/\/laprensacristiana.com\/index.php?rest_route=\/wp\/v2\/users\/3"}],"replies":[{"embeddable":true,"href":"https:\/\/laprensacristiana.com\/index.php?rest_route=%2Fwp%2Fv2%2Fcomments&post=10019"}],"version-history":[{"count":1,"href":"https:\/\/laprensacristiana.com\/index.php?rest_route=\/wp\/v2\/posts\/10019\/revisions"}],"predecessor-version":[{"id":10020,"href":"https:\/\/laprensacristiana.com\/index.php?rest_route=\/wp\/v2\/posts\/10019\/revisions\/10020"}],"wp:featuredmedia":[{"embeddable":true,"href":"https:\/\/laprensacristiana.com\/index.php?rest_route=\/wp\/v2\/media\/9965"}],"wp:attachment":[{"href":"https:\/\/laprensacristiana.com\/index.php?rest_route=%2Fwp%2Fv2%2Fmedia&parent=10019"}],"wp:term":[{"taxonomy":"category","embeddable":true,"href":"https:\/\/laprensacristiana.com\/index.php?rest_route=%2Fwp%2Fv2%2Fcategories&post=10019"},{"taxonomy":"post_tag","embeddable":true,"href":"https:\/\/laprensacristiana.com\/index.php?rest_route=%2Fwp%2Fv2%2Ftags&post=10019"}],"curies":[{"name":"wp","href":"https:\/\/api.w.org\/{rel}","templated":true}]}}