{"id":10043,"date":"2020-08-19T13:35:21","date_gmt":"2020-08-19T13:35:21","guid":{"rendered":"https:\/\/laprensacristiana.com\/?p=10043"},"modified":"2020-08-19T13:35:24","modified_gmt":"2020-08-19T13:35:24","slug":"presidente-bukele-nos-humillamos-doblamos-nuestra-rodilla-y-le-pedimos-a-dios-que-sanara-nuestra-tierra","status":"publish","type":"post","link":"https:\/\/laprensacristiana.com\/?p=10043","title":{"rendered":"Presidente Bukele: \u00abNos humillamos, doblamos nuestra rodilla y le pedimos a Dios que sanara nuestra tierra\u00bb"},"content":{"rendered":"\n<p>El presidente de la republica de El Salvador Nayib Bukele expres\u00f3 hoy a trav\u00e9s de una publicaci\u00f3n en sus redes sociales la baja de contagios de Covid-19,\u00a0 segun sus palabras esto comenz\u00f3 a suceder despues de la declaratoria de Dia Nacional de Oraci\u00f3n por el cese de la pandemia el pasado lunes 10 de agosto.<\/p>\n\n\n\n<p>\u00ab9 d\u00edas continuos de bajas en nuevos contagios detectados.<\/p>\n\n\n\n<p>Algunos dir\u00e1n que el arduo trabajo, las medidas y las estrategias&nbsp; est\u00e1n funcionando, y creo que tienen algo de raz\u00f3n.<\/p>\n\n\n\n<p>Otros dir\u00e1n que es gracias a todo nuestro personal de primera l\u00ednea (trabajadores de la salud, polic\u00edas, soldados, etc.), y creo que tambi\u00e9n tienen algo de raz\u00f3n.<\/p>\n\n\n\n<p>Otros dir\u00e1n que es un logro de todos los salvadore\u00f1os, al tomar medidas de protecci\u00f3n, usar mascarilla, lavarse las manos, guardar distanciamiento social y seguir las recomendaciones del Gobierno, y estoy seguro de que tambi\u00e9n tienen algo de raz\u00f3n.<\/p>\n\n\n\n<p>Pero hay una realizad innegable, los contagios iban hacia arriba, nada parec\u00eda detenerlos. Termin\u00e9 la m\u00e1s reciente Cadena Nacional de Radio y Televisi\u00f3n y me recibieron al final, con unas cifras terribles, con el n\u00famero m\u00e1s alto en contagios detectados en un solo d\u00eda, desde el inicio de la pandemia\u2026<\/p>\n\n\n\n<p>El d\u00eda siguiente fue el D\u00eda Nacional de Oraci\u00f3n. Nos humillamos, doblamos nuestra rodilla y le pedimos a Dios que sanara nuestra tierra. Ese d\u00eda, empezaron a bajar los contagios, y no ha parado de bajar desde entonces.<\/p>\n\n\n\n<p>No me mal interpreten, respeto la ciencia; y la medicina y la estad\u00edstica son dos ciencias con minuciosos est\u00e1ndares de aplicaci\u00f3n y an\u00e1lisis. Pero tambi\u00e9n soy un hombre creyente y estoy seguro, que estas cifras no son coincidencia.<\/p>\n\n\n\n<p>Ahora, a seguir cuid\u00e1ndonos lo m\u00e1s posible, para que los contagios bajen m\u00e1s y m\u00e1s. No tentemos a Dios y respetemos las reglas.<\/p>\n\n\n\n<p>Todos sabemos como cuidarnos de este virus. Hag\u00e1moslo y seamos instrumentos, para que Dios obre en nuestra naci\u00f3n.<\/p>\n\n\n\n<p>Y sigamos orando. \u00bfQu\u00e9 m\u00e1s prueba queremos?\u00bbconcluy\u00f3 el presidente Bukele.<\/p>\n","protected":false},"excerpt":{"rendered":"<p>El presidente de la republica de El Salvador Nayib Bukele expres\u00f3 hoy a trav\u00e9s de una publicaci\u00f3n en sus redes sociales la baja de contagios de Covid-19,\u00a0 segun sus palabras esto comenz\u00f3 a suceder despues de la declaratoria de Dia Nacional de Oraci\u00f3n por el cese de la pandemia el pasado lunes 10 de agosto. [&hellip;]<\/p>\n","protected":false},"author":3,"featured_media":10044,"comment_status":"open","ping_status":"open","sticky":false,"template":"","format":"standard","meta":[],"categories":[56],"tags":[],"yoast_head":"<!-- This site is optimized with the Yoast SEO plugin v20.8 - https:\/\/yoast.com\/wordpress\/plugins\/seo\/ -->\n<title>Presidente Bukele: &quot;Nos humillamos, doblamos nuestra rodilla y le pedimos a Dios que sanara nuestra tierra&quot; - La Prensa Cristiana<\/title>\n<meta name=\"robots\" content=\"index, follow, max-snippet:-1, max-image-preview:large, max-video-preview:-1\" \/>\n<link rel=\"canonical\" href=\"https:\/\/laprensacristiana.com\/?p=10043\" \/>\n<meta property=\"og:locale\" content=\"es_ES\" \/>\n<meta property=\"og:type\" content=\"article\" \/>\n<meta property=\"og:title\" content=\"Presidente Bukele: &quot;Nos humillamos, doblamos nuestra rodilla y le pedimos a Dios que sanara nuestra tierra&quot; - La Prensa Cristiana\" \/>\n<meta property=\"og:description\" content=\"El presidente de la republica de El Salvador Nayib Bukele expres\u00f3 hoy a trav\u00e9s de una publicaci\u00f3n en sus redes sociales la baja de contagios de Covid-19,\u00a0 segun sus palabras esto comenz\u00f3 a suceder despues de la declaratoria de Dia Nacional de Oraci\u00f3n por el cese de la pandemia el pasado lunes 10 de agosto. [&hellip;]\" \/>\n<meta property=\"og:url\" content=\"https:\/\/laprensacristiana.com\/?p=10043\" \/>\n<meta property=\"og:site_name\" content=\"La Prensa Cristiana\" \/>\n<meta property=\"article:published_time\" content=\"2020-08-19T13:35:21+00:00\" \/>\n<meta property=\"article:modified_time\" content=\"2020-08-19T13:35:24+00:00\" \/>\n<meta property=\"og:image\" content=\"https:\/\/laprensacristiana.com\/wp-content\/uploads\/2020\/08\/FB_IMG_1597843086734.jpg\" \/>\n\t<meta property=\"og:image:width\" content=\"720\" \/>\n\t<meta property=\"og:image:height\" content=\"304\" \/>\n\t<meta property=\"og:image:type\" content=\"image\/jpeg\" \/>\n<meta name=\"author\" content=\"EDITOR\" \/>\n<meta name=\"twitter:card\" content=\"summary_large_image\" \/>\n<meta name=\"twitter:label1\" content=\"Escrito por\" \/>\n\t<meta name=\"twitter:data1\" content=\"EDITOR\" \/>\n\t<meta name=\"twitter:label2\" content=\"Tiempo de lectura\" \/>\n\t<meta name=\"twitter:data2\" content=\"2 minutos\" \/>\n<script type=\"application\/ld+json\" class=\"yoast-schema-graph\">{\"@context\":\"https:\/\/schema.org\",\"@graph\":[{\"@type\":\"WebPage\",\"@id\":\"https:\/\/laprensacristiana.com\/?p=10043\",\"url\":\"https:\/\/laprensacristiana.com\/?p=10043\",\"name\":\"Presidente Bukele: \\\"Nos humillamos, doblamos nuestra rodilla y le pedimos a Dios que sanara nuestra tierra\\\" - La Prensa Cristiana\",\"isPartOf\":{\"@id\":\"https:\/\/laprensacristiana.com\/#website\"},\"datePublished\":\"2020-08-19T13:35:21+00:00\",\"dateModified\":\"2020-08-19T13:35:24+00:00\",\"author\":{\"@id\":\"https:\/\/laprensacristiana.com\/#\/schema\/person\/3e7d82c6bfd6b1fa67010f8f7cd5256e\"},\"breadcrumb\":{\"@id\":\"https:\/\/laprensacristiana.com\/?p=10043#breadcrumb\"},\"inLanguage\":\"es\",\"potentialAction\":[{\"@type\":\"ReadAction\",\"target\":[\"https:\/\/laprensacristiana.com\/?p=10043\"]}]},{\"@type\":\"BreadcrumbList\",\"@id\":\"https:\/\/laprensacristiana.com\/?p=10043#breadcrumb\",\"itemListElement\":[{\"@type\":\"ListItem\",\"position\":1,\"name\":\"Portada\",\"item\":\"https:\/\/laprensacristiana.com\/\"},{\"@type\":\"ListItem\",\"position\":2,\"name\":\"Presidente Bukele: \u00abNos humillamos, doblamos nuestra rodilla y le pedimos a Dios que sanara nuestra tierra\u00bb\"}]},{\"@type\":\"WebSite\",\"@id\":\"https:\/\/laprensacristiana.com\/#website\",\"url\":\"https:\/\/laprensacristiana.com\/\",\"name\":\"La Prensa Cristiana\",\"description\":\"Anunciando Las Buenas Nuevas\",\"potentialAction\":[{\"@type\":\"SearchAction\",\"target\":{\"@type\":\"EntryPoint\",\"urlTemplate\":\"https:\/\/laprensacristiana.com\/?s={search_term_string}\"},\"query-input\":\"required name=search_term_string\"}],\"inLanguage\":\"es\"},{\"@type\":\"Person\",\"@id\":\"https:\/\/laprensacristiana.com\/#\/schema\/person\/3e7d82c6bfd6b1fa67010f8f7cd5256e\",\"name\":\"EDITOR\",\"image\":{\"@type\":\"ImageObject\",\"inLanguage\":\"es\",\"@id\":\"https:\/\/laprensacristiana.com\/#\/schema\/person\/image\/\",\"url\":\"https:\/\/secure.gravatar.com\/avatar\/72069dfb6c13772d9e8381e3638666d2?s=96&d=mm&r=g\",\"contentUrl\":\"https:\/\/secure.gravatar.com\/avatar\/72069dfb6c13772d9e8381e3638666d2?s=96&d=mm&r=g\",\"caption\":\"EDITOR\"},\"url\":\"https:\/\/laprensacristiana.com\/?author=3\"}]}<\/script>\n<!-- \/ Yoast SEO plugin. -->","yoast_head_json":{"title":"Presidente Bukele: \"Nos humillamos, doblamos nuestra rodilla y le pedimos a Dios que sanara nuestra tierra\" - La Prensa Cristiana","robots":{"index":"index","follow":"follow","max-snippet":"max-snippet:-1","max-image-preview":"max-image-preview:large","max-video-preview":"max-video-preview:-1"},"canonical":"https:\/\/laprensacristiana.com\/?p=10043","og_locale":"es_ES","og_type":"article","og_title":"Presidente Bukele: \"Nos humillamos, doblamos nuestra rodilla y le pedimos a Dios que sanara nuestra tierra\" - La Prensa Cristiana","og_description":"El presidente de la republica de El Salvador Nayib Bukele expres\u00f3 hoy a trav\u00e9s de una publicaci\u00f3n en sus redes sociales la baja de contagios de Covid-19,\u00a0 segun sus palabras esto comenz\u00f3 a suceder despues de la declaratoria de Dia Nacional de Oraci\u00f3n por el cese de la pandemia el pasado lunes 10 de agosto. [&hellip;]","og_url":"https:\/\/laprensacristiana.com\/?p=10043","og_site_name":"La Prensa Cristiana","article_published_time":"2020-08-19T13:35:21+00:00","article_modified_time":"2020-08-19T13:35:24+00:00","og_image":[{"width":720,"height":304,"url":"https:\/\/laprensacristiana.com\/wp-content\/uploads\/2020\/08\/FB_IMG_1597843086734.jpg","type":"image\/jpeg"}],"author":"EDITOR","twitter_card":"summary_large_image","twitter_misc":{"Escrito por":"EDITOR","Tiempo de lectura":"2 minutos"},"schema":{"@context":"https:\/\/schema.org","@graph":[{"@type":"WebPage","@id":"https:\/\/laprensacristiana.com\/?p=10043","url":"https:\/\/laprensacristiana.com\/?p=10043","name":"Presidente Bukele: \"Nos humillamos, doblamos nuestra rodilla y le pedimos a Dios que sanara nuestra tierra\" - La Prensa Cristiana","isPartOf":{"@id":"https:\/\/laprensacristiana.com\/#website"},"datePublished":"2020-08-19T13:35:21+00:00","dateModified":"2020-08-19T13:35:24+00:00","author":{"@id":"https:\/\/laprensacristiana.com\/#\/schema\/person\/3e7d82c6bfd6b1fa67010f8f7cd5256e"},"breadcrumb":{"@id":"https:\/\/laprensacristiana.com\/?p=10043#breadcrumb"},"inLanguage":"es","potentialAction":[{"@type":"ReadAction","target":["https:\/\/laprensacristiana.com\/?p=10043"]}]},{"@type":"BreadcrumbList","@id":"https:\/\/laprensacristiana.com\/?p=10043#breadcrumb","itemListElement":[{"@type":"ListItem","position":1,"name":"Portada","item":"https:\/\/laprensacristiana.com\/"},{"@type":"ListItem","position":2,"name":"Presidente Bukele: \u00abNos humillamos, doblamos nuestra rodilla y le pedimos a Dios que sanara nuestra tierra\u00bb"}]},{"@type":"WebSite","@id":"https:\/\/laprensacristiana.com\/#website","url":"https:\/\/laprensacristiana.com\/","name":"La Prensa Cristiana","description":"Anunciando Las Buenas Nuevas","potentialAction":[{"@type":"SearchAction","target":{"@type":"EntryPoint","urlTemplate":"https:\/\/laprensacristiana.com\/?s={search_term_string}"},"query-input":"required name=search_term_string"}],"inLanguage":"es"},{"@type":"Person","@id":"https:\/\/laprensacristiana.com\/#\/schema\/person\/3e7d82c6bfd6b1fa67010f8f7cd5256e","name":"EDITOR","image":{"@type":"ImageObject","inLanguage":"es","@id":"https:\/\/laprensacristiana.com\/#\/schema\/person\/image\/","url":"https:\/\/secure.gravatar.com\/avatar\/72069dfb6c13772d9e8381e3638666d2?s=96&d=mm&r=g","contentUrl":"https:\/\/secure.gravatar.com\/avatar\/72069dfb6c13772d9e8381e3638666d2?s=96&d=mm&r=g","caption":"EDITOR"},"url":"https:\/\/laprensacristiana.com\/?author=3"}]}},"_links":{"self":[{"href":"https:\/\/laprensacristiana.com\/index.php?rest_route=\/wp\/v2\/posts\/10043"}],"collection":[{"href":"https:\/\/laprensacristiana.com\/index.php?rest_route=\/wp\/v2\/posts"}],"about":[{"href":"https:\/\/laprensacristiana.com\/index.php?rest_route=\/wp\/v2\/types\/post"}],"author":[{"embeddable":true,"href":"https:\/\/laprensacristiana.com\/index.php?rest_route=\/wp\/v2\/users\/3"}],"replies":[{"embeddable":true,"href":"https:\/\/laprensacristiana.com\/index.php?rest_route=%2Fwp%2Fv2%2Fcomments&post=10043"}],"version-history":[{"count":1,"href":"https:\/\/laprensacristiana.com\/index.php?rest_route=\/wp\/v2\/posts\/10043\/revisions"}],"predecessor-version":[{"id":10045,"href":"https:\/\/laprensacristiana.com\/index.php?rest_route=\/wp\/v2\/posts\/10043\/revisions\/10045"}],"wp:featuredmedia":[{"embeddable":true,"href":"https:\/\/laprensacristiana.com\/index.php?rest_route=\/wp\/v2\/media\/10044"}],"wp:attachment":[{"href":"https:\/\/laprensacristiana.com\/index.php?rest_route=%2Fwp%2Fv2%2Fmedia&parent=10043"}],"wp:term":[{"taxonomy":"category","embeddable":true,"href":"https:\/\/laprensacristiana.com\/index.php?rest_route=%2Fwp%2Fv2%2Fcategories&post=10043"},{"taxonomy":"post_tag","embeddable":true,"href":"https:\/\/laprensacristiana.com\/index.php?rest_route=%2Fwp%2Fv2%2Ftags&post=10043"}],"curies":[{"name":"wp","href":"https:\/\/api.w.org\/{rel}","templated":true}]}}