{"id":10046,"date":"2020-08-19T18:21:30","date_gmt":"2020-08-19T18:21:30","guid":{"rendered":"https:\/\/laprensacristiana.com\/?p=10046"},"modified":"2020-08-19T18:21:33","modified_gmt":"2020-08-19T18:21:33","slug":"el-dolor-parte-iii","status":"publish","type":"post","link":"https:\/\/laprensacristiana.com\/?p=10046","title":{"rendered":"El dolor (parte III)"},"content":{"rendered":"\n<p>Si a usted le dijeron que despu\u00e9s de convertirse al Se\u00f1or su vida iba a ir viento en popa, que ya no iban a haber vientos contrarios, que todo cambiaba para que usted viviera sin problemas de vicios, de amenazas de enfermedades y violencia callejera, a ustedes, mis amigos, los enga\u00f1aron. Porque sabemos que el Se\u00f1or no nos encontr\u00f3 en una cuna de oro. Nos encontr\u00f3 viviendo en el fango de la soledad, las enfermedades y soportando hambre y menosprecio de otros. Est\u00e1bamos enfermos. Enfermos de deudas, de tristeza y decepci\u00f3n. La vida se nos hacia cuesta arriba para muchos de nosotros que trabaj\u00e1bamos de sol a sol sin poder salir de nuestra situaci\u00f3n de verg\u00fcenza y humillaci\u00f3n. Necesit\u00e1bamos urgentemente una Mano que nos consolara y pusiera b\u00e1lsamo en nuestras heridas como el samaritano que atendi\u00f3 al herido de la par\u00e0bola de Jesus.<\/p>\n\n\n\n<p>Tanto usted como yo y todos los miles que hemos aceptado al Se\u00f1or como Maestro, Salvador y Redentor, despu\u00e9s de haber hecho nuestra confesi\u00f3n de fe, lo que realmente necesitamos no es prosperidad. Esa promesa queda para despu\u00e9s. \u00bfDespu\u00e9s de que? De ser sanados. Porque no es un secreto que todos los que llegamos al Se\u00f1or llegamos enfermos, desamparados, necesitados de su b\u00e1lsamo, necesitados de ser restaurados a nuestro estado original de ser sanos, vigorosos y fuertes para soportar las adversidades de la vida. Y aun as\u00ed, no es un secreto que muchos cristianos han cometido suicidio porque no han comprendido que la \u00fanica sanidad del alma viene de la Palabra del Se\u00f1or. Lo que busca Jesus hacer en nosotros no es solo darnos la salvaci\u00f3n pero tambi\u00e9n la libertad de vivir plenamente para que seamos sus testigos y mensajeros para que otros anhelen conocerlo.<\/p>\n\n\n\n<p>\u00bfQue fue lo que encontr\u00f3 Jesus cuando vino a vivir en la tierra? \u00bfQue era lo que m\u00e0s abundaba en Israel y sus contornos? No fue bienestar. No fue paz como el pueblo la necesitaba. No fue abundancia de bienes. Lo que encontr\u00f3 fue pobreza, enfermedad, tristeza y un sentido de abandono. Igual que hoy. En ese estado est\u00e1bamos muchos de nosotros. Entonces, lo primero que Jesus hizo con el pueblo fue sanarlos. \u00bfNo se han preguntado ustedes por qu\u00e9 Jesus san\u00f3 tantos leprosos? Porque la lepra era la figura central del sufrimiento humano. Los leprosos no pod\u00edan estar con sus familias. Eran tenidos como inmundos. Nadie los quer\u00eda cerca. La sociedad los desechaba. Aun los pobres los aborrec\u00edan. Eran los parias de la vida. Los invisibles. No exist\u00edan para el gobierno ni los sacerdotes. No pod\u00edan entrar al Templo a orar. Ten\u00edan prohibido ser tocados, abrazados y amados. Eran escoria. El summum del dolor humano.<\/p>\n\n\n\n<p>As\u00ed que lo primero que Jesus hizo con ellos fue tocarlos. \u201cY toc\u00e1ndolo le dijo\u2026\u201d. \u00bfPor qu\u00e8 tocarlos? Porque nadie los hacia sentir seres vivos. Porque lo que m\u00e0s necesitamos todos es un abrazo, un beso, una caricia, un peque\u00f1o toque de amor y ternura. \u00bfQuita eso el dolor del mundo? \u00a1No!, pero si quita NUESTRO dolor. Y eso es lo que realmente le importa al Se\u00f1or. Es por eso que dijo: \u201cEn el mundo tendr\u00e9is aflicci\u00f3n, pero confiad\u2026\u201d La diferencia entre los que sufren en el mundo y nosotros que tambi\u00e9n sufrimos es abismal: Nosotros tenemos al Se\u00f1or, los otros tienen que llevar su propio dolor. \u00bfNo les parece maravilloso saber esto?<\/p>\n\n\n\n<p>SOLI DEO GLORIA<\/p>\n","protected":false},"excerpt":{"rendered":"<p>Si a usted le dijeron que despu\u00e9s de convertirse al Se\u00f1or su vida iba a ir viento en popa, que ya no iban a haber vientos contrarios, que todo cambiaba para que usted viviera sin problemas de vicios, de amenazas de enfermedades y violencia callejera, a ustedes, mis amigos, los enga\u00f1aron. Porque sabemos que el [&hellip;]<\/p>\n","protected":false},"author":3,"featured_media":7949,"comment_status":"open","ping_status":"open","sticky":false,"template":"","format":"standard","meta":[],"categories":[36],"tags":[],"yoast_head":"<!-- This site is optimized with the Yoast SEO plugin v20.8 - https:\/\/yoast.com\/wordpress\/plugins\/seo\/ -->\n<title>El dolor (parte III) - La Prensa Cristiana<\/title>\n<meta name=\"robots\" content=\"index, follow, max-snippet:-1, max-image-preview:large, max-video-preview:-1\" \/>\n<link rel=\"canonical\" href=\"https:\/\/laprensacristiana.com\/?p=10046\" \/>\n<meta property=\"og:locale\" content=\"es_ES\" \/>\n<meta property=\"og:type\" content=\"article\" \/>\n<meta property=\"og:title\" content=\"El dolor (parte III) - La Prensa Cristiana\" \/>\n<meta property=\"og:description\" content=\"Si a usted le dijeron que despu\u00e9s de convertirse al Se\u00f1or su vida iba a ir viento en popa, que ya no iban a haber vientos contrarios, que todo cambiaba para que usted viviera sin problemas de vicios, de amenazas de enfermedades y violencia callejera, a ustedes, mis amigos, los enga\u00f1aron. Porque sabemos que el [&hellip;]\" \/>\n<meta property=\"og:url\" content=\"https:\/\/laprensacristiana.com\/?p=10046\" \/>\n<meta property=\"og:site_name\" content=\"La Prensa Cristiana\" \/>\n<meta property=\"article:published_time\" content=\"2020-08-19T18:21:30+00:00\" \/>\n<meta property=\"article:modified_time\" content=\"2020-08-19T18:21:33+00:00\" \/>\n<meta property=\"og:image\" content=\"https:\/\/laprensacristiana.com\/wp-content\/uploads\/2020\/01\/2017-11-23-PHOTO-00003245-1.jpg\" \/>\n\t<meta property=\"og:image:width\" content=\"1280\" \/>\n\t<meta property=\"og:image:height\" content=\"714\" \/>\n\t<meta property=\"og:image:type\" content=\"image\/jpeg\" \/>\n<meta name=\"author\" content=\"EDITOR\" \/>\n<meta name=\"twitter:card\" content=\"summary_large_image\" \/>\n<meta name=\"twitter:label1\" content=\"Escrito por\" \/>\n\t<meta name=\"twitter:data1\" content=\"EDITOR\" \/>\n\t<meta name=\"twitter:label2\" content=\"Tiempo de lectura\" \/>\n\t<meta name=\"twitter:data2\" content=\"3 minutos\" \/>\n<script type=\"application\/ld+json\" class=\"yoast-schema-graph\">{\"@context\":\"https:\/\/schema.org\",\"@graph\":[{\"@type\":\"WebPage\",\"@id\":\"https:\/\/laprensacristiana.com\/?p=10046\",\"url\":\"https:\/\/laprensacristiana.com\/?p=10046\",\"name\":\"El dolor (parte III) - La Prensa Cristiana\",\"isPartOf\":{\"@id\":\"https:\/\/laprensacristiana.com\/#website\"},\"datePublished\":\"2020-08-19T18:21:30+00:00\",\"dateModified\":\"2020-08-19T18:21:33+00:00\",\"author\":{\"@id\":\"https:\/\/laprensacristiana.com\/#\/schema\/person\/3e7d82c6bfd6b1fa67010f8f7cd5256e\"},\"breadcrumb\":{\"@id\":\"https:\/\/laprensacristiana.com\/?p=10046#breadcrumb\"},\"inLanguage\":\"es\",\"potentialAction\":[{\"@type\":\"ReadAction\",\"target\":[\"https:\/\/laprensacristiana.com\/?p=10046\"]}]},{\"@type\":\"BreadcrumbList\",\"@id\":\"https:\/\/laprensacristiana.com\/?p=10046#breadcrumb\",\"itemListElement\":[{\"@type\":\"ListItem\",\"position\":1,\"name\":\"Portada\",\"item\":\"https:\/\/laprensacristiana.com\/\"},{\"@type\":\"ListItem\",\"position\":2,\"name\":\"El dolor (parte III)\"}]},{\"@type\":\"WebSite\",\"@id\":\"https:\/\/laprensacristiana.com\/#website\",\"url\":\"https:\/\/laprensacristiana.com\/\",\"name\":\"La Prensa Cristiana\",\"description\":\"Anunciando Las Buenas Nuevas\",\"potentialAction\":[{\"@type\":\"SearchAction\",\"target\":{\"@type\":\"EntryPoint\",\"urlTemplate\":\"https:\/\/laprensacristiana.com\/?s={search_term_string}\"},\"query-input\":\"required name=search_term_string\"}],\"inLanguage\":\"es\"},{\"@type\":\"Person\",\"@id\":\"https:\/\/laprensacristiana.com\/#\/schema\/person\/3e7d82c6bfd6b1fa67010f8f7cd5256e\",\"name\":\"EDITOR\",\"image\":{\"@type\":\"ImageObject\",\"inLanguage\":\"es\",\"@id\":\"https:\/\/laprensacristiana.com\/#\/schema\/person\/image\/\",\"url\":\"https:\/\/secure.gravatar.com\/avatar\/72069dfb6c13772d9e8381e3638666d2?s=96&d=mm&r=g\",\"contentUrl\":\"https:\/\/secure.gravatar.com\/avatar\/72069dfb6c13772d9e8381e3638666d2?s=96&d=mm&r=g\",\"caption\":\"EDITOR\"},\"url\":\"https:\/\/laprensacristiana.com\/?author=3\"}]}<\/script>\n<!-- \/ Yoast SEO plugin. -->","yoast_head_json":{"title":"El dolor (parte III) - La Prensa Cristiana","robots":{"index":"index","follow":"follow","max-snippet":"max-snippet:-1","max-image-preview":"max-image-preview:large","max-video-preview":"max-video-preview:-1"},"canonical":"https:\/\/laprensacristiana.com\/?p=10046","og_locale":"es_ES","og_type":"article","og_title":"El dolor (parte III) - La Prensa Cristiana","og_description":"Si a usted le dijeron que despu\u00e9s de convertirse al Se\u00f1or su vida iba a ir viento en popa, que ya no iban a haber vientos contrarios, que todo cambiaba para que usted viviera sin problemas de vicios, de amenazas de enfermedades y violencia callejera, a ustedes, mis amigos, los enga\u00f1aron. Porque sabemos que el [&hellip;]","og_url":"https:\/\/laprensacristiana.com\/?p=10046","og_site_name":"La Prensa Cristiana","article_published_time":"2020-08-19T18:21:30+00:00","article_modified_time":"2020-08-19T18:21:33+00:00","og_image":[{"width":1280,"height":714,"url":"https:\/\/laprensacristiana.com\/wp-content\/uploads\/2020\/01\/2017-11-23-PHOTO-00003245-1.jpg","type":"image\/jpeg"}],"author":"EDITOR","twitter_card":"summary_large_image","twitter_misc":{"Escrito por":"EDITOR","Tiempo de lectura":"3 minutos"},"schema":{"@context":"https:\/\/schema.org","@graph":[{"@type":"WebPage","@id":"https:\/\/laprensacristiana.com\/?p=10046","url":"https:\/\/laprensacristiana.com\/?p=10046","name":"El dolor (parte III) - La Prensa Cristiana","isPartOf":{"@id":"https:\/\/laprensacristiana.com\/#website"},"datePublished":"2020-08-19T18:21:30+00:00","dateModified":"2020-08-19T18:21:33+00:00","author":{"@id":"https:\/\/laprensacristiana.com\/#\/schema\/person\/3e7d82c6bfd6b1fa67010f8f7cd5256e"},"breadcrumb":{"@id":"https:\/\/laprensacristiana.com\/?p=10046#breadcrumb"},"inLanguage":"es","potentialAction":[{"@type":"ReadAction","target":["https:\/\/laprensacristiana.com\/?p=10046"]}]},{"@type":"BreadcrumbList","@id":"https:\/\/laprensacristiana.com\/?p=10046#breadcrumb","itemListElement":[{"@type":"ListItem","position":1,"name":"Portada","item":"https:\/\/laprensacristiana.com\/"},{"@type":"ListItem","position":2,"name":"El dolor (parte III)"}]},{"@type":"WebSite","@id":"https:\/\/laprensacristiana.com\/#website","url":"https:\/\/laprensacristiana.com\/","name":"La Prensa Cristiana","description":"Anunciando Las Buenas Nuevas","potentialAction":[{"@type":"SearchAction","target":{"@type":"EntryPoint","urlTemplate":"https:\/\/laprensacristiana.com\/?s={search_term_string}"},"query-input":"required name=search_term_string"}],"inLanguage":"es"},{"@type":"Person","@id":"https:\/\/laprensacristiana.com\/#\/schema\/person\/3e7d82c6bfd6b1fa67010f8f7cd5256e","name":"EDITOR","image":{"@type":"ImageObject","inLanguage":"es","@id":"https:\/\/laprensacristiana.com\/#\/schema\/person\/image\/","url":"https:\/\/secure.gravatar.com\/avatar\/72069dfb6c13772d9e8381e3638666d2?s=96&d=mm&r=g","contentUrl":"https:\/\/secure.gravatar.com\/avatar\/72069dfb6c13772d9e8381e3638666d2?s=96&d=mm&r=g","caption":"EDITOR"},"url":"https:\/\/laprensacristiana.com\/?author=3"}]}},"_links":{"self":[{"href":"https:\/\/laprensacristiana.com\/index.php?rest_route=\/wp\/v2\/posts\/10046"}],"collection":[{"href":"https:\/\/laprensacristiana.com\/index.php?rest_route=\/wp\/v2\/posts"}],"about":[{"href":"https:\/\/laprensacristiana.com\/index.php?rest_route=\/wp\/v2\/types\/post"}],"author":[{"embeddable":true,"href":"https:\/\/laprensacristiana.com\/index.php?rest_route=\/wp\/v2\/users\/3"}],"replies":[{"embeddable":true,"href":"https:\/\/laprensacristiana.com\/index.php?rest_route=%2Fwp%2Fv2%2Fcomments&post=10046"}],"version-history":[{"count":1,"href":"https:\/\/laprensacristiana.com\/index.php?rest_route=\/wp\/v2\/posts\/10046\/revisions"}],"predecessor-version":[{"id":10047,"href":"https:\/\/laprensacristiana.com\/index.php?rest_route=\/wp\/v2\/posts\/10046\/revisions\/10047"}],"wp:featuredmedia":[{"embeddable":true,"href":"https:\/\/laprensacristiana.com\/index.php?rest_route=\/wp\/v2\/media\/7949"}],"wp:attachment":[{"href":"https:\/\/laprensacristiana.com\/index.php?rest_route=%2Fwp%2Fv2%2Fmedia&parent=10046"}],"wp:term":[{"taxonomy":"category","embeddable":true,"href":"https:\/\/laprensacristiana.com\/index.php?rest_route=%2Fwp%2Fv2%2Fcategories&post=10046"},{"taxonomy":"post_tag","embeddable":true,"href":"https:\/\/laprensacristiana.com\/index.php?rest_route=%2Fwp%2Fv2%2Ftags&post=10046"}],"curies":[{"name":"wp","href":"https:\/\/api.w.org\/{rel}","templated":true}]}}