{"id":10060,"date":"2020-08-21T23:50:52","date_gmt":"2020-08-21T23:50:52","guid":{"rendered":"https:\/\/laprensacristiana.com\/?p=10060"},"modified":"2020-08-21T23:50:56","modified_gmt":"2020-08-21T23:50:56","slug":"viviendo-en-la-nueva-normalidad","status":"publish","type":"post","link":"https:\/\/laprensacristiana.com\/?p=10060","title":{"rendered":"Viviendo en la nueva normalidad"},"content":{"rendered":"\n<p><\/p>\n\n\n\n<p>La nueva normalidad es un t\u00e9rmino surreal que nos obliga a tomar la decisi\u00f3n de acostumbrarnos a una forma distinta de ser y de hacer las cosas que cotidianamente realiz\u00e1bamos.<br>En esta cuarentena he tenido que afrontar la nueva normalidad desde la perspectiva m\u00e1s dura, que es la perdida de seres queridos, personas que han estado con nosotros, de un d\u00eda para otro no tenemos la oportunidad de despedirlos como se debe, nos queda nada m\u00e1s el recuerdo, la memoria de alguien que fue para nosotros muy importante, esta es la parte m\u00e1s dolorosa que he tenido que vivir en mi funci\u00f3n pastoral en tiempos de pandemia.<br>Escenas desgarradoras de ver personas a la distancia en el marco de su sepultura, en ocasiones a trav\u00e9s de c\u00e1maras \u00bfC\u00f3mo sobreponernos a circunstancias tan adversas? Aqu\u00ed es donde nuestra fe consuela, el refugiarnos en Cristo, el saber que el acercamiento inevitable de encontrarnos con el creador y con el ser amado rebasar\u00e1 cualquier dolor. Debemos llenarnos de esperanza.<br>La nueva normalidad va m\u00e1s all\u00e1 del distanciamiento y de la negativa a socializar, ha sacado a luz una serie de elementos que antes no los consider\u00e1bamos, como el hecho que solo lleg\u00e1bamos a casa a dormir por el arduo trabajo, a primera hora del d\u00eda ya est\u00e1bamos de salida, de repente nos encontramos con que estamos en casa, quienes tenemos el privilegio de tener hijos hemos tenido la oportunidad de compartir con ellos durante todo el d\u00eda, de disfrutar a los nuestros, es un regalo que no se nos hab\u00eda concedido, una semana de vacaciones en alg\u00fan lugar sent\u00edamos que est\u00e1bamos compensando el tiempo que no se estaba con la familia, ahora es vivir con ellos, estudiar con ellos, trabajar con ellos; la nueva normalidad me ha llevado a ser m\u00e1s paciente con mis hijos, antes era muy paciente con las personas de fuera pero impaciente con los m\u00edos, tengo hijas peque\u00f1as y me doy cuenta que ellas necesitan mucho de su pap\u00e1, que sea maestro, tutor, etc.<br>Mi labor de pastorear en l\u00ednea no es algo distante, ni frio, es tan cercano como yo lo quiera hacer, por eso le impregno todo el amor del mundo a cada predica, le brindo atenci\u00f3n a cada comentario para reaccionar de manera privada como la persona lo necesita, el transmitir mensajes de esperanza de forma virtual es algo que ha llegado para quedarse, no es que no quiero volver a los cultos de manera f\u00edsica (eso suceder\u00e1 en su momento con las medidas respectivas), pero estoy disfrutando el haber dado el salto a compartir el evangelio en esta nueva modalidad, d\u00e1ndole valor a todas aquellas cosas que antes no ten\u00edan el mismo significado.<br>De diez a doce reuniones diarias que sosten\u00eda, ante un posible retorno lo m\u00e1s que har\u00eda ser\u00eda tener una o dos, me mantendr\u00eda dedic\u00e1ndole m\u00e1s tiempo a mi familia, a mi persona y cultivando mi relaci\u00f3n con Dios, el contexto actual est\u00e1 renovando como vemos al pr\u00f3jimo y en c\u00f3mo nos vemos nosotros mismos. \u201c\u00bfPor qu\u00e9 voy a inquietarme? \u00bfPor qu\u00e9 voy a angustiarme? En Dios pondr\u00e9 mi esperanza, y todav\u00eda lo alabar\u00e9. \u00a1\u00c9l es mi salvador y mi Dios!\u201d Salmos 42:11.<\/p>\n","protected":false},"excerpt":{"rendered":"<p>La nueva normalidad es un t\u00e9rmino surreal que nos obliga a tomar la decisi\u00f3n de acostumbrarnos a una forma distinta de ser y de hacer las cosas que cotidianamente realiz\u00e1bamos.En esta cuarentena he tenido que afrontar la nueva normalidad desde la perspectiva m\u00e1s dura, que es la perdida de seres queridos, personas que han estado [&hellip;]<\/p>\n","protected":false},"author":3,"featured_media":9965,"comment_status":"open","ping_status":"open","sticky":false,"template":"","format":"standard","meta":[],"categories":[23],"tags":[],"yoast_head":"<!-- This site is optimized with the Yoast SEO plugin v20.8 - https:\/\/yoast.com\/wordpress\/plugins\/seo\/ -->\n<title>Viviendo en la nueva normalidad - La Prensa Cristiana<\/title>\n<meta name=\"robots\" content=\"index, follow, max-snippet:-1, max-image-preview:large, max-video-preview:-1\" \/>\n<link rel=\"canonical\" href=\"https:\/\/laprensacristiana.com\/?p=10060\" \/>\n<meta property=\"og:locale\" content=\"es_ES\" \/>\n<meta property=\"og:type\" content=\"article\" \/>\n<meta property=\"og:title\" content=\"Viviendo en la nueva normalidad - La Prensa Cristiana\" \/>\n<meta property=\"og:description\" content=\"La nueva normalidad es un t\u00e9rmino surreal que nos obliga a tomar la decisi\u00f3n de acostumbrarnos a una forma distinta de ser y de hacer las cosas que cotidianamente realiz\u00e1bamos.En esta cuarentena he tenido que afrontar la nueva normalidad desde la perspectiva m\u00e1s dura, que es la perdida de seres queridos, personas que han estado [&hellip;]\" \/>\n<meta property=\"og:url\" content=\"https:\/\/laprensacristiana.com\/?p=10060\" \/>\n<meta property=\"og:site_name\" content=\"La Prensa Cristiana\" \/>\n<meta property=\"article:published_time\" content=\"2020-08-21T23:50:52+00:00\" \/>\n<meta property=\"article:modified_time\" content=\"2020-08-21T23:50:56+00:00\" \/>\n<meta property=\"og:image\" content=\"https:\/\/laprensacristiana.com\/wp-content\/uploads\/2020\/08\/IMG-20200806-WA0055.jpg\" \/>\n\t<meta property=\"og:image:width\" content=\"776\" \/>\n\t<meta property=\"og:image:height\" content=\"393\" \/>\n\t<meta property=\"og:image:type\" content=\"image\/jpeg\" \/>\n<meta name=\"author\" content=\"EDITOR\" \/>\n<meta name=\"twitter:card\" content=\"summary_large_image\" \/>\n<meta name=\"twitter:label1\" content=\"Escrito por\" \/>\n\t<meta name=\"twitter:data1\" content=\"EDITOR\" \/>\n\t<meta name=\"twitter:label2\" content=\"Tiempo de lectura\" \/>\n\t<meta name=\"twitter:data2\" content=\"3 minutos\" \/>\n<script type=\"application\/ld+json\" class=\"yoast-schema-graph\">{\"@context\":\"https:\/\/schema.org\",\"@graph\":[{\"@type\":\"WebPage\",\"@id\":\"https:\/\/laprensacristiana.com\/?p=10060\",\"url\":\"https:\/\/laprensacristiana.com\/?p=10060\",\"name\":\"Viviendo en la nueva normalidad - La Prensa Cristiana\",\"isPartOf\":{\"@id\":\"https:\/\/laprensacristiana.com\/#website\"},\"datePublished\":\"2020-08-21T23:50:52+00:00\",\"dateModified\":\"2020-08-21T23:50:56+00:00\",\"author\":{\"@id\":\"https:\/\/laprensacristiana.com\/#\/schema\/person\/3e7d82c6bfd6b1fa67010f8f7cd5256e\"},\"breadcrumb\":{\"@id\":\"https:\/\/laprensacristiana.com\/?p=10060#breadcrumb\"},\"inLanguage\":\"es\",\"potentialAction\":[{\"@type\":\"ReadAction\",\"target\":[\"https:\/\/laprensacristiana.com\/?p=10060\"]}]},{\"@type\":\"BreadcrumbList\",\"@id\":\"https:\/\/laprensacristiana.com\/?p=10060#breadcrumb\",\"itemListElement\":[{\"@type\":\"ListItem\",\"position\":1,\"name\":\"Portada\",\"item\":\"https:\/\/laprensacristiana.com\/\"},{\"@type\":\"ListItem\",\"position\":2,\"name\":\"Viviendo en la nueva normalidad\"}]},{\"@type\":\"WebSite\",\"@id\":\"https:\/\/laprensacristiana.com\/#website\",\"url\":\"https:\/\/laprensacristiana.com\/\",\"name\":\"La Prensa Cristiana\",\"description\":\"Anunciando Las Buenas Nuevas\",\"potentialAction\":[{\"@type\":\"SearchAction\",\"target\":{\"@type\":\"EntryPoint\",\"urlTemplate\":\"https:\/\/laprensacristiana.com\/?s={search_term_string}\"},\"query-input\":\"required name=search_term_string\"}],\"inLanguage\":\"es\"},{\"@type\":\"Person\",\"@id\":\"https:\/\/laprensacristiana.com\/#\/schema\/person\/3e7d82c6bfd6b1fa67010f8f7cd5256e\",\"name\":\"EDITOR\",\"image\":{\"@type\":\"ImageObject\",\"inLanguage\":\"es\",\"@id\":\"https:\/\/laprensacristiana.com\/#\/schema\/person\/image\/\",\"url\":\"https:\/\/secure.gravatar.com\/avatar\/72069dfb6c13772d9e8381e3638666d2?s=96&d=mm&r=g\",\"contentUrl\":\"https:\/\/secure.gravatar.com\/avatar\/72069dfb6c13772d9e8381e3638666d2?s=96&d=mm&r=g\",\"caption\":\"EDITOR\"},\"url\":\"https:\/\/laprensacristiana.com\/?author=3\"}]}<\/script>\n<!-- \/ Yoast SEO plugin. -->","yoast_head_json":{"title":"Viviendo en la nueva normalidad - La Prensa Cristiana","robots":{"index":"index","follow":"follow","max-snippet":"max-snippet:-1","max-image-preview":"max-image-preview:large","max-video-preview":"max-video-preview:-1"},"canonical":"https:\/\/laprensacristiana.com\/?p=10060","og_locale":"es_ES","og_type":"article","og_title":"Viviendo en la nueva normalidad - La Prensa Cristiana","og_description":"La nueva normalidad es un t\u00e9rmino surreal que nos obliga a tomar la decisi\u00f3n de acostumbrarnos a una forma distinta de ser y de hacer las cosas que cotidianamente realiz\u00e1bamos.En esta cuarentena he tenido que afrontar la nueva normalidad desde la perspectiva m\u00e1s dura, que es la perdida de seres queridos, personas que han estado [&hellip;]","og_url":"https:\/\/laprensacristiana.com\/?p=10060","og_site_name":"La Prensa Cristiana","article_published_time":"2020-08-21T23:50:52+00:00","article_modified_time":"2020-08-21T23:50:56+00:00","og_image":[{"width":776,"height":393,"url":"https:\/\/laprensacristiana.com\/wp-content\/uploads\/2020\/08\/IMG-20200806-WA0055.jpg","type":"image\/jpeg"}],"author":"EDITOR","twitter_card":"summary_large_image","twitter_misc":{"Escrito por":"EDITOR","Tiempo de lectura":"3 minutos"},"schema":{"@context":"https:\/\/schema.org","@graph":[{"@type":"WebPage","@id":"https:\/\/laprensacristiana.com\/?p=10060","url":"https:\/\/laprensacristiana.com\/?p=10060","name":"Viviendo en la nueva normalidad - La Prensa Cristiana","isPartOf":{"@id":"https:\/\/laprensacristiana.com\/#website"},"datePublished":"2020-08-21T23:50:52+00:00","dateModified":"2020-08-21T23:50:56+00:00","author":{"@id":"https:\/\/laprensacristiana.com\/#\/schema\/person\/3e7d82c6bfd6b1fa67010f8f7cd5256e"},"breadcrumb":{"@id":"https:\/\/laprensacristiana.com\/?p=10060#breadcrumb"},"inLanguage":"es","potentialAction":[{"@type":"ReadAction","target":["https:\/\/laprensacristiana.com\/?p=10060"]}]},{"@type":"BreadcrumbList","@id":"https:\/\/laprensacristiana.com\/?p=10060#breadcrumb","itemListElement":[{"@type":"ListItem","position":1,"name":"Portada","item":"https:\/\/laprensacristiana.com\/"},{"@type":"ListItem","position":2,"name":"Viviendo en la nueva normalidad"}]},{"@type":"WebSite","@id":"https:\/\/laprensacristiana.com\/#website","url":"https:\/\/laprensacristiana.com\/","name":"La Prensa Cristiana","description":"Anunciando Las Buenas Nuevas","potentialAction":[{"@type":"SearchAction","target":{"@type":"EntryPoint","urlTemplate":"https:\/\/laprensacristiana.com\/?s={search_term_string}"},"query-input":"required name=search_term_string"}],"inLanguage":"es"},{"@type":"Person","@id":"https:\/\/laprensacristiana.com\/#\/schema\/person\/3e7d82c6bfd6b1fa67010f8f7cd5256e","name":"EDITOR","image":{"@type":"ImageObject","inLanguage":"es","@id":"https:\/\/laprensacristiana.com\/#\/schema\/person\/image\/","url":"https:\/\/secure.gravatar.com\/avatar\/72069dfb6c13772d9e8381e3638666d2?s=96&d=mm&r=g","contentUrl":"https:\/\/secure.gravatar.com\/avatar\/72069dfb6c13772d9e8381e3638666d2?s=96&d=mm&r=g","caption":"EDITOR"},"url":"https:\/\/laprensacristiana.com\/?author=3"}]}},"_links":{"self":[{"href":"https:\/\/laprensacristiana.com\/index.php?rest_route=\/wp\/v2\/posts\/10060"}],"collection":[{"href":"https:\/\/laprensacristiana.com\/index.php?rest_route=\/wp\/v2\/posts"}],"about":[{"href":"https:\/\/laprensacristiana.com\/index.php?rest_route=\/wp\/v2\/types\/post"}],"author":[{"embeddable":true,"href":"https:\/\/laprensacristiana.com\/index.php?rest_route=\/wp\/v2\/users\/3"}],"replies":[{"embeddable":true,"href":"https:\/\/laprensacristiana.com\/index.php?rest_route=%2Fwp%2Fv2%2Fcomments&post=10060"}],"version-history":[{"count":1,"href":"https:\/\/laprensacristiana.com\/index.php?rest_route=\/wp\/v2\/posts\/10060\/revisions"}],"predecessor-version":[{"id":10061,"href":"https:\/\/laprensacristiana.com\/index.php?rest_route=\/wp\/v2\/posts\/10060\/revisions\/10061"}],"wp:featuredmedia":[{"embeddable":true,"href":"https:\/\/laprensacristiana.com\/index.php?rest_route=\/wp\/v2\/media\/9965"}],"wp:attachment":[{"href":"https:\/\/laprensacristiana.com\/index.php?rest_route=%2Fwp%2Fv2%2Fmedia&parent=10060"}],"wp:term":[{"taxonomy":"category","embeddable":true,"href":"https:\/\/laprensacristiana.com\/index.php?rest_route=%2Fwp%2Fv2%2Fcategories&post=10060"},{"taxonomy":"post_tag","embeddable":true,"href":"https:\/\/laprensacristiana.com\/index.php?rest_route=%2Fwp%2Fv2%2Ftags&post=10060"}],"curies":[{"name":"wp","href":"https:\/\/api.w.org\/{rel}","templated":true}]}}