{"id":10065,"date":"2020-08-24T15:50:08","date_gmt":"2020-08-24T15:50:08","guid":{"rendered":"https:\/\/laprensacristiana.com\/?p=10065"},"modified":"2020-08-24T15:50:13","modified_gmt":"2020-08-24T15:50:13","slug":"y-por-que-no","status":"publish","type":"post","link":"https:\/\/laprensacristiana.com\/?p=10065","title":{"rendered":"\u00bfY por qu\u00e9 no?"},"content":{"rendered":"\n<p>Una de las preguntas que m\u00e0s se hace la gente cuando todo el ataque del universo se vuelve contra ellos es: \u00bfPor qu\u00e9 a mi?&nbsp; Eso es algo que todos llevamos dentro y que en m\u00e0s de alguna ocasi\u00f3n preguntamos al viento.&nbsp; A menos que crezcamos en la Palabra de Dios y en el conocimiento del Se\u00f1or, podremos comprender que lo que \u00c8l hace en nuestras vidas es por su pura Voluntad y que siempre lleva un prop\u00f3sito para nuestro bien. Eso es lo que dice la Escritura: Todo ayuda a bien a los que aman al Se\u00f1or.<\/p>\n\n\n\n<p>\u00bfPor qu\u00e9 nos hundimos en ese mar de preguntas ante las situaciones dif\u00edciles que la vida nos presenta?&nbsp; Eso es porque a nadie nos gusta sufrir.&nbsp; Y como todos nos creemos especiales, creemos que nadie tiene derecho de hacernos sentir el sufrimiento de la vida.&nbsp; Se nos ha ense\u00f1ado que tenemos derechos que nadie puede violar y ese \u201cderecho\u201d lo hemos extendido a Dios.<\/p>\n\n\n\n<p>Nos hemos vuelto tan soberbios que le reclamamos al mismo Dios por qu\u00e9 nos hace sufrir. Levantamos la cara, levantamos el pu\u00f1o como muchos hombres en la Biblia nos ense\u00f1an, reclam\u00e1ndole a Dios con arrogancia por qu\u00e9 nos suceden cosas feas y para nosotros malas. Incluso hay escritores que han publicado libros que sus t\u00edtulos dicen algo as\u00ed como \u201cLos renglones torcidos de Dios\u201d, como si Dios tuviera el defecto de escribir torcido. No comparto esa opini\u00f2n porque el Dios en qui\u00e9n yo creo es Perfecto en todas sus formas.<\/p>\n\n\n\n<p>As\u00ed que cuando un ser humano finito, una part\u00edcula de polvo en el basto universo que \u00c8l cre\u00f3, se atreve a preguntarle \u00bfPor qu\u00e9 tengo que sufrir yo? Creo que la respuesta es sencilla:<\/p>\n\n\n\n<p>\u00bfY por qu\u00e8 no?<\/p>\n\n\n\n<p>Eso fue lo que entre lineas dijo Job. Y lo que consigue por respuestas son las mismas que nos puede responder el Se\u00f1or a nosotros si nos atrevemos a reclamar por qu\u00e9 sufrimos algo que ataca nuestra zona de confort. \u00bfPor qu\u00e8 no, Job? \u00bfEn donde estabas t\u00fa cuando\u2026\u201d y la lista es larga, tan larga que lo dej\u00f3 cavilando en cada una de las situaciones que este hombre sabio -seg\u00fan Dios-, se hallaba en esos momentos hasta caer rostro en tierra, cerrar sus ojos y levantar sus manos al cielo y exclamar: Perd\u00f2name Se\u00f1or, antes, de o\u00eddas te conoc\u00eda, pero ahora mis ojos ten ven.&nbsp; Claro que antes que Job, ya hab\u00eda habido otro hombre que discrep\u00f3 con Dios y le insisti\u00f3 en algo que Dios tuvo que decirle: \u00a1Basta!, ya no me hables de ese asunto.&nbsp; A\u00f1os despu\u00e9s encontramos a otro sabio pidi\u00e9ndole que le quitara cierto sufrimiento que lo ten\u00eda al borde del abismo.&nbsp; Y el Se\u00f1or tiernamente le respondi\u00f3: No, no har\u00e9 lo que me pides, solo que te baste mi Gracia. Sigue caminando con tu aguij\u00f3n a cuestas. Usted sabe de qui\u00e9n hablo.&nbsp; Entonces, la pregunta que se hace, aunque sea algo duro de tragar es: \u00bfEsta usted sufriendo alguna situaci\u00f3n extrema pero aun sigue disfrutando de la vida? No pregunte, no sea que tambi\u00e9n le respondan:<\/p>\n\n\n\n<p>\u00bfY por qu\u00e8 no\u2026?<\/p>\n\n\n\n<p>SOLI DEO GLORIA<\/p>\n","protected":false},"excerpt":{"rendered":"<p>Una de las preguntas que m\u00e0s se hace la gente cuando todo el ataque del universo se vuelve contra ellos es: \u00bfPor qu\u00e9 a mi?&nbsp; Eso es algo que todos llevamos dentro y que en m\u00e0s de alguna ocasi\u00f3n preguntamos al viento.&nbsp; A menos que crezcamos en la Palabra de Dios y en el conocimiento [&hellip;]<\/p>\n","protected":false},"author":3,"featured_media":7949,"comment_status":"open","ping_status":"open","sticky":false,"template":"","format":"standard","meta":[],"categories":[36],"tags":[],"yoast_head":"<!-- This site is optimized with the Yoast SEO plugin v20.8 - https:\/\/yoast.com\/wordpress\/plugins\/seo\/ -->\n<title>\u00bfY por qu\u00e9 no? - La Prensa Cristiana<\/title>\n<meta name=\"robots\" content=\"index, follow, max-snippet:-1, max-image-preview:large, max-video-preview:-1\" \/>\n<link rel=\"canonical\" href=\"https:\/\/laprensacristiana.com\/?p=10065\" \/>\n<meta property=\"og:locale\" content=\"es_ES\" \/>\n<meta property=\"og:type\" content=\"article\" \/>\n<meta property=\"og:title\" content=\"\u00bfY por qu\u00e9 no? - La Prensa Cristiana\" \/>\n<meta property=\"og:description\" content=\"Una de las preguntas que m\u00e0s se hace la gente cuando todo el ataque del universo se vuelve contra ellos es: \u00bfPor qu\u00e9 a mi?&nbsp; Eso es algo que todos llevamos dentro y que en m\u00e0s de alguna ocasi\u00f3n preguntamos al viento.&nbsp; A menos que crezcamos en la Palabra de Dios y en el conocimiento [&hellip;]\" \/>\n<meta property=\"og:url\" content=\"https:\/\/laprensacristiana.com\/?p=10065\" \/>\n<meta property=\"og:site_name\" content=\"La Prensa Cristiana\" \/>\n<meta property=\"article:published_time\" content=\"2020-08-24T15:50:08+00:00\" \/>\n<meta property=\"article:modified_time\" content=\"2020-08-24T15:50:13+00:00\" \/>\n<meta property=\"og:image\" content=\"https:\/\/laprensacristiana.com\/wp-content\/uploads\/2020\/01\/2017-11-23-PHOTO-00003245-1.jpg\" \/>\n\t<meta property=\"og:image:width\" content=\"1280\" \/>\n\t<meta property=\"og:image:height\" content=\"714\" \/>\n\t<meta property=\"og:image:type\" content=\"image\/jpeg\" \/>\n<meta name=\"author\" content=\"EDITOR\" \/>\n<meta name=\"twitter:card\" content=\"summary_large_image\" \/>\n<meta name=\"twitter:label1\" content=\"Escrito por\" \/>\n\t<meta name=\"twitter:data1\" content=\"EDITOR\" \/>\n\t<meta name=\"twitter:label2\" content=\"Tiempo de lectura\" \/>\n\t<meta name=\"twitter:data2\" content=\"3 minutos\" \/>\n<script type=\"application\/ld+json\" class=\"yoast-schema-graph\">{\"@context\":\"https:\/\/schema.org\",\"@graph\":[{\"@type\":\"WebPage\",\"@id\":\"https:\/\/laprensacristiana.com\/?p=10065\",\"url\":\"https:\/\/laprensacristiana.com\/?p=10065\",\"name\":\"\u00bfY por qu\u00e9 no? - La Prensa Cristiana\",\"isPartOf\":{\"@id\":\"https:\/\/laprensacristiana.com\/#website\"},\"datePublished\":\"2020-08-24T15:50:08+00:00\",\"dateModified\":\"2020-08-24T15:50:13+00:00\",\"author\":{\"@id\":\"https:\/\/laprensacristiana.com\/#\/schema\/person\/3e7d82c6bfd6b1fa67010f8f7cd5256e\"},\"breadcrumb\":{\"@id\":\"https:\/\/laprensacristiana.com\/?p=10065#breadcrumb\"},\"inLanguage\":\"es\",\"potentialAction\":[{\"@type\":\"ReadAction\",\"target\":[\"https:\/\/laprensacristiana.com\/?p=10065\"]}]},{\"@type\":\"BreadcrumbList\",\"@id\":\"https:\/\/laprensacristiana.com\/?p=10065#breadcrumb\",\"itemListElement\":[{\"@type\":\"ListItem\",\"position\":1,\"name\":\"Portada\",\"item\":\"https:\/\/laprensacristiana.com\/\"},{\"@type\":\"ListItem\",\"position\":2,\"name\":\"\u00bfY por qu\u00e9 no?\"}]},{\"@type\":\"WebSite\",\"@id\":\"https:\/\/laprensacristiana.com\/#website\",\"url\":\"https:\/\/laprensacristiana.com\/\",\"name\":\"La Prensa Cristiana\",\"description\":\"Anunciando Las Buenas Nuevas\",\"potentialAction\":[{\"@type\":\"SearchAction\",\"target\":{\"@type\":\"EntryPoint\",\"urlTemplate\":\"https:\/\/laprensacristiana.com\/?s={search_term_string}\"},\"query-input\":\"required name=search_term_string\"}],\"inLanguage\":\"es\"},{\"@type\":\"Person\",\"@id\":\"https:\/\/laprensacristiana.com\/#\/schema\/person\/3e7d82c6bfd6b1fa67010f8f7cd5256e\",\"name\":\"EDITOR\",\"image\":{\"@type\":\"ImageObject\",\"inLanguage\":\"es\",\"@id\":\"https:\/\/laprensacristiana.com\/#\/schema\/person\/image\/\",\"url\":\"https:\/\/secure.gravatar.com\/avatar\/72069dfb6c13772d9e8381e3638666d2?s=96&d=mm&r=g\",\"contentUrl\":\"https:\/\/secure.gravatar.com\/avatar\/72069dfb6c13772d9e8381e3638666d2?s=96&d=mm&r=g\",\"caption\":\"EDITOR\"},\"url\":\"https:\/\/laprensacristiana.com\/?author=3\"}]}<\/script>\n<!-- \/ Yoast SEO plugin. -->","yoast_head_json":{"title":"\u00bfY por qu\u00e9 no? - La Prensa Cristiana","robots":{"index":"index","follow":"follow","max-snippet":"max-snippet:-1","max-image-preview":"max-image-preview:large","max-video-preview":"max-video-preview:-1"},"canonical":"https:\/\/laprensacristiana.com\/?p=10065","og_locale":"es_ES","og_type":"article","og_title":"\u00bfY por qu\u00e9 no? - La Prensa Cristiana","og_description":"Una de las preguntas que m\u00e0s se hace la gente cuando todo el ataque del universo se vuelve contra ellos es: \u00bfPor qu\u00e9 a mi?&nbsp; Eso es algo que todos llevamos dentro y que en m\u00e0s de alguna ocasi\u00f3n preguntamos al viento.&nbsp; A menos que crezcamos en la Palabra de Dios y en el conocimiento [&hellip;]","og_url":"https:\/\/laprensacristiana.com\/?p=10065","og_site_name":"La Prensa Cristiana","article_published_time":"2020-08-24T15:50:08+00:00","article_modified_time":"2020-08-24T15:50:13+00:00","og_image":[{"width":1280,"height":714,"url":"https:\/\/laprensacristiana.com\/wp-content\/uploads\/2020\/01\/2017-11-23-PHOTO-00003245-1.jpg","type":"image\/jpeg"}],"author":"EDITOR","twitter_card":"summary_large_image","twitter_misc":{"Escrito por":"EDITOR","Tiempo de lectura":"3 minutos"},"schema":{"@context":"https:\/\/schema.org","@graph":[{"@type":"WebPage","@id":"https:\/\/laprensacristiana.com\/?p=10065","url":"https:\/\/laprensacristiana.com\/?p=10065","name":"\u00bfY por qu\u00e9 no? - La Prensa Cristiana","isPartOf":{"@id":"https:\/\/laprensacristiana.com\/#website"},"datePublished":"2020-08-24T15:50:08+00:00","dateModified":"2020-08-24T15:50:13+00:00","author":{"@id":"https:\/\/laprensacristiana.com\/#\/schema\/person\/3e7d82c6bfd6b1fa67010f8f7cd5256e"},"breadcrumb":{"@id":"https:\/\/laprensacristiana.com\/?p=10065#breadcrumb"},"inLanguage":"es","potentialAction":[{"@type":"ReadAction","target":["https:\/\/laprensacristiana.com\/?p=10065"]}]},{"@type":"BreadcrumbList","@id":"https:\/\/laprensacristiana.com\/?p=10065#breadcrumb","itemListElement":[{"@type":"ListItem","position":1,"name":"Portada","item":"https:\/\/laprensacristiana.com\/"},{"@type":"ListItem","position":2,"name":"\u00bfY por qu\u00e9 no?"}]},{"@type":"WebSite","@id":"https:\/\/laprensacristiana.com\/#website","url":"https:\/\/laprensacristiana.com\/","name":"La Prensa Cristiana","description":"Anunciando Las Buenas Nuevas","potentialAction":[{"@type":"SearchAction","target":{"@type":"EntryPoint","urlTemplate":"https:\/\/laprensacristiana.com\/?s={search_term_string}"},"query-input":"required name=search_term_string"}],"inLanguage":"es"},{"@type":"Person","@id":"https:\/\/laprensacristiana.com\/#\/schema\/person\/3e7d82c6bfd6b1fa67010f8f7cd5256e","name":"EDITOR","image":{"@type":"ImageObject","inLanguage":"es","@id":"https:\/\/laprensacristiana.com\/#\/schema\/person\/image\/","url":"https:\/\/secure.gravatar.com\/avatar\/72069dfb6c13772d9e8381e3638666d2?s=96&d=mm&r=g","contentUrl":"https:\/\/secure.gravatar.com\/avatar\/72069dfb6c13772d9e8381e3638666d2?s=96&d=mm&r=g","caption":"EDITOR"},"url":"https:\/\/laprensacristiana.com\/?author=3"}]}},"_links":{"self":[{"href":"https:\/\/laprensacristiana.com\/index.php?rest_route=\/wp\/v2\/posts\/10065"}],"collection":[{"href":"https:\/\/laprensacristiana.com\/index.php?rest_route=\/wp\/v2\/posts"}],"about":[{"href":"https:\/\/laprensacristiana.com\/index.php?rest_route=\/wp\/v2\/types\/post"}],"author":[{"embeddable":true,"href":"https:\/\/laprensacristiana.com\/index.php?rest_route=\/wp\/v2\/users\/3"}],"replies":[{"embeddable":true,"href":"https:\/\/laprensacristiana.com\/index.php?rest_route=%2Fwp%2Fv2%2Fcomments&post=10065"}],"version-history":[{"count":1,"href":"https:\/\/laprensacristiana.com\/index.php?rest_route=\/wp\/v2\/posts\/10065\/revisions"}],"predecessor-version":[{"id":10066,"href":"https:\/\/laprensacristiana.com\/index.php?rest_route=\/wp\/v2\/posts\/10065\/revisions\/10066"}],"wp:featuredmedia":[{"embeddable":true,"href":"https:\/\/laprensacristiana.com\/index.php?rest_route=\/wp\/v2\/media\/7949"}],"wp:attachment":[{"href":"https:\/\/laprensacristiana.com\/index.php?rest_route=%2Fwp%2Fv2%2Fmedia&parent=10065"}],"wp:term":[{"taxonomy":"category","embeddable":true,"href":"https:\/\/laprensacristiana.com\/index.php?rest_route=%2Fwp%2Fv2%2Fcategories&post=10065"},{"taxonomy":"post_tag","embeddable":true,"href":"https:\/\/laprensacristiana.com\/index.php?rest_route=%2Fwp%2Fv2%2Ftags&post=10065"}],"curies":[{"name":"wp","href":"https:\/\/api.w.org\/{rel}","templated":true}]}}