{"id":10091,"date":"2020-08-30T16:33:49","date_gmt":"2020-08-30T16:33:49","guid":{"rendered":"https:\/\/laprensacristiana.com\/?p=10091"},"modified":"2020-08-30T17:04:33","modified_gmt":"2020-08-30T17:04:33","slug":"reapertura-de-las-iglesias","status":"publish","type":"post","link":"https:\/\/laprensacristiana.com\/?p=10091","title":{"rendered":"Reapertura de las iglesias"},"content":{"rendered":"\n<p>En las ultimas semanas he escuchado personas del exterior e interior del pais vertiendo opiniones sobre la importancia de abrir las iglesias, o la responsabilidad de ser cautelosos respecto a la apertura de las mismas, hay denominaciones que ya est\u00e1n abiertas, mientras otros expresan estar tomando un tiempo prudencial.<\/p>\n\n\n\n<p>Ninguna pocisi\u00f3n es mala, no es una carrera por quien abre primero, o por esperar a quien va a ser el ultimo, cada iglesia tiene su derecho de entendimiento y manejo con base a su estructura organizacional, cada lider y pastor tiene la libertad de tomar las decisiones que considere pertinentes para su congregaci\u00f3n.<\/p>\n\n\n\n<p>No existe fecha correcta o incorrecta, la iglesia cristiana evang\u00e9lica fue muy eficiente en su proceso de cerrar los templos en completo respeto a las autoridades, en apego a las consideraciones expuestas en el mes de marzo y pudo hacer la transici\u00f3n a redes sociales para mantener la eficacia de su mensaje, fue muy propositiva en el periodo de la tormenta Amanda, realiz\u00f3 acompa\u00f1amiento a las personas con mayores necesidades en el marco de la cuarentena, la iglesia debe mantener esa sabiduria para interpretar los tiempos, asi como fue en el cierre, en las tormentas y en la cuarentena, debe serlo hoy para el manejo de los templos con la grey.<\/p>\n\n\n\n<p>Es importante que las organizaciones que ya estan abiertas puedan hacer efectivo el uso y aplicaci\u00f3n de protocolos con medidas de&nbsp; bioseguridad e higienizaci\u00f3n de sus instalaciones para evitar convertirse en centros de propagaci\u00f3n del virus para el cual hasta este dia no existe vacuna.<\/p>\n\n\n\n<p>En Estados Unidos hay algunas que en el transcurso de este mes anunciaron sus reaperturas para enero 2021, esto para muchos en El Salvador es demasiado, en la optica nacional, donde no se contempla una reapertura hasta el mes de enero, considero que debe hacerse de manera gradual y con el fiel seguimiento de todas las medidas de prevenci\u00f3n contra el Covid-19, restringiendo temporalmente a algunos sectores de la congregaci\u00f3n, habr\u00e1 un tiempo donde la iglesia podr\u00e1 reunirse en su plenitud, usando los espacios habituales, m\u00e1s los programas y proyectos semanales, mientras esto sucede cada iglesia debe hacer revisiones y sentar su propia posici\u00f3n.<\/p>\n\n\n\n<p>Algunas iglesias abriran en septiembre, otras en octubre, algunas abriran sus cultos dominicales, otras tambien sus cultos de dia de semana, otras estan restringiendo el n\u00famero de asistentes a celulas de hogar a un n\u00famero maximo de 5 personas, con la discrecionalidad del anfitri\u00f3n si abre o no sus puertas para recibir personas en su casa.<\/p>\n\n\n\n<p>No es un tiempo de atacar o cuestionar a quien hace las cosas diferentes a la forma en que nosotros las hagamos, es un tiempo de respetar las decisiones individuales de cada organizaci\u00f3n. Virtual o presencial la iglesia sigue caminando.<\/p>\n","protected":false},"excerpt":{"rendered":"<p>En las ultimas semanas he escuchado personas del exterior e interior del pais vertiendo opiniones sobre la importancia de abrir las iglesias, o la responsabilidad de ser cautelosos respecto a la apertura de las mismas, hay denominaciones que ya est\u00e1n abiertas, mientras otros expresan estar tomando un tiempo prudencial. Ninguna pocisi\u00f3n es mala, no es [&hellip;]<\/p>\n","protected":false},"author":3,"featured_media":9965,"comment_status":"open","ping_status":"open","sticky":false,"template":"","format":"standard","meta":[],"categories":[23],"tags":[],"yoast_head":"<!-- This site is optimized with the Yoast SEO plugin v20.8 - https:\/\/yoast.com\/wordpress\/plugins\/seo\/ -->\n<title>Reapertura de las iglesias - La Prensa Cristiana<\/title>\n<meta name=\"robots\" content=\"index, follow, max-snippet:-1, max-image-preview:large, max-video-preview:-1\" \/>\n<link rel=\"canonical\" href=\"https:\/\/laprensacristiana.com\/?p=10091\" \/>\n<meta property=\"og:locale\" content=\"es_ES\" \/>\n<meta property=\"og:type\" content=\"article\" \/>\n<meta property=\"og:title\" content=\"Reapertura de las iglesias - La Prensa Cristiana\" \/>\n<meta property=\"og:description\" content=\"En las ultimas semanas he escuchado personas del exterior e interior del pais vertiendo opiniones sobre la importancia de abrir las iglesias, o la responsabilidad de ser cautelosos respecto a la apertura de las mismas, hay denominaciones que ya est\u00e1n abiertas, mientras otros expresan estar tomando un tiempo prudencial. Ninguna pocisi\u00f3n es mala, no es [&hellip;]\" \/>\n<meta property=\"og:url\" content=\"https:\/\/laprensacristiana.com\/?p=10091\" \/>\n<meta property=\"og:site_name\" content=\"La Prensa Cristiana\" \/>\n<meta property=\"article:published_time\" content=\"2020-08-30T16:33:49+00:00\" \/>\n<meta property=\"article:modified_time\" content=\"2020-08-30T17:04:33+00:00\" \/>\n<meta property=\"og:image\" content=\"https:\/\/laprensacristiana.com\/wp-content\/uploads\/2020\/08\/IMG-20200806-WA0055.jpg\" \/>\n\t<meta property=\"og:image:width\" content=\"776\" \/>\n\t<meta property=\"og:image:height\" content=\"393\" \/>\n\t<meta property=\"og:image:type\" content=\"image\/jpeg\" \/>\n<meta name=\"author\" content=\"EDITOR\" \/>\n<meta name=\"twitter:card\" content=\"summary_large_image\" \/>\n<meta name=\"twitter:label1\" content=\"Escrito por\" \/>\n\t<meta name=\"twitter:data1\" content=\"EDITOR\" \/>\n\t<meta name=\"twitter:label2\" content=\"Tiempo de lectura\" \/>\n\t<meta name=\"twitter:data2\" content=\"2 minutos\" \/>\n<script type=\"application\/ld+json\" class=\"yoast-schema-graph\">{\"@context\":\"https:\/\/schema.org\",\"@graph\":[{\"@type\":\"WebPage\",\"@id\":\"https:\/\/laprensacristiana.com\/?p=10091\",\"url\":\"https:\/\/laprensacristiana.com\/?p=10091\",\"name\":\"Reapertura de las iglesias - La Prensa Cristiana\",\"isPartOf\":{\"@id\":\"https:\/\/laprensacristiana.com\/#website\"},\"datePublished\":\"2020-08-30T16:33:49+00:00\",\"dateModified\":\"2020-08-30T17:04:33+00:00\",\"author\":{\"@id\":\"https:\/\/laprensacristiana.com\/#\/schema\/person\/3e7d82c6bfd6b1fa67010f8f7cd5256e\"},\"breadcrumb\":{\"@id\":\"https:\/\/laprensacristiana.com\/?p=10091#breadcrumb\"},\"inLanguage\":\"es\",\"potentialAction\":[{\"@type\":\"ReadAction\",\"target\":[\"https:\/\/laprensacristiana.com\/?p=10091\"]}]},{\"@type\":\"BreadcrumbList\",\"@id\":\"https:\/\/laprensacristiana.com\/?p=10091#breadcrumb\",\"itemListElement\":[{\"@type\":\"ListItem\",\"position\":1,\"name\":\"Portada\",\"item\":\"https:\/\/laprensacristiana.com\/\"},{\"@type\":\"ListItem\",\"position\":2,\"name\":\"Reapertura de las iglesias\"}]},{\"@type\":\"WebSite\",\"@id\":\"https:\/\/laprensacristiana.com\/#website\",\"url\":\"https:\/\/laprensacristiana.com\/\",\"name\":\"La Prensa Cristiana\",\"description\":\"Anunciando Las Buenas Nuevas\",\"potentialAction\":[{\"@type\":\"SearchAction\",\"target\":{\"@type\":\"EntryPoint\",\"urlTemplate\":\"https:\/\/laprensacristiana.com\/?s={search_term_string}\"},\"query-input\":\"required name=search_term_string\"}],\"inLanguage\":\"es\"},{\"@type\":\"Person\",\"@id\":\"https:\/\/laprensacristiana.com\/#\/schema\/person\/3e7d82c6bfd6b1fa67010f8f7cd5256e\",\"name\":\"EDITOR\",\"image\":{\"@type\":\"ImageObject\",\"inLanguage\":\"es\",\"@id\":\"https:\/\/laprensacristiana.com\/#\/schema\/person\/image\/\",\"url\":\"https:\/\/secure.gravatar.com\/avatar\/72069dfb6c13772d9e8381e3638666d2?s=96&d=mm&r=g\",\"contentUrl\":\"https:\/\/secure.gravatar.com\/avatar\/72069dfb6c13772d9e8381e3638666d2?s=96&d=mm&r=g\",\"caption\":\"EDITOR\"},\"url\":\"https:\/\/laprensacristiana.com\/?author=3\"}]}<\/script>\n<!-- \/ Yoast SEO plugin. -->","yoast_head_json":{"title":"Reapertura de las iglesias - La Prensa Cristiana","robots":{"index":"index","follow":"follow","max-snippet":"max-snippet:-1","max-image-preview":"max-image-preview:large","max-video-preview":"max-video-preview:-1"},"canonical":"https:\/\/laprensacristiana.com\/?p=10091","og_locale":"es_ES","og_type":"article","og_title":"Reapertura de las iglesias - La Prensa Cristiana","og_description":"En las ultimas semanas he escuchado personas del exterior e interior del pais vertiendo opiniones sobre la importancia de abrir las iglesias, o la responsabilidad de ser cautelosos respecto a la apertura de las mismas, hay denominaciones que ya est\u00e1n abiertas, mientras otros expresan estar tomando un tiempo prudencial. Ninguna pocisi\u00f3n es mala, no es [&hellip;]","og_url":"https:\/\/laprensacristiana.com\/?p=10091","og_site_name":"La Prensa Cristiana","article_published_time":"2020-08-30T16:33:49+00:00","article_modified_time":"2020-08-30T17:04:33+00:00","og_image":[{"width":776,"height":393,"url":"https:\/\/laprensacristiana.com\/wp-content\/uploads\/2020\/08\/IMG-20200806-WA0055.jpg","type":"image\/jpeg"}],"author":"EDITOR","twitter_card":"summary_large_image","twitter_misc":{"Escrito por":"EDITOR","Tiempo de lectura":"2 minutos"},"schema":{"@context":"https:\/\/schema.org","@graph":[{"@type":"WebPage","@id":"https:\/\/laprensacristiana.com\/?p=10091","url":"https:\/\/laprensacristiana.com\/?p=10091","name":"Reapertura de las iglesias - La Prensa Cristiana","isPartOf":{"@id":"https:\/\/laprensacristiana.com\/#website"},"datePublished":"2020-08-30T16:33:49+00:00","dateModified":"2020-08-30T17:04:33+00:00","author":{"@id":"https:\/\/laprensacristiana.com\/#\/schema\/person\/3e7d82c6bfd6b1fa67010f8f7cd5256e"},"breadcrumb":{"@id":"https:\/\/laprensacristiana.com\/?p=10091#breadcrumb"},"inLanguage":"es","potentialAction":[{"@type":"ReadAction","target":["https:\/\/laprensacristiana.com\/?p=10091"]}]},{"@type":"BreadcrumbList","@id":"https:\/\/laprensacristiana.com\/?p=10091#breadcrumb","itemListElement":[{"@type":"ListItem","position":1,"name":"Portada","item":"https:\/\/laprensacristiana.com\/"},{"@type":"ListItem","position":2,"name":"Reapertura de las iglesias"}]},{"@type":"WebSite","@id":"https:\/\/laprensacristiana.com\/#website","url":"https:\/\/laprensacristiana.com\/","name":"La Prensa Cristiana","description":"Anunciando Las Buenas Nuevas","potentialAction":[{"@type":"SearchAction","target":{"@type":"EntryPoint","urlTemplate":"https:\/\/laprensacristiana.com\/?s={search_term_string}"},"query-input":"required name=search_term_string"}],"inLanguage":"es"},{"@type":"Person","@id":"https:\/\/laprensacristiana.com\/#\/schema\/person\/3e7d82c6bfd6b1fa67010f8f7cd5256e","name":"EDITOR","image":{"@type":"ImageObject","inLanguage":"es","@id":"https:\/\/laprensacristiana.com\/#\/schema\/person\/image\/","url":"https:\/\/secure.gravatar.com\/avatar\/72069dfb6c13772d9e8381e3638666d2?s=96&d=mm&r=g","contentUrl":"https:\/\/secure.gravatar.com\/avatar\/72069dfb6c13772d9e8381e3638666d2?s=96&d=mm&r=g","caption":"EDITOR"},"url":"https:\/\/laprensacristiana.com\/?author=3"}]}},"_links":{"self":[{"href":"https:\/\/laprensacristiana.com\/index.php?rest_route=\/wp\/v2\/posts\/10091"}],"collection":[{"href":"https:\/\/laprensacristiana.com\/index.php?rest_route=\/wp\/v2\/posts"}],"about":[{"href":"https:\/\/laprensacristiana.com\/index.php?rest_route=\/wp\/v2\/types\/post"}],"author":[{"embeddable":true,"href":"https:\/\/laprensacristiana.com\/index.php?rest_route=\/wp\/v2\/users\/3"}],"replies":[{"embeddable":true,"href":"https:\/\/laprensacristiana.com\/index.php?rest_route=%2Fwp%2Fv2%2Fcomments&post=10091"}],"version-history":[{"count":2,"href":"https:\/\/laprensacristiana.com\/index.php?rest_route=\/wp\/v2\/posts\/10091\/revisions"}],"predecessor-version":[{"id":10093,"href":"https:\/\/laprensacristiana.com\/index.php?rest_route=\/wp\/v2\/posts\/10091\/revisions\/10093"}],"wp:featuredmedia":[{"embeddable":true,"href":"https:\/\/laprensacristiana.com\/index.php?rest_route=\/wp\/v2\/media\/9965"}],"wp:attachment":[{"href":"https:\/\/laprensacristiana.com\/index.php?rest_route=%2Fwp%2Fv2%2Fmedia&parent=10091"}],"wp:term":[{"taxonomy":"category","embeddable":true,"href":"https:\/\/laprensacristiana.com\/index.php?rest_route=%2Fwp%2Fv2%2Fcategories&post=10091"},{"taxonomy":"post_tag","embeddable":true,"href":"https:\/\/laprensacristiana.com\/index.php?rest_route=%2Fwp%2Fv2%2Ftags&post=10091"}],"curies":[{"name":"wp","href":"https:\/\/api.w.org\/{rel}","templated":true}]}}