{"id":10102,"date":"2020-09-02T14:29:50","date_gmt":"2020-09-02T14:29:50","guid":{"rendered":"https:\/\/laprensacristiana.com\/?p=10102"},"modified":"2020-09-02T14:29:52","modified_gmt":"2020-09-02T14:29:52","slug":"el-dolor-de-maria","status":"publish","type":"post","link":"https:\/\/laprensacristiana.com\/?p=10102","title":{"rendered":"El dolor de Maria"},"content":{"rendered":"\n<p>El dolor que la vida nos depara tiene dos facetas: la primera es que podemos decidir sufrir solos y quedarnos exhaustos en el camino como la mayor\u00eda de las personas han decidido hacerlo. Para paliar el dolor se van a subterfugios que solo terminan caus\u00e1ndoles m\u00e0s dolor. La segunda faceta es vivir esos dolores de la Mano de Jesus. Es lo que \u00e8l llam\u00f3 \u201csu yugo\u201d. La iron\u00eda es que \u00e8l lleva la mayor carga por nosotros. De manera que es inconcebible que un creyente en Jesus busque otras formas de suavizar su experiencia con el dolor.<\/p>\n\n\n\n<p>Ya vimos ayer que los griegos para poder explicar el fen\u00f3meno del dolor de la vida crearon el Mito de S\u00ecsifo. Porque en todas las edades siempre ha habido sociedades que tratan de explicarlo.&nbsp; Algo imposible desde luego. Jesus dijo: \u201cEn el mundo tendr\u00e9is aflicci\u00f3n\u2026\u201d Porque \u00e8l sab\u00eca de qu\u00e9 estaba hablando. Rub\u00e9n Dario escribi\u00f3 unos versos que me aprend\u00ed desde joven: \u201cDichoso el \u00e1rbol que es apenas sensitivo, y m\u00e0s la piedra dura, porque esta no siente, pues no hay dolor m\u00e0s grande que el dolor de ser vivo, ni mayor pesadumbre que la vida consiente\u201d. Duele nacer, duele vivir. Pero duele m\u00e0s no entenderlo.<\/p>\n\n\n\n<p>Para los que piensan lo contrario, que para nosotros no aplica el dolor de la vida, les quiero hacer una pregunta: \u00bfA qui\u00e9n vio Mar\u00eca aquella famosa tarde de un viernes en el Monte de la Calavera, colgando de la cruz? \u00bfA su Salvador y Se\u00f1or? \u00bfAl Dios hecho carne? \u00bfAl Rey de Israel? \u00bfAl Le\u00f2n de Jud\u00e0?&nbsp; \u00a1No, y mil veces no!&nbsp; Mar\u00eca vio a su hijo. Al ni\u00f1o aquel que hab\u00eda tenido con dolores de parto en un pesebre hacia varios a\u00f1os atr\u00e0s, al ni\u00f1o que tuvo entre sus brazos acun\u00e1ndolo con amor y ternura, al ni\u00f1o que jugaba en el patio de su casa en Galilea y que una vez se cay\u00f3 y ella corri\u00f3 a levantarlo y ponerle un poquito de su saliva en la rodilla golpeada. Ella vio en aquel madero a su hijo querido, a su primog\u00e9nito, al que hab\u00eda tenido a pesar de los chismes e intrigas de su pueblo. Al ni\u00f1o aquel que por haberlo concebido sin tener esposo, el novio quiso dejarla en secreto. Mar\u00eca no vio a la Majestad del Cielo. Mar\u00eca sufri\u00f3 lo indecible, el dolor m\u00e0s intenso que desgarraba su alma al ver a su hijito querido ba\u00f1ado en su propia sangre sin ninguna culpa.<\/p>\n\n\n\n<p>Fue por eso que Jesus le dijo a Juan: \u201cHe all\u00ed tu madre\u2026\u201d. En otras palabras: Juan, te encargo a mi mami. Consuelala por favor. S\u00e8cale sus l\u00e1grimas. Dale el amor de hijo que yo no pude\u2026<\/p>\n\n\n\n<p>\u00bfUsted tambi\u00e9n est\u00e1 sintiendo correr sus l\u00e1grimas al leer esto? Es que nos duele, nos duele mucho. Porque el dolor es parte de la vida mis amigos.&nbsp; No soy pesimista, solo realista y eso me hace aceptar las palabras de Jesus: \u201cEn el mundo tendr\u00e9is aflicci\u00f2n, m\u00e0s confiad, Yo he vencido al mundo\u201d.<\/p>\n\n\n\n<p>SOLI DEO GLORIA<\/p>\n","protected":false},"excerpt":{"rendered":"<p>El dolor que la vida nos depara tiene dos facetas: la primera es que podemos decidir sufrir solos y quedarnos exhaustos en el camino como la mayor\u00eda de las personas han decidido hacerlo. Para paliar el dolor se van a subterfugios que solo terminan caus\u00e1ndoles m\u00e0s dolor. La segunda faceta es vivir esos dolores de [&hellip;]<\/p>\n","protected":false},"author":3,"featured_media":7949,"comment_status":"open","ping_status":"open","sticky":false,"template":"","format":"standard","meta":[],"categories":[36],"tags":[],"yoast_head":"<!-- This site is optimized with the Yoast SEO plugin v20.8 - https:\/\/yoast.com\/wordpress\/plugins\/seo\/ -->\n<title>El dolor de Maria - La Prensa Cristiana<\/title>\n<meta name=\"robots\" content=\"index, follow, max-snippet:-1, max-image-preview:large, max-video-preview:-1\" \/>\n<link rel=\"canonical\" href=\"https:\/\/laprensacristiana.com\/?p=10102\" \/>\n<meta property=\"og:locale\" content=\"es_ES\" \/>\n<meta property=\"og:type\" content=\"article\" \/>\n<meta property=\"og:title\" content=\"El dolor de Maria - La Prensa Cristiana\" \/>\n<meta property=\"og:description\" content=\"El dolor que la vida nos depara tiene dos facetas: la primera es que podemos decidir sufrir solos y quedarnos exhaustos en el camino como la mayor\u00eda de las personas han decidido hacerlo. Para paliar el dolor se van a subterfugios que solo terminan caus\u00e1ndoles m\u00e0s dolor. La segunda faceta es vivir esos dolores de [&hellip;]\" \/>\n<meta property=\"og:url\" content=\"https:\/\/laprensacristiana.com\/?p=10102\" \/>\n<meta property=\"og:site_name\" content=\"La Prensa Cristiana\" \/>\n<meta property=\"article:published_time\" content=\"2020-09-02T14:29:50+00:00\" \/>\n<meta property=\"article:modified_time\" content=\"2020-09-02T14:29:52+00:00\" \/>\n<meta property=\"og:image\" content=\"https:\/\/laprensacristiana.com\/wp-content\/uploads\/2020\/01\/2017-11-23-PHOTO-00003245-1.jpg\" \/>\n\t<meta property=\"og:image:width\" content=\"1280\" \/>\n\t<meta property=\"og:image:height\" content=\"714\" \/>\n\t<meta property=\"og:image:type\" content=\"image\/jpeg\" \/>\n<meta name=\"author\" content=\"EDITOR\" \/>\n<meta name=\"twitter:card\" content=\"summary_large_image\" \/>\n<meta name=\"twitter:label1\" content=\"Escrito por\" \/>\n\t<meta name=\"twitter:data1\" content=\"EDITOR\" \/>\n\t<meta name=\"twitter:label2\" content=\"Tiempo de lectura\" \/>\n\t<meta name=\"twitter:data2\" content=\"3 minutos\" \/>\n<script type=\"application\/ld+json\" class=\"yoast-schema-graph\">{\"@context\":\"https:\/\/schema.org\",\"@graph\":[{\"@type\":\"WebPage\",\"@id\":\"https:\/\/laprensacristiana.com\/?p=10102\",\"url\":\"https:\/\/laprensacristiana.com\/?p=10102\",\"name\":\"El dolor de Maria - La Prensa Cristiana\",\"isPartOf\":{\"@id\":\"https:\/\/laprensacristiana.com\/#website\"},\"datePublished\":\"2020-09-02T14:29:50+00:00\",\"dateModified\":\"2020-09-02T14:29:52+00:00\",\"author\":{\"@id\":\"https:\/\/laprensacristiana.com\/#\/schema\/person\/3e7d82c6bfd6b1fa67010f8f7cd5256e\"},\"breadcrumb\":{\"@id\":\"https:\/\/laprensacristiana.com\/?p=10102#breadcrumb\"},\"inLanguage\":\"es\",\"potentialAction\":[{\"@type\":\"ReadAction\",\"target\":[\"https:\/\/laprensacristiana.com\/?p=10102\"]}]},{\"@type\":\"BreadcrumbList\",\"@id\":\"https:\/\/laprensacristiana.com\/?p=10102#breadcrumb\",\"itemListElement\":[{\"@type\":\"ListItem\",\"position\":1,\"name\":\"Portada\",\"item\":\"https:\/\/laprensacristiana.com\/\"},{\"@type\":\"ListItem\",\"position\":2,\"name\":\"El dolor de Maria\"}]},{\"@type\":\"WebSite\",\"@id\":\"https:\/\/laprensacristiana.com\/#website\",\"url\":\"https:\/\/laprensacristiana.com\/\",\"name\":\"La Prensa Cristiana\",\"description\":\"Anunciando Las Buenas Nuevas\",\"potentialAction\":[{\"@type\":\"SearchAction\",\"target\":{\"@type\":\"EntryPoint\",\"urlTemplate\":\"https:\/\/laprensacristiana.com\/?s={search_term_string}\"},\"query-input\":\"required name=search_term_string\"}],\"inLanguage\":\"es\"},{\"@type\":\"Person\",\"@id\":\"https:\/\/laprensacristiana.com\/#\/schema\/person\/3e7d82c6bfd6b1fa67010f8f7cd5256e\",\"name\":\"EDITOR\",\"image\":{\"@type\":\"ImageObject\",\"inLanguage\":\"es\",\"@id\":\"https:\/\/laprensacristiana.com\/#\/schema\/person\/image\/\",\"url\":\"https:\/\/secure.gravatar.com\/avatar\/72069dfb6c13772d9e8381e3638666d2?s=96&d=mm&r=g\",\"contentUrl\":\"https:\/\/secure.gravatar.com\/avatar\/72069dfb6c13772d9e8381e3638666d2?s=96&d=mm&r=g\",\"caption\":\"EDITOR\"},\"url\":\"https:\/\/laprensacristiana.com\/?author=3\"}]}<\/script>\n<!-- \/ Yoast SEO plugin. -->","yoast_head_json":{"title":"El dolor de Maria - La Prensa Cristiana","robots":{"index":"index","follow":"follow","max-snippet":"max-snippet:-1","max-image-preview":"max-image-preview:large","max-video-preview":"max-video-preview:-1"},"canonical":"https:\/\/laprensacristiana.com\/?p=10102","og_locale":"es_ES","og_type":"article","og_title":"El dolor de Maria - La Prensa Cristiana","og_description":"El dolor que la vida nos depara tiene dos facetas: la primera es que podemos decidir sufrir solos y quedarnos exhaustos en el camino como la mayor\u00eda de las personas han decidido hacerlo. Para paliar el dolor se van a subterfugios que solo terminan caus\u00e1ndoles m\u00e0s dolor. La segunda faceta es vivir esos dolores de [&hellip;]","og_url":"https:\/\/laprensacristiana.com\/?p=10102","og_site_name":"La Prensa Cristiana","article_published_time":"2020-09-02T14:29:50+00:00","article_modified_time":"2020-09-02T14:29:52+00:00","og_image":[{"width":1280,"height":714,"url":"https:\/\/laprensacristiana.com\/wp-content\/uploads\/2020\/01\/2017-11-23-PHOTO-00003245-1.jpg","type":"image\/jpeg"}],"author":"EDITOR","twitter_card":"summary_large_image","twitter_misc":{"Escrito por":"EDITOR","Tiempo de lectura":"3 minutos"},"schema":{"@context":"https:\/\/schema.org","@graph":[{"@type":"WebPage","@id":"https:\/\/laprensacristiana.com\/?p=10102","url":"https:\/\/laprensacristiana.com\/?p=10102","name":"El dolor de Maria - La Prensa Cristiana","isPartOf":{"@id":"https:\/\/laprensacristiana.com\/#website"},"datePublished":"2020-09-02T14:29:50+00:00","dateModified":"2020-09-02T14:29:52+00:00","author":{"@id":"https:\/\/laprensacristiana.com\/#\/schema\/person\/3e7d82c6bfd6b1fa67010f8f7cd5256e"},"breadcrumb":{"@id":"https:\/\/laprensacristiana.com\/?p=10102#breadcrumb"},"inLanguage":"es","potentialAction":[{"@type":"ReadAction","target":["https:\/\/laprensacristiana.com\/?p=10102"]}]},{"@type":"BreadcrumbList","@id":"https:\/\/laprensacristiana.com\/?p=10102#breadcrumb","itemListElement":[{"@type":"ListItem","position":1,"name":"Portada","item":"https:\/\/laprensacristiana.com\/"},{"@type":"ListItem","position":2,"name":"El dolor de Maria"}]},{"@type":"WebSite","@id":"https:\/\/laprensacristiana.com\/#website","url":"https:\/\/laprensacristiana.com\/","name":"La Prensa Cristiana","description":"Anunciando Las Buenas Nuevas","potentialAction":[{"@type":"SearchAction","target":{"@type":"EntryPoint","urlTemplate":"https:\/\/laprensacristiana.com\/?s={search_term_string}"},"query-input":"required name=search_term_string"}],"inLanguage":"es"},{"@type":"Person","@id":"https:\/\/laprensacristiana.com\/#\/schema\/person\/3e7d82c6bfd6b1fa67010f8f7cd5256e","name":"EDITOR","image":{"@type":"ImageObject","inLanguage":"es","@id":"https:\/\/laprensacristiana.com\/#\/schema\/person\/image\/","url":"https:\/\/secure.gravatar.com\/avatar\/72069dfb6c13772d9e8381e3638666d2?s=96&d=mm&r=g","contentUrl":"https:\/\/secure.gravatar.com\/avatar\/72069dfb6c13772d9e8381e3638666d2?s=96&d=mm&r=g","caption":"EDITOR"},"url":"https:\/\/laprensacristiana.com\/?author=3"}]}},"_links":{"self":[{"href":"https:\/\/laprensacristiana.com\/index.php?rest_route=\/wp\/v2\/posts\/10102"}],"collection":[{"href":"https:\/\/laprensacristiana.com\/index.php?rest_route=\/wp\/v2\/posts"}],"about":[{"href":"https:\/\/laprensacristiana.com\/index.php?rest_route=\/wp\/v2\/types\/post"}],"author":[{"embeddable":true,"href":"https:\/\/laprensacristiana.com\/index.php?rest_route=\/wp\/v2\/users\/3"}],"replies":[{"embeddable":true,"href":"https:\/\/laprensacristiana.com\/index.php?rest_route=%2Fwp%2Fv2%2Fcomments&post=10102"}],"version-history":[{"count":1,"href":"https:\/\/laprensacristiana.com\/index.php?rest_route=\/wp\/v2\/posts\/10102\/revisions"}],"predecessor-version":[{"id":10103,"href":"https:\/\/laprensacristiana.com\/index.php?rest_route=\/wp\/v2\/posts\/10102\/revisions\/10103"}],"wp:featuredmedia":[{"embeddable":true,"href":"https:\/\/laprensacristiana.com\/index.php?rest_route=\/wp\/v2\/media\/7949"}],"wp:attachment":[{"href":"https:\/\/laprensacristiana.com\/index.php?rest_route=%2Fwp%2Fv2%2Fmedia&parent=10102"}],"wp:term":[{"taxonomy":"category","embeddable":true,"href":"https:\/\/laprensacristiana.com\/index.php?rest_route=%2Fwp%2Fv2%2Fcategories&post=10102"},{"taxonomy":"post_tag","embeddable":true,"href":"https:\/\/laprensacristiana.com\/index.php?rest_route=%2Fwp%2Fv2%2Ftags&post=10102"}],"curies":[{"name":"wp","href":"https:\/\/api.w.org\/{rel}","templated":true}]}}