{"id":10121,"date":"2020-09-04T15:12:29","date_gmt":"2020-09-04T15:12:29","guid":{"rendered":"https:\/\/laprensacristiana.com\/?p=10121"},"modified":"2020-09-04T15:12:30","modified_gmt":"2020-09-04T15:12:30","slug":"la-noche","status":"publish","type":"post","link":"https:\/\/laprensacristiana.com\/?p=10121","title":{"rendered":"La noche"},"content":{"rendered":"\n<p>No, a nadie le gusta la noche cuando es ni\u00f1o.&nbsp; Ellos preguntan a veces: \u00bfPor qu\u00e9 se tiene que hacer de noche?&nbsp; Porque la noche produce cierto miedo. Hay ruidos nocturnos, visiones nocturnas y espantos nocturnos.&nbsp; Y para paliar un poco sus miedos, les compramos aquellos focos de luz tenue y les ponemos su peluche a su lado para que vean que \u00e8l no tiene miedo de la noche y que puede dormir tranquilo. Su peluche es su fetiche que le hace sentir seguro.<\/p>\n\n\n\n<p>Pero cuando usted ya es adulto, no puede dormir con peluches, pero la noche es igual.&nbsp; Sigue trayendo temores que se ocultan en lo rec\u00f3ndito de la mente humana, aquellos delirios monstruosos que a veces se yerguen desde el fango de la mente, centelleando con horrible verosimilitud: Una indigesti\u00f3n \u00e1cida que es el preludio de un ataque al coraz\u00f3n, un dolor de cabeza que puede anunciar un tumor cerebral, un calambre que anuncia obstrucci\u00f3n en una de las venas o arterias. Y nada de eso es verdad pero en la noche cobra veracidad y nos infunde temores, miedos y angustias.<\/p>\n\n\n\n<p>La noche.<\/p>\n\n\n\n<p>Todos los personajes importantes de la Biblia sufrieron lo mismo que usted y yo. Sufrieron en sus noches de insomnio: Job tuvo su noche m\u00e0s larga de su vida. En la noche murieron sus hijos, se quemaron sus graneros, se fundieron sus ganados.&nbsp; David tuvo sus noches de dolor en aquellas cuevas escondi\u00e9ndose de su suegro que lo quer\u00eda matar.&nbsp; Isa\u00edas tuvo su noche de dolor cuando el Se\u00f1or le uso palabras de aviso a su pueblo.&nbsp; Oseas sufri\u00f3 sus noches de soledad cuidando a sus hijos mientras su esposa Gomer disfrutaba del pecado en camas ajenas.&nbsp; Noem\u00ed lleg\u00f3 una noche a Belen anunciando su amargura tomada de la mano de su nuera moabita.&nbsp; Juan pas\u00f2 su larga noche en el cadalso de la Torre Antonia de Herodes esperando la cuchilla que le iba a cercenar su cabeza. Una noche empez\u00f3 el Exodo de un pueblo esclavizado por un tirano en Egipto.<\/p>\n\n\n\n<p>La noche.<\/p>\n\n\n\n<p>Y, una tarde, a las tres en punto, el d\u00eca se hizo noche porque el Hijo de Dios estaba entregando su esp\u00edritu para proveer perd\u00f3n para nosotros que creer\u00edamos en \u00e8l.&nbsp; Si sus noches se han hecho largas, dolorosas, angustiosas y sienten que nunca va a amanecer, no desesperen mis amigos.&nbsp; A cada noche sigue un amanecer brillante de luz, de esperanza y de provisi\u00f3n.<\/p>\n\n\n\n<p>SOLI DEO GLORIA<\/p>\n","protected":false},"excerpt":{"rendered":"<p>No, a nadie le gusta la noche cuando es ni\u00f1o.&nbsp; Ellos preguntan a veces: \u00bfPor qu\u00e9 se tiene que hacer de noche?&nbsp; Porque la noche produce cierto miedo. Hay ruidos nocturnos, visiones nocturnas y espantos nocturnos.&nbsp; Y para paliar un poco sus miedos, les compramos aquellos focos de luz tenue y les ponemos su peluche [&hellip;]<\/p>\n","protected":false},"author":3,"featured_media":7949,"comment_status":"open","ping_status":"open","sticky":false,"template":"","format":"standard","meta":[],"categories":[36],"tags":[],"yoast_head":"<!-- This site is optimized with the Yoast SEO plugin v20.8 - https:\/\/yoast.com\/wordpress\/plugins\/seo\/ -->\n<title>La noche - La Prensa Cristiana<\/title>\n<meta name=\"robots\" content=\"index, follow, max-snippet:-1, max-image-preview:large, max-video-preview:-1\" \/>\n<link rel=\"canonical\" href=\"https:\/\/laprensacristiana.com\/?p=10121\" \/>\n<meta property=\"og:locale\" content=\"es_ES\" \/>\n<meta property=\"og:type\" content=\"article\" \/>\n<meta property=\"og:title\" content=\"La noche - La Prensa Cristiana\" \/>\n<meta property=\"og:description\" content=\"No, a nadie le gusta la noche cuando es ni\u00f1o.&nbsp; Ellos preguntan a veces: \u00bfPor qu\u00e9 se tiene que hacer de noche?&nbsp; Porque la noche produce cierto miedo. Hay ruidos nocturnos, visiones nocturnas y espantos nocturnos.&nbsp; Y para paliar un poco sus miedos, les compramos aquellos focos de luz tenue y les ponemos su peluche [&hellip;]\" \/>\n<meta property=\"og:url\" content=\"https:\/\/laprensacristiana.com\/?p=10121\" \/>\n<meta property=\"og:site_name\" content=\"La Prensa Cristiana\" \/>\n<meta property=\"article:published_time\" content=\"2020-09-04T15:12:29+00:00\" \/>\n<meta property=\"article:modified_time\" content=\"2020-09-04T15:12:30+00:00\" \/>\n<meta property=\"og:image\" content=\"https:\/\/laprensacristiana.com\/wp-content\/uploads\/2020\/01\/2017-11-23-PHOTO-00003245-1.jpg\" \/>\n\t<meta property=\"og:image:width\" content=\"1280\" \/>\n\t<meta property=\"og:image:height\" content=\"714\" \/>\n\t<meta property=\"og:image:type\" content=\"image\/jpeg\" \/>\n<meta name=\"author\" content=\"EDITOR\" \/>\n<meta name=\"twitter:card\" content=\"summary_large_image\" \/>\n<meta name=\"twitter:label1\" content=\"Escrito por\" \/>\n\t<meta name=\"twitter:data1\" content=\"EDITOR\" \/>\n\t<meta name=\"twitter:label2\" content=\"Tiempo de lectura\" \/>\n\t<meta name=\"twitter:data2\" content=\"2 minutos\" \/>\n<script type=\"application\/ld+json\" class=\"yoast-schema-graph\">{\"@context\":\"https:\/\/schema.org\",\"@graph\":[{\"@type\":\"WebPage\",\"@id\":\"https:\/\/laprensacristiana.com\/?p=10121\",\"url\":\"https:\/\/laprensacristiana.com\/?p=10121\",\"name\":\"La noche - La Prensa Cristiana\",\"isPartOf\":{\"@id\":\"https:\/\/laprensacristiana.com\/#website\"},\"datePublished\":\"2020-09-04T15:12:29+00:00\",\"dateModified\":\"2020-09-04T15:12:30+00:00\",\"author\":{\"@id\":\"https:\/\/laprensacristiana.com\/#\/schema\/person\/3e7d82c6bfd6b1fa67010f8f7cd5256e\"},\"breadcrumb\":{\"@id\":\"https:\/\/laprensacristiana.com\/?p=10121#breadcrumb\"},\"inLanguage\":\"es\",\"potentialAction\":[{\"@type\":\"ReadAction\",\"target\":[\"https:\/\/laprensacristiana.com\/?p=10121\"]}]},{\"@type\":\"BreadcrumbList\",\"@id\":\"https:\/\/laprensacristiana.com\/?p=10121#breadcrumb\",\"itemListElement\":[{\"@type\":\"ListItem\",\"position\":1,\"name\":\"Portada\",\"item\":\"https:\/\/laprensacristiana.com\/\"},{\"@type\":\"ListItem\",\"position\":2,\"name\":\"La noche\"}]},{\"@type\":\"WebSite\",\"@id\":\"https:\/\/laprensacristiana.com\/#website\",\"url\":\"https:\/\/laprensacristiana.com\/\",\"name\":\"La Prensa Cristiana\",\"description\":\"Anunciando Las Buenas Nuevas\",\"potentialAction\":[{\"@type\":\"SearchAction\",\"target\":{\"@type\":\"EntryPoint\",\"urlTemplate\":\"https:\/\/laprensacristiana.com\/?s={search_term_string}\"},\"query-input\":\"required name=search_term_string\"}],\"inLanguage\":\"es\"},{\"@type\":\"Person\",\"@id\":\"https:\/\/laprensacristiana.com\/#\/schema\/person\/3e7d82c6bfd6b1fa67010f8f7cd5256e\",\"name\":\"EDITOR\",\"image\":{\"@type\":\"ImageObject\",\"inLanguage\":\"es\",\"@id\":\"https:\/\/laprensacristiana.com\/#\/schema\/person\/image\/\",\"url\":\"https:\/\/secure.gravatar.com\/avatar\/72069dfb6c13772d9e8381e3638666d2?s=96&d=mm&r=g\",\"contentUrl\":\"https:\/\/secure.gravatar.com\/avatar\/72069dfb6c13772d9e8381e3638666d2?s=96&d=mm&r=g\",\"caption\":\"EDITOR\"},\"url\":\"https:\/\/laprensacristiana.com\/?author=3\"}]}<\/script>\n<!-- \/ Yoast SEO plugin. -->","yoast_head_json":{"title":"La noche - La Prensa Cristiana","robots":{"index":"index","follow":"follow","max-snippet":"max-snippet:-1","max-image-preview":"max-image-preview:large","max-video-preview":"max-video-preview:-1"},"canonical":"https:\/\/laprensacristiana.com\/?p=10121","og_locale":"es_ES","og_type":"article","og_title":"La noche - La Prensa Cristiana","og_description":"No, a nadie le gusta la noche cuando es ni\u00f1o.&nbsp; Ellos preguntan a veces: \u00bfPor qu\u00e9 se tiene que hacer de noche?&nbsp; Porque la noche produce cierto miedo. Hay ruidos nocturnos, visiones nocturnas y espantos nocturnos.&nbsp; Y para paliar un poco sus miedos, les compramos aquellos focos de luz tenue y les ponemos su peluche [&hellip;]","og_url":"https:\/\/laprensacristiana.com\/?p=10121","og_site_name":"La Prensa Cristiana","article_published_time":"2020-09-04T15:12:29+00:00","article_modified_time":"2020-09-04T15:12:30+00:00","og_image":[{"width":1280,"height":714,"url":"https:\/\/laprensacristiana.com\/wp-content\/uploads\/2020\/01\/2017-11-23-PHOTO-00003245-1.jpg","type":"image\/jpeg"}],"author":"EDITOR","twitter_card":"summary_large_image","twitter_misc":{"Escrito por":"EDITOR","Tiempo de lectura":"2 minutos"},"schema":{"@context":"https:\/\/schema.org","@graph":[{"@type":"WebPage","@id":"https:\/\/laprensacristiana.com\/?p=10121","url":"https:\/\/laprensacristiana.com\/?p=10121","name":"La noche - La Prensa Cristiana","isPartOf":{"@id":"https:\/\/laprensacristiana.com\/#website"},"datePublished":"2020-09-04T15:12:29+00:00","dateModified":"2020-09-04T15:12:30+00:00","author":{"@id":"https:\/\/laprensacristiana.com\/#\/schema\/person\/3e7d82c6bfd6b1fa67010f8f7cd5256e"},"breadcrumb":{"@id":"https:\/\/laprensacristiana.com\/?p=10121#breadcrumb"},"inLanguage":"es","potentialAction":[{"@type":"ReadAction","target":["https:\/\/laprensacristiana.com\/?p=10121"]}]},{"@type":"BreadcrumbList","@id":"https:\/\/laprensacristiana.com\/?p=10121#breadcrumb","itemListElement":[{"@type":"ListItem","position":1,"name":"Portada","item":"https:\/\/laprensacristiana.com\/"},{"@type":"ListItem","position":2,"name":"La noche"}]},{"@type":"WebSite","@id":"https:\/\/laprensacristiana.com\/#website","url":"https:\/\/laprensacristiana.com\/","name":"La Prensa Cristiana","description":"Anunciando Las Buenas Nuevas","potentialAction":[{"@type":"SearchAction","target":{"@type":"EntryPoint","urlTemplate":"https:\/\/laprensacristiana.com\/?s={search_term_string}"},"query-input":"required name=search_term_string"}],"inLanguage":"es"},{"@type":"Person","@id":"https:\/\/laprensacristiana.com\/#\/schema\/person\/3e7d82c6bfd6b1fa67010f8f7cd5256e","name":"EDITOR","image":{"@type":"ImageObject","inLanguage":"es","@id":"https:\/\/laprensacristiana.com\/#\/schema\/person\/image\/","url":"https:\/\/secure.gravatar.com\/avatar\/72069dfb6c13772d9e8381e3638666d2?s=96&d=mm&r=g","contentUrl":"https:\/\/secure.gravatar.com\/avatar\/72069dfb6c13772d9e8381e3638666d2?s=96&d=mm&r=g","caption":"EDITOR"},"url":"https:\/\/laprensacristiana.com\/?author=3"}]}},"_links":{"self":[{"href":"https:\/\/laprensacristiana.com\/index.php?rest_route=\/wp\/v2\/posts\/10121"}],"collection":[{"href":"https:\/\/laprensacristiana.com\/index.php?rest_route=\/wp\/v2\/posts"}],"about":[{"href":"https:\/\/laprensacristiana.com\/index.php?rest_route=\/wp\/v2\/types\/post"}],"author":[{"embeddable":true,"href":"https:\/\/laprensacristiana.com\/index.php?rest_route=\/wp\/v2\/users\/3"}],"replies":[{"embeddable":true,"href":"https:\/\/laprensacristiana.com\/index.php?rest_route=%2Fwp%2Fv2%2Fcomments&post=10121"}],"version-history":[{"count":1,"href":"https:\/\/laprensacristiana.com\/index.php?rest_route=\/wp\/v2\/posts\/10121\/revisions"}],"predecessor-version":[{"id":10122,"href":"https:\/\/laprensacristiana.com\/index.php?rest_route=\/wp\/v2\/posts\/10121\/revisions\/10122"}],"wp:featuredmedia":[{"embeddable":true,"href":"https:\/\/laprensacristiana.com\/index.php?rest_route=\/wp\/v2\/media\/7949"}],"wp:attachment":[{"href":"https:\/\/laprensacristiana.com\/index.php?rest_route=%2Fwp%2Fv2%2Fmedia&parent=10121"}],"wp:term":[{"taxonomy":"category","embeddable":true,"href":"https:\/\/laprensacristiana.com\/index.php?rest_route=%2Fwp%2Fv2%2Fcategories&post=10121"},{"taxonomy":"post_tag","embeddable":true,"href":"https:\/\/laprensacristiana.com\/index.php?rest_route=%2Fwp%2Fv2%2Ftags&post=10121"}],"curies":[{"name":"wp","href":"https:\/\/api.w.org\/{rel}","templated":true}]}}