{"id":10130,"date":"2020-09-05T04:13:21","date_gmt":"2020-09-05T04:13:21","guid":{"rendered":"https:\/\/laprensacristiana.com\/?p=10130"},"modified":"2020-09-05T04:13:22","modified_gmt":"2020-09-05T04:13:22","slug":"la-oracion-cambia-el-rumbo","status":"publish","type":"post","link":"https:\/\/laprensacristiana.com\/?p=10130","title":{"rendered":"La oraci\u00f3n cambia el rumbo"},"content":{"rendered":"\n<p><br>Por naturaleza el cristiano vive de forma constante e intensa su devocional con Dios, y cuando de oraci\u00f3n se trata, sabemos que su eficacia es innegable. A lo largo de las escrituras encontramos innumerables relatos de como el rumbo de la historia puede cambiar a ra\u00edz de un pueblo que deposita su confianza en el \u00fanico Dios verdadero.<br>Por un periodo de 3 semanas consecutivas El Salvador ha vivido una disminuci\u00f3n en los casos de Covid-19, a principios de agosto se tuvo en el pa\u00eds la cifra m\u00e1s alta.<br>La Iglesia Cristiana Evang\u00e9lica se ha tomado el tiempo para orar, en diferentes partes del pa\u00eds, con toda la cautela del caso la pastoral se dedic\u00f3 a salir en las patrullas a orar por los diferentes municipios cada viernes, en acompa\u00f1amiento con agentes de la Polic\u00eda Nacional Civil, cuantos pastores rodearon hospitales y centros de salud para elevar un clamor a Dios.<br>Muchas personas no dimensionan el poder de la oraci\u00f3n, las escrituras nos invitan a orar sin cesar, a llamar las cosas que no son como si fuesen, en el que hacer del d\u00eda a d\u00eda podemos pasar por alto la eficacia de doblar rodillas e invocar a Dios.<br>Desconozco si en el plan de Dios estar\u00e1 una nueva etapa de esta cuarentena, la perspectiva de la curva est\u00e1 bien, aunque existe un ascenso, est\u00e1 enmarcado dentro de un espectro normal, adem\u00e1s de la prevenci\u00f3n, la oraci\u00f3n es el m\u00e1s importante accionar de la iglesia.<br>Otra muestra del poder que tiene la oraci\u00f3n se ve reflejada con el distanciamiento de nuestro pa\u00eds del hurac\u00e1n Nana, se esperaba que tocara tierras cuscatlecas el mi\u00e9rcoles por la noche, y aunque nos mantenemos en alerta por precauci\u00f3n, los sistemas meteorol\u00f3gicos internacionales sit\u00faan su ubicaci\u00f3n en tierras belice\u00f1as, por quienes clamamos tambi\u00e9n protecci\u00f3n.<br>\u201cNo se inquieten por nada; m\u00e1s bien, en toda ocasi\u00f3n, con oraci\u00f3n y ruego, presenten sus peticiones a Dios y denle gracias. Y la paz de Dios, que sobrepasa todo entendimiento, cuidar\u00e1 sus corazones y sus pensamientos en Cristo Jes\u00fas\u201d. Filipenses 4:6-7<\/p>\n","protected":false},"excerpt":{"rendered":"<p>Por naturaleza el cristiano vive de forma constante e intensa su devocional con Dios, y cuando de oraci\u00f3n se trata, sabemos que su eficacia es innegable. A lo largo de las escrituras encontramos innumerables relatos de como el rumbo de la historia puede cambiar a ra\u00edz de un pueblo que deposita su confianza en el [&hellip;]<\/p>\n","protected":false},"author":3,"featured_media":9965,"comment_status":"open","ping_status":"open","sticky":false,"template":"","format":"standard","meta":[],"categories":[23],"tags":[],"yoast_head":"<!-- This site is optimized with the Yoast SEO plugin v20.8 - https:\/\/yoast.com\/wordpress\/plugins\/seo\/ -->\n<title>La oraci\u00f3n cambia el rumbo - La Prensa Cristiana<\/title>\n<meta name=\"robots\" content=\"index, follow, max-snippet:-1, max-image-preview:large, max-video-preview:-1\" \/>\n<link rel=\"canonical\" href=\"https:\/\/laprensacristiana.com\/?p=10130\" \/>\n<meta property=\"og:locale\" content=\"es_ES\" \/>\n<meta property=\"og:type\" content=\"article\" \/>\n<meta property=\"og:title\" content=\"La oraci\u00f3n cambia el rumbo - La Prensa Cristiana\" \/>\n<meta property=\"og:description\" content=\"Por naturaleza el cristiano vive de forma constante e intensa su devocional con Dios, y cuando de oraci\u00f3n se trata, sabemos que su eficacia es innegable. A lo largo de las escrituras encontramos innumerables relatos de como el rumbo de la historia puede cambiar a ra\u00edz de un pueblo que deposita su confianza en el [&hellip;]\" \/>\n<meta property=\"og:url\" content=\"https:\/\/laprensacristiana.com\/?p=10130\" \/>\n<meta property=\"og:site_name\" content=\"La Prensa Cristiana\" \/>\n<meta property=\"article:published_time\" content=\"2020-09-05T04:13:21+00:00\" \/>\n<meta property=\"article:modified_time\" content=\"2020-09-05T04:13:22+00:00\" \/>\n<meta property=\"og:image\" content=\"https:\/\/laprensacristiana.com\/wp-content\/uploads\/2020\/08\/IMG-20200806-WA0055.jpg\" \/>\n\t<meta property=\"og:image:width\" content=\"776\" \/>\n\t<meta property=\"og:image:height\" content=\"393\" \/>\n\t<meta property=\"og:image:type\" content=\"image\/jpeg\" \/>\n<meta name=\"author\" content=\"EDITOR\" \/>\n<meta name=\"twitter:card\" content=\"summary_large_image\" \/>\n<meta name=\"twitter:label1\" content=\"Escrito por\" \/>\n\t<meta name=\"twitter:data1\" content=\"EDITOR\" \/>\n\t<meta name=\"twitter:label2\" content=\"Tiempo de lectura\" \/>\n\t<meta name=\"twitter:data2\" content=\"2 minutos\" \/>\n<script type=\"application\/ld+json\" class=\"yoast-schema-graph\">{\"@context\":\"https:\/\/schema.org\",\"@graph\":[{\"@type\":\"WebPage\",\"@id\":\"https:\/\/laprensacristiana.com\/?p=10130\",\"url\":\"https:\/\/laprensacristiana.com\/?p=10130\",\"name\":\"La oraci\u00f3n cambia el rumbo - La Prensa Cristiana\",\"isPartOf\":{\"@id\":\"https:\/\/laprensacristiana.com\/#website\"},\"datePublished\":\"2020-09-05T04:13:21+00:00\",\"dateModified\":\"2020-09-05T04:13:22+00:00\",\"author\":{\"@id\":\"https:\/\/laprensacristiana.com\/#\/schema\/person\/3e7d82c6bfd6b1fa67010f8f7cd5256e\"},\"breadcrumb\":{\"@id\":\"https:\/\/laprensacristiana.com\/?p=10130#breadcrumb\"},\"inLanguage\":\"es\",\"potentialAction\":[{\"@type\":\"ReadAction\",\"target\":[\"https:\/\/laprensacristiana.com\/?p=10130\"]}]},{\"@type\":\"BreadcrumbList\",\"@id\":\"https:\/\/laprensacristiana.com\/?p=10130#breadcrumb\",\"itemListElement\":[{\"@type\":\"ListItem\",\"position\":1,\"name\":\"Portada\",\"item\":\"https:\/\/laprensacristiana.com\/\"},{\"@type\":\"ListItem\",\"position\":2,\"name\":\"La oraci\u00f3n cambia el rumbo\"}]},{\"@type\":\"WebSite\",\"@id\":\"https:\/\/laprensacristiana.com\/#website\",\"url\":\"https:\/\/laprensacristiana.com\/\",\"name\":\"La Prensa Cristiana\",\"description\":\"Anunciando Las Buenas Nuevas\",\"potentialAction\":[{\"@type\":\"SearchAction\",\"target\":{\"@type\":\"EntryPoint\",\"urlTemplate\":\"https:\/\/laprensacristiana.com\/?s={search_term_string}\"},\"query-input\":\"required name=search_term_string\"}],\"inLanguage\":\"es\"},{\"@type\":\"Person\",\"@id\":\"https:\/\/laprensacristiana.com\/#\/schema\/person\/3e7d82c6bfd6b1fa67010f8f7cd5256e\",\"name\":\"EDITOR\",\"image\":{\"@type\":\"ImageObject\",\"inLanguage\":\"es\",\"@id\":\"https:\/\/laprensacristiana.com\/#\/schema\/person\/image\/\",\"url\":\"https:\/\/secure.gravatar.com\/avatar\/72069dfb6c13772d9e8381e3638666d2?s=96&d=mm&r=g\",\"contentUrl\":\"https:\/\/secure.gravatar.com\/avatar\/72069dfb6c13772d9e8381e3638666d2?s=96&d=mm&r=g\",\"caption\":\"EDITOR\"},\"url\":\"https:\/\/laprensacristiana.com\/?author=3\"}]}<\/script>\n<!-- \/ Yoast SEO plugin. -->","yoast_head_json":{"title":"La oraci\u00f3n cambia el rumbo - La Prensa Cristiana","robots":{"index":"index","follow":"follow","max-snippet":"max-snippet:-1","max-image-preview":"max-image-preview:large","max-video-preview":"max-video-preview:-1"},"canonical":"https:\/\/laprensacristiana.com\/?p=10130","og_locale":"es_ES","og_type":"article","og_title":"La oraci\u00f3n cambia el rumbo - La Prensa Cristiana","og_description":"Por naturaleza el cristiano vive de forma constante e intensa su devocional con Dios, y cuando de oraci\u00f3n se trata, sabemos que su eficacia es innegable. A lo largo de las escrituras encontramos innumerables relatos de como el rumbo de la historia puede cambiar a ra\u00edz de un pueblo que deposita su confianza en el [&hellip;]","og_url":"https:\/\/laprensacristiana.com\/?p=10130","og_site_name":"La Prensa Cristiana","article_published_time":"2020-09-05T04:13:21+00:00","article_modified_time":"2020-09-05T04:13:22+00:00","og_image":[{"width":776,"height":393,"url":"https:\/\/laprensacristiana.com\/wp-content\/uploads\/2020\/08\/IMG-20200806-WA0055.jpg","type":"image\/jpeg"}],"author":"EDITOR","twitter_card":"summary_large_image","twitter_misc":{"Escrito por":"EDITOR","Tiempo de lectura":"2 minutos"},"schema":{"@context":"https:\/\/schema.org","@graph":[{"@type":"WebPage","@id":"https:\/\/laprensacristiana.com\/?p=10130","url":"https:\/\/laprensacristiana.com\/?p=10130","name":"La oraci\u00f3n cambia el rumbo - La Prensa Cristiana","isPartOf":{"@id":"https:\/\/laprensacristiana.com\/#website"},"datePublished":"2020-09-05T04:13:21+00:00","dateModified":"2020-09-05T04:13:22+00:00","author":{"@id":"https:\/\/laprensacristiana.com\/#\/schema\/person\/3e7d82c6bfd6b1fa67010f8f7cd5256e"},"breadcrumb":{"@id":"https:\/\/laprensacristiana.com\/?p=10130#breadcrumb"},"inLanguage":"es","potentialAction":[{"@type":"ReadAction","target":["https:\/\/laprensacristiana.com\/?p=10130"]}]},{"@type":"BreadcrumbList","@id":"https:\/\/laprensacristiana.com\/?p=10130#breadcrumb","itemListElement":[{"@type":"ListItem","position":1,"name":"Portada","item":"https:\/\/laprensacristiana.com\/"},{"@type":"ListItem","position":2,"name":"La oraci\u00f3n cambia el rumbo"}]},{"@type":"WebSite","@id":"https:\/\/laprensacristiana.com\/#website","url":"https:\/\/laprensacristiana.com\/","name":"La Prensa Cristiana","description":"Anunciando Las Buenas Nuevas","potentialAction":[{"@type":"SearchAction","target":{"@type":"EntryPoint","urlTemplate":"https:\/\/laprensacristiana.com\/?s={search_term_string}"},"query-input":"required name=search_term_string"}],"inLanguage":"es"},{"@type":"Person","@id":"https:\/\/laprensacristiana.com\/#\/schema\/person\/3e7d82c6bfd6b1fa67010f8f7cd5256e","name":"EDITOR","image":{"@type":"ImageObject","inLanguage":"es","@id":"https:\/\/laprensacristiana.com\/#\/schema\/person\/image\/","url":"https:\/\/secure.gravatar.com\/avatar\/72069dfb6c13772d9e8381e3638666d2?s=96&d=mm&r=g","contentUrl":"https:\/\/secure.gravatar.com\/avatar\/72069dfb6c13772d9e8381e3638666d2?s=96&d=mm&r=g","caption":"EDITOR"},"url":"https:\/\/laprensacristiana.com\/?author=3"}]}},"_links":{"self":[{"href":"https:\/\/laprensacristiana.com\/index.php?rest_route=\/wp\/v2\/posts\/10130"}],"collection":[{"href":"https:\/\/laprensacristiana.com\/index.php?rest_route=\/wp\/v2\/posts"}],"about":[{"href":"https:\/\/laprensacristiana.com\/index.php?rest_route=\/wp\/v2\/types\/post"}],"author":[{"embeddable":true,"href":"https:\/\/laprensacristiana.com\/index.php?rest_route=\/wp\/v2\/users\/3"}],"replies":[{"embeddable":true,"href":"https:\/\/laprensacristiana.com\/index.php?rest_route=%2Fwp%2Fv2%2Fcomments&post=10130"}],"version-history":[{"count":1,"href":"https:\/\/laprensacristiana.com\/index.php?rest_route=\/wp\/v2\/posts\/10130\/revisions"}],"predecessor-version":[{"id":10131,"href":"https:\/\/laprensacristiana.com\/index.php?rest_route=\/wp\/v2\/posts\/10130\/revisions\/10131"}],"wp:featuredmedia":[{"embeddable":true,"href":"https:\/\/laprensacristiana.com\/index.php?rest_route=\/wp\/v2\/media\/9965"}],"wp:attachment":[{"href":"https:\/\/laprensacristiana.com\/index.php?rest_route=%2Fwp%2Fv2%2Fmedia&parent=10130"}],"wp:term":[{"taxonomy":"category","embeddable":true,"href":"https:\/\/laprensacristiana.com\/index.php?rest_route=%2Fwp%2Fv2%2Fcategories&post=10130"},{"taxonomy":"post_tag","embeddable":true,"href":"https:\/\/laprensacristiana.com\/index.php?rest_route=%2Fwp%2Fv2%2Ftags&post=10130"}],"curies":[{"name":"wp","href":"https:\/\/api.w.org\/{rel}","templated":true}]}}