{"id":10177,"date":"2020-09-15T17:26:46","date_gmt":"2020-09-15T17:26:46","guid":{"rendered":"https:\/\/laprensacristiana.com\/?p=10177"},"modified":"2020-09-15T17:26:53","modified_gmt":"2020-09-15T17:26:53","slug":"asi-se-llama-mi-pais-2","status":"publish","type":"post","link":"https:\/\/laprensacristiana.com\/?p=10177","title":{"rendered":"As\u00ed se llama mi pa\u00eds"},"content":{"rendered":"\n<p>Por: Pastor Otoniel Alvarado | Casa Emanuel Para Todas Las Naciones <\/p>\n\n\n\n<p><br>\u201cy hare de ti una naci\u00f3n grande, y te bendecir\u00e9, y engrandecer\u00e9 tu nombre, y ser\u00e1s bendici\u00f3n\u2026y ser\u00e1n benditas en ti todas las familias de la tierra\u201d Gn 12:2,3.<\/p>\n\n\n\n<p>Cuna de so\u00f1adores<br>No dejamos de so\u00f1ar. Las adversidades, los conflictos e incluso las crisis no han podido apagar las estrellas en donde hemos puesto nuestros ojos desde ni\u00f1os. Creemos en los imposibles, y en el hacedor de maravillas.<\/p>\n\n\n\n<p>La Naci\u00f3n de los Valientes<br>La valent\u00eda es nuestra consigna, hacemos cosas por primera vez, sin temor a fracasar, y si fallamos, simplemente lo volvemos a intentar. Nos secamos las l\u00e1grimas una y otra vez, y levantamos nuestras cabezas para seguir luchando por nuestras familias.<\/p>\n\n\n\n<p>El lugar de los nuevos comienzos<br>Somos como el ave f\u00e9nix, que de entre los escombros y cenizas nos levantamos una y otra vez para volver a comenzar. No lloramos por el pasado, ni nos quejamos del presente. Nos anclamos al futuro y caminamos rumbo a nuestro destino deseado.<\/p>\n\n\n\n<p>El pa\u00eds de los Gigantes<br>En el pa\u00eds m\u00e1s peque\u00f1o de Am\u00e9rica se cr\u00edan las personas m\u00e1s grandes. Grandes en valent\u00eda, fe, trabajo, perd\u00f3n, felicidad, agradecimiento, y coraje.<\/p>\n\n\n\n<p>Tierra deseable<br>Los inversionistas extranjeros de todas las partes del mundo, quieren sus empresas en nuestro pa\u00eds. Ellos saben que aqu\u00ed tendr\u00e1n \u00e9xito. Que es un trozo de tierra buena, y que todo lo que se siembra aqu\u00ed, prospera abundantemente.<\/p>\n\n\n\n<p>Habitaci\u00f3n de Dios<br>Somos uno de los territorios m\u00e1s poblados de cristianos, hay miles de iglesias y millones de hombres y mujeres de Dios. No cabe duda que toda nuestra tierra est\u00e1 llena de la gloria de Dios.<\/p>\n\n\n\n<p>El coraz\u00f3n de Am\u00e9rica<br>Nuestro pa\u00eds est\u00e1 en el centro de todo el continente. Somos el coraz\u00f3n de Am\u00e9rica. Y desde aqu\u00ed bendecimos a Israel y a todas las naciones de la tierra.<\/p>\n\n\n\n<p>El territorio de los conquistadores<br>Despu\u00e9s de ser conquistados, pasamos a ser conquistadores. No hay ninguna parte del mundo donde no viva un salvadore\u00f1o. Hemos llenado las naciones, y somos conocidos como las personas m\u00e1s luchonas del mundo. Grandes negocios y empresas ahora son de salvadore\u00f1os.<\/p>\n\n\n\n<p>La ciudad de la alegr\u00eda<br>Hemos aprendido a sonre\u00edr, en medio de balas, terremotos, y huracanes. Las m\u00e1s grandes tristezas y ausencias no han podido silenciar nuestras carcajadas. Lloramos un momento, pero al instante nos re\u00edmos de la calamidad.<\/p>\n\n\n\n<p>El pueblo m\u00e1s afortunado<br>No creo que halla en el mundo un pa\u00eds donde no falte nada en un mismo terru\u00f1o. Monta\u00f1as, volcanes, r\u00edos, lagos, playas, centros comerciales, pueblos, ciudades y todo a pocos kil\u00f3metros de distancia. Nuestra m\u00e1s grande fortuna es Dios. A tal grado que escrito est\u00e1 en nuestra bandera las frases: Dios, uni\u00f3n y libertad.<\/p>\n\n\n\n<p>No maldigas tu pa\u00eds. Si te cuesta creer todo lo anterior eres extranjero y no salvadore\u00f1o. La iglesia cristiana debe ser la que m\u00e1s debe de bendecir y orar por nuestra naci\u00f3n. Proclamemos el nombre de Dios en nuestra naci\u00f3n. Si\u00e9ntete gozoso de tu tierra y orgullosamente declara \u201cas\u00ed se llama mi pa\u00eds\u2026 igual que el Dios en quien creemos: El salvador\u201d<\/p>\n","protected":false},"excerpt":{"rendered":"<p>Por: Pastor Otoniel Alvarado | Casa Emanuel Para Todas Las Naciones \u201cy hare de ti una naci\u00f3n grande, y te bendecir\u00e9, y engrandecer\u00e9 tu nombre, y ser\u00e1s bendici\u00f3n\u2026y ser\u00e1n benditas en ti todas las familias de la tierra\u201d Gn 12:2,3. Cuna de so\u00f1adoresNo dejamos de so\u00f1ar. Las adversidades, los conflictos e incluso las crisis no [&hellip;]<\/p>\n","protected":false},"author":3,"featured_media":10178,"comment_status":"open","ping_status":"open","sticky":false,"template":"","format":"standard","meta":[],"categories":[106],"tags":[],"yoast_head":"<!-- This site is optimized with the Yoast SEO plugin v20.8 - https:\/\/yoast.com\/wordpress\/plugins\/seo\/ -->\n<title>As\u00ed se llama mi pa\u00eds - La Prensa Cristiana<\/title>\n<meta name=\"robots\" content=\"index, follow, max-snippet:-1, max-image-preview:large, max-video-preview:-1\" \/>\n<link rel=\"canonical\" href=\"https:\/\/laprensacristiana.com\/?p=10177\" \/>\n<meta property=\"og:locale\" content=\"es_ES\" \/>\n<meta property=\"og:type\" content=\"article\" \/>\n<meta property=\"og:title\" content=\"As\u00ed se llama mi pa\u00eds - La Prensa Cristiana\" \/>\n<meta property=\"og:description\" content=\"Por: Pastor Otoniel Alvarado | Casa Emanuel Para Todas Las Naciones \u201cy hare de ti una naci\u00f3n grande, y te bendecir\u00e9, y engrandecer\u00e9 tu nombre, y ser\u00e1s bendici\u00f3n\u2026y ser\u00e1n benditas en ti todas las familias de la tierra\u201d Gn 12:2,3. Cuna de so\u00f1adoresNo dejamos de so\u00f1ar. Las adversidades, los conflictos e incluso las crisis no [&hellip;]\" \/>\n<meta property=\"og:url\" content=\"https:\/\/laprensacristiana.com\/?p=10177\" \/>\n<meta property=\"og:site_name\" content=\"La Prensa Cristiana\" \/>\n<meta property=\"article:published_time\" content=\"2020-09-15T17:26:46+00:00\" \/>\n<meta property=\"article:modified_time\" content=\"2020-09-15T17:26:53+00:00\" \/>\n<meta property=\"og:image\" content=\"https:\/\/laprensacristiana.com\/wp-content\/uploads\/2020\/09\/IMG-20200915-WA0024.jpg\" \/>\n\t<meta property=\"og:image:width\" content=\"1040\" \/>\n\t<meta property=\"og:image:height\" content=\"1280\" \/>\n\t<meta property=\"og:image:type\" content=\"image\/jpeg\" \/>\n<meta name=\"author\" content=\"EDITOR\" \/>\n<meta name=\"twitter:card\" content=\"summary_large_image\" \/>\n<meta name=\"twitter:label1\" content=\"Escrito por\" \/>\n\t<meta name=\"twitter:data1\" content=\"EDITOR\" \/>\n\t<meta name=\"twitter:label2\" content=\"Tiempo de lectura\" \/>\n\t<meta name=\"twitter:data2\" content=\"3 minutos\" \/>\n<script type=\"application\/ld+json\" class=\"yoast-schema-graph\">{\"@context\":\"https:\/\/schema.org\",\"@graph\":[{\"@type\":\"WebPage\",\"@id\":\"https:\/\/laprensacristiana.com\/?p=10177\",\"url\":\"https:\/\/laprensacristiana.com\/?p=10177\",\"name\":\"As\u00ed se llama mi pa\u00eds - La Prensa Cristiana\",\"isPartOf\":{\"@id\":\"https:\/\/laprensacristiana.com\/#website\"},\"datePublished\":\"2020-09-15T17:26:46+00:00\",\"dateModified\":\"2020-09-15T17:26:53+00:00\",\"author\":{\"@id\":\"https:\/\/laprensacristiana.com\/#\/schema\/person\/3e7d82c6bfd6b1fa67010f8f7cd5256e\"},\"breadcrumb\":{\"@id\":\"https:\/\/laprensacristiana.com\/?p=10177#breadcrumb\"},\"inLanguage\":\"es\",\"potentialAction\":[{\"@type\":\"ReadAction\",\"target\":[\"https:\/\/laprensacristiana.com\/?p=10177\"]}]},{\"@type\":\"BreadcrumbList\",\"@id\":\"https:\/\/laprensacristiana.com\/?p=10177#breadcrumb\",\"itemListElement\":[{\"@type\":\"ListItem\",\"position\":1,\"name\":\"Portada\",\"item\":\"https:\/\/laprensacristiana.com\/\"},{\"@type\":\"ListItem\",\"position\":2,\"name\":\"As\u00ed se llama mi pa\u00eds\"}]},{\"@type\":\"WebSite\",\"@id\":\"https:\/\/laprensacristiana.com\/#website\",\"url\":\"https:\/\/laprensacristiana.com\/\",\"name\":\"La Prensa Cristiana\",\"description\":\"Anunciando Las Buenas Nuevas\",\"potentialAction\":[{\"@type\":\"SearchAction\",\"target\":{\"@type\":\"EntryPoint\",\"urlTemplate\":\"https:\/\/laprensacristiana.com\/?s={search_term_string}\"},\"query-input\":\"required name=search_term_string\"}],\"inLanguage\":\"es\"},{\"@type\":\"Person\",\"@id\":\"https:\/\/laprensacristiana.com\/#\/schema\/person\/3e7d82c6bfd6b1fa67010f8f7cd5256e\",\"name\":\"EDITOR\",\"image\":{\"@type\":\"ImageObject\",\"inLanguage\":\"es\",\"@id\":\"https:\/\/laprensacristiana.com\/#\/schema\/person\/image\/\",\"url\":\"https:\/\/secure.gravatar.com\/avatar\/72069dfb6c13772d9e8381e3638666d2?s=96&d=mm&r=g\",\"contentUrl\":\"https:\/\/secure.gravatar.com\/avatar\/72069dfb6c13772d9e8381e3638666d2?s=96&d=mm&r=g\",\"caption\":\"EDITOR\"},\"url\":\"https:\/\/laprensacristiana.com\/?author=3\"}]}<\/script>\n<!-- \/ Yoast SEO plugin. -->","yoast_head_json":{"title":"As\u00ed se llama mi pa\u00eds - La Prensa Cristiana","robots":{"index":"index","follow":"follow","max-snippet":"max-snippet:-1","max-image-preview":"max-image-preview:large","max-video-preview":"max-video-preview:-1"},"canonical":"https:\/\/laprensacristiana.com\/?p=10177","og_locale":"es_ES","og_type":"article","og_title":"As\u00ed se llama mi pa\u00eds - La Prensa Cristiana","og_description":"Por: Pastor Otoniel Alvarado | Casa Emanuel Para Todas Las Naciones \u201cy hare de ti una naci\u00f3n grande, y te bendecir\u00e9, y engrandecer\u00e9 tu nombre, y ser\u00e1s bendici\u00f3n\u2026y ser\u00e1n benditas en ti todas las familias de la tierra\u201d Gn 12:2,3. Cuna de so\u00f1adoresNo dejamos de so\u00f1ar. Las adversidades, los conflictos e incluso las crisis no [&hellip;]","og_url":"https:\/\/laprensacristiana.com\/?p=10177","og_site_name":"La Prensa Cristiana","article_published_time":"2020-09-15T17:26:46+00:00","article_modified_time":"2020-09-15T17:26:53+00:00","og_image":[{"width":1040,"height":1280,"url":"https:\/\/laprensacristiana.com\/wp-content\/uploads\/2020\/09\/IMG-20200915-WA0024.jpg","type":"image\/jpeg"}],"author":"EDITOR","twitter_card":"summary_large_image","twitter_misc":{"Escrito por":"EDITOR","Tiempo de lectura":"3 minutos"},"schema":{"@context":"https:\/\/schema.org","@graph":[{"@type":"WebPage","@id":"https:\/\/laprensacristiana.com\/?p=10177","url":"https:\/\/laprensacristiana.com\/?p=10177","name":"As\u00ed se llama mi pa\u00eds - La Prensa Cristiana","isPartOf":{"@id":"https:\/\/laprensacristiana.com\/#website"},"datePublished":"2020-09-15T17:26:46+00:00","dateModified":"2020-09-15T17:26:53+00:00","author":{"@id":"https:\/\/laprensacristiana.com\/#\/schema\/person\/3e7d82c6bfd6b1fa67010f8f7cd5256e"},"breadcrumb":{"@id":"https:\/\/laprensacristiana.com\/?p=10177#breadcrumb"},"inLanguage":"es","potentialAction":[{"@type":"ReadAction","target":["https:\/\/laprensacristiana.com\/?p=10177"]}]},{"@type":"BreadcrumbList","@id":"https:\/\/laprensacristiana.com\/?p=10177#breadcrumb","itemListElement":[{"@type":"ListItem","position":1,"name":"Portada","item":"https:\/\/laprensacristiana.com\/"},{"@type":"ListItem","position":2,"name":"As\u00ed se llama mi pa\u00eds"}]},{"@type":"WebSite","@id":"https:\/\/laprensacristiana.com\/#website","url":"https:\/\/laprensacristiana.com\/","name":"La Prensa Cristiana","description":"Anunciando Las Buenas Nuevas","potentialAction":[{"@type":"SearchAction","target":{"@type":"EntryPoint","urlTemplate":"https:\/\/laprensacristiana.com\/?s={search_term_string}"},"query-input":"required name=search_term_string"}],"inLanguage":"es"},{"@type":"Person","@id":"https:\/\/laprensacristiana.com\/#\/schema\/person\/3e7d82c6bfd6b1fa67010f8f7cd5256e","name":"EDITOR","image":{"@type":"ImageObject","inLanguage":"es","@id":"https:\/\/laprensacristiana.com\/#\/schema\/person\/image\/","url":"https:\/\/secure.gravatar.com\/avatar\/72069dfb6c13772d9e8381e3638666d2?s=96&d=mm&r=g","contentUrl":"https:\/\/secure.gravatar.com\/avatar\/72069dfb6c13772d9e8381e3638666d2?s=96&d=mm&r=g","caption":"EDITOR"},"url":"https:\/\/laprensacristiana.com\/?author=3"}]}},"_links":{"self":[{"href":"https:\/\/laprensacristiana.com\/index.php?rest_route=\/wp\/v2\/posts\/10177"}],"collection":[{"href":"https:\/\/laprensacristiana.com\/index.php?rest_route=\/wp\/v2\/posts"}],"about":[{"href":"https:\/\/laprensacristiana.com\/index.php?rest_route=\/wp\/v2\/types\/post"}],"author":[{"embeddable":true,"href":"https:\/\/laprensacristiana.com\/index.php?rest_route=\/wp\/v2\/users\/3"}],"replies":[{"embeddable":true,"href":"https:\/\/laprensacristiana.com\/index.php?rest_route=%2Fwp%2Fv2%2Fcomments&post=10177"}],"version-history":[{"count":1,"href":"https:\/\/laprensacristiana.com\/index.php?rest_route=\/wp\/v2\/posts\/10177\/revisions"}],"predecessor-version":[{"id":10179,"href":"https:\/\/laprensacristiana.com\/index.php?rest_route=\/wp\/v2\/posts\/10177\/revisions\/10179"}],"wp:featuredmedia":[{"embeddable":true,"href":"https:\/\/laprensacristiana.com\/index.php?rest_route=\/wp\/v2\/media\/10178"}],"wp:attachment":[{"href":"https:\/\/laprensacristiana.com\/index.php?rest_route=%2Fwp%2Fv2%2Fmedia&parent=10177"}],"wp:term":[{"taxonomy":"category","embeddable":true,"href":"https:\/\/laprensacristiana.com\/index.php?rest_route=%2Fwp%2Fv2%2Fcategories&post=10177"},{"taxonomy":"post_tag","embeddable":true,"href":"https:\/\/laprensacristiana.com\/index.php?rest_route=%2Fwp%2Fv2%2Ftags&post=10177"}],"curies":[{"name":"wp","href":"https:\/\/api.w.org\/{rel}","templated":true}]}}