{"id":10182,"date":"2020-09-15T21:46:49","date_gmt":"2020-09-15T21:46:49","guid":{"rendered":"https:\/\/laprensacristiana.com\/?p=10182"},"modified":"2020-09-15T21:46:50","modified_gmt":"2020-09-15T21:46:50","slug":"dios-union-libertad-la-libertad-de-expresion-tambien-esta-incluida","status":"publish","type":"post","link":"https:\/\/laprensacristiana.com\/?p=10182","title":{"rendered":"DIOS \u2013 UNI\u00d3N \u2013 LIBERTAD: La libertad de expresi\u00f3n tambi\u00e9n est\u00e1 incluida"},"content":{"rendered":"\n<p>Este d\u00eda conmemoramos nuestro 199\u00ba Aniversario de Independencia. Estamos a un a\u00f1o de celebrar el Bicentenario de la gesta que logr\u00f3 la libertad de nuestra querida Centroam\u00e9rica, incluida la de nuestro querido El Salvador.Una de las frases que nos caracterizan como naci\u00f3n es la que reza en la Bandera Nacional: DIOS \u2013 UNI\u00d3N \u2013 LIBERTAD. Este d\u00eda quiero animarnos de manera general a ser vigilantes de nuestra libertad y de manera espec\u00edfica, a garantizar la libertad de expresi\u00f3n.En nuestra constituci\u00f3n leemos:<em>\u00abArt. 6.- Toda persona puede expresar y difundir libremente sus pensamientos siempre que no subvierta el orden p\u00fablico, ni lesione la moral, el honor, ni la vida privada de los dem\u00e1s. El ejercicio de este derecho no estar\u00e1 sujeto a previo examen, censura ni cauci\u00f3n; pero los que, haciendo uso de \u00e9l, infrinjan las leyes, responder\u00e1n por el delito que cometan.En ning\u00fan caso podr\u00e1 secuestrarse, como instrumentos de delito, la imprenta, sus accesorios o cualquier otro medio destinado a la difusi\u00f3n del pensamiento.No podr\u00e1n ser objeto de estatizaci\u00f3n o nacionalizaci\u00f3n, ya sea por expropiaci\u00f3n o cualquier otro procedimiento, las empresas que se dediquen a la comunicaci\u00f3n escrita, radiada o televisada, y dem\u00e1s empresas de publicaciones. Esta prohibici\u00f3n es aplicable a las acciones o cuotas sociales de sus propietarios.Las empresas mencionadas no podr\u00e1n establecer tarifas distintas o hacer cualquier otro tipo de discriminaci\u00f3n por el car\u00e1cter pol\u00edtico o religioso de lo que se publique.Se reconoce el derecho de respuesta como una protecci\u00f3n a los derechos y garant\u00edas fundamentales de la persona.\u00bb<\/em>Una sociedad del siglo XXI no debe perder la capacidad de dialogar y de establecer acuerdos. Es importante que como pa\u00eds mantengamos nuestros o\u00eddos atentos a aquello que los dem\u00e1s tengan que decir, as\u00ed sea contrario a nuestro pensamiento.De nuestra constituci\u00f3n se desprenden con claridad, principios que son la base de nuestra democracia:a. Debemos expresarnos con respeto. La dignidad de la persona humana y de cada salvadore\u00f1o debe ser mantenida en el ejercicio de nuestra libertad de expresi\u00f3n. Qui\u00e9n expresa sus ideas no debe hacerlo para difamar, calumniar, enga\u00f1ar o manipular a los dem\u00e1s, sino que debe expresar su pensamiento con respeto, con propiedad y coherencia.b. Debemos ser responsables de lo que decimos. Cuando las consecuencias de nuestras palabras nos alcanzan, pensamos dos veces antes de hablar. Pero cuando las instancias correspondientes no cumplen su papel de responsabilizar a aquellos que difaman, tergiversan o pervierten la informaci\u00f3n, se genera impunidad y no se contribuye al estado de derecho.c. Debemos fomentar la libertad de expresi\u00f3n, no restringirla. Todo lo que hagamos para generar esa cultura de la diversidad de opiniones, d\u00f3nde podamos dialogar con libertad, respeto y claridad; no con la intenci\u00f3n de vencer a los adversarios, sino con la finalidad de persuadir, construir y acordar; ser\u00e1 en beneficio y fomento de este derecho. Restringir esta libertad por medio de la coacci\u00f3n y otros medios, no debe ser algo que permitamos en nuestra sociedad si queremos avanzar a mejores momentos.d. Debemos aprender a escuchar. \u201cTenemos dos o\u00eddos y una boca, para escuchar m\u00e1s y hablar menos\u201d reza un proverbio jud\u00edo. Es inherente que cada persona tiene el derecho de respuesta y debemos asegurarnos de que por lo menos tenga la oportunidad de ello.Todos sabemos que vivimos tiempos excepcionales durante este 2020, derivados de la situaci\u00f3n generada por la pandemia del COVID-19 y sus efectos, del per\u00edodo preelectoral, de la polarizaci\u00f3n en la que vive nuestro pa\u00eds, de la falta de capacidad de di\u00e1logo entre los principales actores sociales de nuestra naci\u00f3n y de no contar con l\u00edneas estrat\u00e9gicas claras para el futuro de El Salvador\u2026 Todo ello requiere que hablemos y acordemos. En la medida que fomentemos la libertad de expresi\u00f3n, haremos de esta naci\u00f3n algo m\u00e1s grande de lo que ya somos; pero en la medida que perdamos la capacidad de dialogar y acordar (por m\u00e1s antag\u00f3nicas que sean las opiniones) estaremos comprometiendo el futuro de nuestro querido El Salvador.\u00a1Feliz D\u00eda de la Independencia! Recordemos: DIOS es qui\u00e9n nos da UNI\u00d3N y LIBERTADMauricio Castell\u00f3n.Presidente de Alianza Evang\u00e9lica de El Salvador.<\/p>\n","protected":false},"excerpt":{"rendered":"<p>Este d\u00eda conmemoramos nuestro 199\u00ba Aniversario de Independencia. Estamos a un a\u00f1o de celebrar el Bicentenario de la gesta que logr\u00f3 la libertad de nuestra querida Centroam\u00e9rica, incluida la de nuestro querido El Salvador.Una de las frases que nos caracterizan como naci\u00f3n es la que reza en la Bandera Nacional: DIOS \u2013 UNI\u00d3N \u2013 LIBERTAD. [&hellip;]<\/p>\n","protected":false},"author":3,"featured_media":4963,"comment_status":"open","ping_status":"open","sticky":false,"template":"","format":"standard","meta":[],"categories":[23],"tags":[],"yoast_head":"<!-- This site is optimized with the Yoast SEO plugin v20.8 - https:\/\/yoast.com\/wordpress\/plugins\/seo\/ -->\n<title>DIOS \u2013 UNI\u00d3N \u2013 LIBERTAD: La libertad de expresi\u00f3n tambi\u00e9n est\u00e1 incluida - La Prensa Cristiana<\/title>\n<meta name=\"robots\" content=\"index, follow, max-snippet:-1, max-image-preview:large, max-video-preview:-1\" \/>\n<link rel=\"canonical\" href=\"https:\/\/laprensacristiana.com\/?p=10182\" \/>\n<meta property=\"og:locale\" content=\"es_ES\" \/>\n<meta property=\"og:type\" content=\"article\" \/>\n<meta property=\"og:title\" content=\"DIOS \u2013 UNI\u00d3N \u2013 LIBERTAD: La libertad de expresi\u00f3n tambi\u00e9n est\u00e1 incluida - La Prensa Cristiana\" \/>\n<meta property=\"og:description\" content=\"Este d\u00eda conmemoramos nuestro 199\u00ba Aniversario de Independencia. Estamos a un a\u00f1o de celebrar el Bicentenario de la gesta que logr\u00f3 la libertad de nuestra querida Centroam\u00e9rica, incluida la de nuestro querido El Salvador.Una de las frases que nos caracterizan como naci\u00f3n es la que reza en la Bandera Nacional: DIOS \u2013 UNI\u00d3N \u2013 LIBERTAD. [&hellip;]\" \/>\n<meta property=\"og:url\" content=\"https:\/\/laprensacristiana.com\/?p=10182\" \/>\n<meta property=\"og:site_name\" content=\"La Prensa Cristiana\" \/>\n<meta property=\"article:published_time\" content=\"2020-09-15T21:46:49+00:00\" \/>\n<meta property=\"article:modified_time\" content=\"2020-09-15T21:46:50+00:00\" \/>\n<meta property=\"og:image\" content=\"https:\/\/laprensacristiana.com\/wp-content\/uploads\/2019\/01\/OPINION-CASTELLON.jpg\" \/>\n\t<meta property=\"og:image:width\" content=\"1369\" \/>\n\t<meta property=\"og:image:height\" content=\"693\" \/>\n\t<meta property=\"og:image:type\" content=\"image\/jpeg\" \/>\n<meta name=\"author\" content=\"EDITOR\" \/>\n<meta name=\"twitter:card\" content=\"summary_large_image\" \/>\n<meta name=\"twitter:label1\" content=\"Escrito por\" \/>\n\t<meta name=\"twitter:data1\" content=\"EDITOR\" \/>\n\t<meta name=\"twitter:label2\" content=\"Tiempo de lectura\" \/>\n\t<meta name=\"twitter:data2\" content=\"4 minutos\" \/>\n<script type=\"application\/ld+json\" class=\"yoast-schema-graph\">{\"@context\":\"https:\/\/schema.org\",\"@graph\":[{\"@type\":\"WebPage\",\"@id\":\"https:\/\/laprensacristiana.com\/?p=10182\",\"url\":\"https:\/\/laprensacristiana.com\/?p=10182\",\"name\":\"DIOS \u2013 UNI\u00d3N \u2013 LIBERTAD: La libertad de expresi\u00f3n tambi\u00e9n est\u00e1 incluida - La Prensa Cristiana\",\"isPartOf\":{\"@id\":\"https:\/\/laprensacristiana.com\/#website\"},\"datePublished\":\"2020-09-15T21:46:49+00:00\",\"dateModified\":\"2020-09-15T21:46:50+00:00\",\"author\":{\"@id\":\"https:\/\/laprensacristiana.com\/#\/schema\/person\/3e7d82c6bfd6b1fa67010f8f7cd5256e\"},\"breadcrumb\":{\"@id\":\"https:\/\/laprensacristiana.com\/?p=10182#breadcrumb\"},\"inLanguage\":\"es\",\"potentialAction\":[{\"@type\":\"ReadAction\",\"target\":[\"https:\/\/laprensacristiana.com\/?p=10182\"]}]},{\"@type\":\"BreadcrumbList\",\"@id\":\"https:\/\/laprensacristiana.com\/?p=10182#breadcrumb\",\"itemListElement\":[{\"@type\":\"ListItem\",\"position\":1,\"name\":\"Portada\",\"item\":\"https:\/\/laprensacristiana.com\/\"},{\"@type\":\"ListItem\",\"position\":2,\"name\":\"DIOS \u2013 UNI\u00d3N \u2013 LIBERTAD: La libertad de expresi\u00f3n tambi\u00e9n est\u00e1 incluida\"}]},{\"@type\":\"WebSite\",\"@id\":\"https:\/\/laprensacristiana.com\/#website\",\"url\":\"https:\/\/laprensacristiana.com\/\",\"name\":\"La Prensa Cristiana\",\"description\":\"Anunciando Las Buenas Nuevas\",\"potentialAction\":[{\"@type\":\"SearchAction\",\"target\":{\"@type\":\"EntryPoint\",\"urlTemplate\":\"https:\/\/laprensacristiana.com\/?s={search_term_string}\"},\"query-input\":\"required name=search_term_string\"}],\"inLanguage\":\"es\"},{\"@type\":\"Person\",\"@id\":\"https:\/\/laprensacristiana.com\/#\/schema\/person\/3e7d82c6bfd6b1fa67010f8f7cd5256e\",\"name\":\"EDITOR\",\"image\":{\"@type\":\"ImageObject\",\"inLanguage\":\"es\",\"@id\":\"https:\/\/laprensacristiana.com\/#\/schema\/person\/image\/\",\"url\":\"https:\/\/secure.gravatar.com\/avatar\/72069dfb6c13772d9e8381e3638666d2?s=96&d=mm&r=g\",\"contentUrl\":\"https:\/\/secure.gravatar.com\/avatar\/72069dfb6c13772d9e8381e3638666d2?s=96&d=mm&r=g\",\"caption\":\"EDITOR\"},\"url\":\"https:\/\/laprensacristiana.com\/?author=3\"}]}<\/script>\n<!-- \/ Yoast SEO plugin. -->","yoast_head_json":{"title":"DIOS \u2013 UNI\u00d3N \u2013 LIBERTAD: La libertad de expresi\u00f3n tambi\u00e9n est\u00e1 incluida - La Prensa Cristiana","robots":{"index":"index","follow":"follow","max-snippet":"max-snippet:-1","max-image-preview":"max-image-preview:large","max-video-preview":"max-video-preview:-1"},"canonical":"https:\/\/laprensacristiana.com\/?p=10182","og_locale":"es_ES","og_type":"article","og_title":"DIOS \u2013 UNI\u00d3N \u2013 LIBERTAD: La libertad de expresi\u00f3n tambi\u00e9n est\u00e1 incluida - La Prensa Cristiana","og_description":"Este d\u00eda conmemoramos nuestro 199\u00ba Aniversario de Independencia. Estamos a un a\u00f1o de celebrar el Bicentenario de la gesta que logr\u00f3 la libertad de nuestra querida Centroam\u00e9rica, incluida la de nuestro querido El Salvador.Una de las frases que nos caracterizan como naci\u00f3n es la que reza en la Bandera Nacional: DIOS \u2013 UNI\u00d3N \u2013 LIBERTAD. [&hellip;]","og_url":"https:\/\/laprensacristiana.com\/?p=10182","og_site_name":"La Prensa Cristiana","article_published_time":"2020-09-15T21:46:49+00:00","article_modified_time":"2020-09-15T21:46:50+00:00","og_image":[{"width":1369,"height":693,"url":"https:\/\/laprensacristiana.com\/wp-content\/uploads\/2019\/01\/OPINION-CASTELLON.jpg","type":"image\/jpeg"}],"author":"EDITOR","twitter_card":"summary_large_image","twitter_misc":{"Escrito por":"EDITOR","Tiempo de lectura":"4 minutos"},"schema":{"@context":"https:\/\/schema.org","@graph":[{"@type":"WebPage","@id":"https:\/\/laprensacristiana.com\/?p=10182","url":"https:\/\/laprensacristiana.com\/?p=10182","name":"DIOS \u2013 UNI\u00d3N \u2013 LIBERTAD: La libertad de expresi\u00f3n tambi\u00e9n est\u00e1 incluida - La Prensa Cristiana","isPartOf":{"@id":"https:\/\/laprensacristiana.com\/#website"},"datePublished":"2020-09-15T21:46:49+00:00","dateModified":"2020-09-15T21:46:50+00:00","author":{"@id":"https:\/\/laprensacristiana.com\/#\/schema\/person\/3e7d82c6bfd6b1fa67010f8f7cd5256e"},"breadcrumb":{"@id":"https:\/\/laprensacristiana.com\/?p=10182#breadcrumb"},"inLanguage":"es","potentialAction":[{"@type":"ReadAction","target":["https:\/\/laprensacristiana.com\/?p=10182"]}]},{"@type":"BreadcrumbList","@id":"https:\/\/laprensacristiana.com\/?p=10182#breadcrumb","itemListElement":[{"@type":"ListItem","position":1,"name":"Portada","item":"https:\/\/laprensacristiana.com\/"},{"@type":"ListItem","position":2,"name":"DIOS \u2013 UNI\u00d3N \u2013 LIBERTAD: La libertad de expresi\u00f3n tambi\u00e9n est\u00e1 incluida"}]},{"@type":"WebSite","@id":"https:\/\/laprensacristiana.com\/#website","url":"https:\/\/laprensacristiana.com\/","name":"La Prensa Cristiana","description":"Anunciando Las Buenas Nuevas","potentialAction":[{"@type":"SearchAction","target":{"@type":"EntryPoint","urlTemplate":"https:\/\/laprensacristiana.com\/?s={search_term_string}"},"query-input":"required name=search_term_string"}],"inLanguage":"es"},{"@type":"Person","@id":"https:\/\/laprensacristiana.com\/#\/schema\/person\/3e7d82c6bfd6b1fa67010f8f7cd5256e","name":"EDITOR","image":{"@type":"ImageObject","inLanguage":"es","@id":"https:\/\/laprensacristiana.com\/#\/schema\/person\/image\/","url":"https:\/\/secure.gravatar.com\/avatar\/72069dfb6c13772d9e8381e3638666d2?s=96&d=mm&r=g","contentUrl":"https:\/\/secure.gravatar.com\/avatar\/72069dfb6c13772d9e8381e3638666d2?s=96&d=mm&r=g","caption":"EDITOR"},"url":"https:\/\/laprensacristiana.com\/?author=3"}]}},"_links":{"self":[{"href":"https:\/\/laprensacristiana.com\/index.php?rest_route=\/wp\/v2\/posts\/10182"}],"collection":[{"href":"https:\/\/laprensacristiana.com\/index.php?rest_route=\/wp\/v2\/posts"}],"about":[{"href":"https:\/\/laprensacristiana.com\/index.php?rest_route=\/wp\/v2\/types\/post"}],"author":[{"embeddable":true,"href":"https:\/\/laprensacristiana.com\/index.php?rest_route=\/wp\/v2\/users\/3"}],"replies":[{"embeddable":true,"href":"https:\/\/laprensacristiana.com\/index.php?rest_route=%2Fwp%2Fv2%2Fcomments&post=10182"}],"version-history":[{"count":1,"href":"https:\/\/laprensacristiana.com\/index.php?rest_route=\/wp\/v2\/posts\/10182\/revisions"}],"predecessor-version":[{"id":10183,"href":"https:\/\/laprensacristiana.com\/index.php?rest_route=\/wp\/v2\/posts\/10182\/revisions\/10183"}],"wp:featuredmedia":[{"embeddable":true,"href":"https:\/\/laprensacristiana.com\/index.php?rest_route=\/wp\/v2\/media\/4963"}],"wp:attachment":[{"href":"https:\/\/laprensacristiana.com\/index.php?rest_route=%2Fwp%2Fv2%2Fmedia&parent=10182"}],"wp:term":[{"taxonomy":"category","embeddable":true,"href":"https:\/\/laprensacristiana.com\/index.php?rest_route=%2Fwp%2Fv2%2Fcategories&post=10182"},{"taxonomy":"post_tag","embeddable":true,"href":"https:\/\/laprensacristiana.com\/index.php?rest_route=%2Fwp%2Fv2%2Ftags&post=10182"}],"curies":[{"name":"wp","href":"https:\/\/api.w.org\/{rel}","templated":true}]}}