{"id":10188,"date":"2020-09-16T17:37:47","date_gmt":"2020-09-16T17:37:47","guid":{"rendered":"https:\/\/laprensacristiana.com\/?p=10188"},"modified":"2020-09-16T17:37:48","modified_gmt":"2020-09-16T17:37:48","slug":"world-vision-lanza-reto-mateo-25","status":"publish","type":"post","link":"https:\/\/laprensacristiana.com\/?p=10188","title":{"rendered":"World Vision lanza \u201cReto Mateo 25\u201d"},"content":{"rendered":"\n<p>En el presente mes Word Vision est\u00e1 lanzando una iniciativa regional titulada el&nbsp;Reto Mateo 25,&nbsp;es una experiencia de discipulado de una semana, en la que se pueda compartir el amor de Dios y llevar esperanza.<\/p>\n\n\n\n<p>Se vivir\u00e1 este pasaje b\u00edblico mediante retos y desaf\u00edos diarios, comprometidos con&nbsp;\u201cla ni\u00f1ez m\u00e1s vulnerable\u201d&nbsp;en el amor de Dios para cuidar del&nbsp;\u201cpr\u00f3jimo\u201d&nbsp;que vive en situaciones de vulnerabilidad en todo el mundo.<\/p>\n\n\n\n<p>\u201cTendremos como embajador del Reto Mateo 25 a Alex Campos, reconocido cantante cristiano que desde Colombia nos estar\u00e1 animando a ser parte del reto. La inscripci\u00f3n estar\u00e1 abierta del 14 al 27 de septiembre y en este tiempo se estar\u00e1n enviando mensajes de Whatsapp, SMS y correo electr\u00f3nico, invit\u00e1ndote o inform\u00e1ndote de diversas actividades que retaran tu vida cristiana\u201d expres\u00f3 Jean Paul Ortiz, Coordinador de Fe y Desarrollo de World Vision El Salvador.<br><br><\/p>\n\n\n\n<p>Un reto virtual que llevar\u00e1 a solidarizarse con los m\u00e1s necesitados y comprender algunas realidades de la pobreza, aparte de conocer el coraz\u00f3n de Dios para los que viven estas circunstancias. Para participar del reto basta con accesar e\u00a0 inscribirse en el siguiente link:\u00a0<a rel=\"noreferrer noopener\" href=\"https:\/\/info.worldvision.co\/reto-mateo-25-alexcampos%C2%A0(seleccionar\" target=\"_blank\">https:\/\/info.worldvision.co\/reto-mateo-25-alexcampos\u00a0(seleccionar<\/a> el pa\u00eds de El Salvador y unirse al reto).<br>El reto se desarrollar\u00e1 la semana del 28 de septiembre al 4 de octubre y cada d\u00eda de esta semana Alex Campos y World Vision te invitaran a realizar cada d\u00eda el reto diario, al final el domingo 4 de octubre cada iglesia puede celebrar en un culto general o alguna actividad, como les ha ido esta semana seg\u00fan las vivencias del Reto Mateo 25:35 como lo cita en el evangelio.<\/p>\n\n\n\n<figure class=\"wp-block-embed-youtube wp-block-embed is-type-video is-provider-youtube wp-embed-aspect-16-9 wp-has-aspect-ratio\"><div class=\"wp-block-embed__wrapper\">\n<iframe loading=\"lazy\" title=\"Lanzamiento - Reto Mateo 25\" width=\"696\" height=\"392\" src=\"https:\/\/www.youtube.com\/embed\/FKFpv1_zppw?feature=oembed&#038;enablejsapi=1\" frameborder=\"0\" allow=\"accelerometer; autoplay; clipboard-write; encrypted-media; gyroscope; picture-in-picture\" allowfullscreen><\/iframe>\n<\/div><\/figure>\n\n\n\n<p><br><\/p>\n","protected":false},"excerpt":{"rendered":"<p>En el presente mes Word Vision est\u00e1 lanzando una iniciativa regional titulada el&nbsp;Reto Mateo 25,&nbsp;es una experiencia de discipulado de una semana, en la que se pueda compartir el amor de Dios y llevar esperanza. Se vivir\u00e1 este pasaje b\u00edblico mediante retos y desaf\u00edos diarios, comprometidos con&nbsp;\u201cla ni\u00f1ez m\u00e1s vulnerable\u201d&nbsp;en el amor de Dios para [&hellip;]<\/p>\n","protected":false},"author":3,"featured_media":10190,"comment_status":"open","ping_status":"open","sticky":false,"template":"","format":"standard","meta":[],"categories":[56],"tags":[],"yoast_head":"<!-- This site is optimized with the Yoast SEO plugin v20.8 - https:\/\/yoast.com\/wordpress\/plugins\/seo\/ -->\n<title>World Vision lanza \u201cReto Mateo 25\u201d - La Prensa Cristiana<\/title>\n<meta name=\"robots\" content=\"index, follow, max-snippet:-1, max-image-preview:large, max-video-preview:-1\" \/>\n<link rel=\"canonical\" href=\"https:\/\/laprensacristiana.com\/?p=10188\" \/>\n<meta property=\"og:locale\" content=\"es_ES\" \/>\n<meta property=\"og:type\" content=\"article\" \/>\n<meta property=\"og:title\" content=\"World Vision lanza \u201cReto Mateo 25\u201d - La Prensa Cristiana\" \/>\n<meta property=\"og:description\" content=\"En el presente mes Word Vision est\u00e1 lanzando una iniciativa regional titulada el&nbsp;Reto Mateo 25,&nbsp;es una experiencia de discipulado de una semana, en la que se pueda compartir el amor de Dios y llevar esperanza. Se vivir\u00e1 este pasaje b\u00edblico mediante retos y desaf\u00edos diarios, comprometidos con&nbsp;\u201cla ni\u00f1ez m\u00e1s vulnerable\u201d&nbsp;en el amor de Dios para [&hellip;]\" \/>\n<meta property=\"og:url\" content=\"https:\/\/laprensacristiana.com\/?p=10188\" \/>\n<meta property=\"og:site_name\" content=\"La Prensa Cristiana\" \/>\n<meta property=\"article:published_time\" content=\"2020-09-16T17:37:47+00:00\" \/>\n<meta property=\"article:modified_time\" content=\"2020-09-16T17:37:48+00:00\" \/>\n<meta property=\"og:image\" content=\"https:\/\/laprensacristiana.com\/wp-content\/uploads\/2020\/09\/WhatsApp-Image-2020-09-16-at-11.36.58-AM.jpeg\" \/>\n\t<meta property=\"og:image:width\" content=\"720\" \/>\n\t<meta property=\"og:image:height\" content=\"601\" \/>\n\t<meta property=\"og:image:type\" content=\"image\/jpeg\" \/>\n<meta name=\"author\" content=\"EDITOR\" \/>\n<meta name=\"twitter:card\" content=\"summary_large_image\" \/>\n<meta name=\"twitter:label1\" content=\"Escrito por\" \/>\n\t<meta name=\"twitter:data1\" content=\"EDITOR\" \/>\n\t<meta name=\"twitter:label2\" content=\"Tiempo de lectura\" \/>\n\t<meta name=\"twitter:data2\" content=\"1 minuto\" \/>\n<script type=\"application\/ld+json\" class=\"yoast-schema-graph\">{\"@context\":\"https:\/\/schema.org\",\"@graph\":[{\"@type\":\"WebPage\",\"@id\":\"https:\/\/laprensacristiana.com\/?p=10188\",\"url\":\"https:\/\/laprensacristiana.com\/?p=10188\",\"name\":\"World Vision lanza \u201cReto Mateo 25\u201d - La Prensa Cristiana\",\"isPartOf\":{\"@id\":\"https:\/\/laprensacristiana.com\/#website\"},\"datePublished\":\"2020-09-16T17:37:47+00:00\",\"dateModified\":\"2020-09-16T17:37:48+00:00\",\"author\":{\"@id\":\"https:\/\/laprensacristiana.com\/#\/schema\/person\/3e7d82c6bfd6b1fa67010f8f7cd5256e\"},\"breadcrumb\":{\"@id\":\"https:\/\/laprensacristiana.com\/?p=10188#breadcrumb\"},\"inLanguage\":\"es\",\"potentialAction\":[{\"@type\":\"ReadAction\",\"target\":[\"https:\/\/laprensacristiana.com\/?p=10188\"]}]},{\"@type\":\"BreadcrumbList\",\"@id\":\"https:\/\/laprensacristiana.com\/?p=10188#breadcrumb\",\"itemListElement\":[{\"@type\":\"ListItem\",\"position\":1,\"name\":\"Portada\",\"item\":\"https:\/\/laprensacristiana.com\/\"},{\"@type\":\"ListItem\",\"position\":2,\"name\":\"World Vision lanza \u201cReto Mateo 25\u201d\"}]},{\"@type\":\"WebSite\",\"@id\":\"https:\/\/laprensacristiana.com\/#website\",\"url\":\"https:\/\/laprensacristiana.com\/\",\"name\":\"La Prensa Cristiana\",\"description\":\"Anunciando Las Buenas Nuevas\",\"potentialAction\":[{\"@type\":\"SearchAction\",\"target\":{\"@type\":\"EntryPoint\",\"urlTemplate\":\"https:\/\/laprensacristiana.com\/?s={search_term_string}\"},\"query-input\":\"required name=search_term_string\"}],\"inLanguage\":\"es\"},{\"@type\":\"Person\",\"@id\":\"https:\/\/laprensacristiana.com\/#\/schema\/person\/3e7d82c6bfd6b1fa67010f8f7cd5256e\",\"name\":\"EDITOR\",\"image\":{\"@type\":\"ImageObject\",\"inLanguage\":\"es\",\"@id\":\"https:\/\/laprensacristiana.com\/#\/schema\/person\/image\/\",\"url\":\"https:\/\/secure.gravatar.com\/avatar\/72069dfb6c13772d9e8381e3638666d2?s=96&d=mm&r=g\",\"contentUrl\":\"https:\/\/secure.gravatar.com\/avatar\/72069dfb6c13772d9e8381e3638666d2?s=96&d=mm&r=g\",\"caption\":\"EDITOR\"},\"url\":\"https:\/\/laprensacristiana.com\/?author=3\"}]}<\/script>\n<!-- \/ Yoast SEO plugin. -->","yoast_head_json":{"title":"World Vision lanza \u201cReto Mateo 25\u201d - La Prensa Cristiana","robots":{"index":"index","follow":"follow","max-snippet":"max-snippet:-1","max-image-preview":"max-image-preview:large","max-video-preview":"max-video-preview:-1"},"canonical":"https:\/\/laprensacristiana.com\/?p=10188","og_locale":"es_ES","og_type":"article","og_title":"World Vision lanza \u201cReto Mateo 25\u201d - La Prensa Cristiana","og_description":"En el presente mes Word Vision est\u00e1 lanzando una iniciativa regional titulada el&nbsp;Reto Mateo 25,&nbsp;es una experiencia de discipulado de una semana, en la que se pueda compartir el amor de Dios y llevar esperanza. Se vivir\u00e1 este pasaje b\u00edblico mediante retos y desaf\u00edos diarios, comprometidos con&nbsp;\u201cla ni\u00f1ez m\u00e1s vulnerable\u201d&nbsp;en el amor de Dios para [&hellip;]","og_url":"https:\/\/laprensacristiana.com\/?p=10188","og_site_name":"La Prensa Cristiana","article_published_time":"2020-09-16T17:37:47+00:00","article_modified_time":"2020-09-16T17:37:48+00:00","og_image":[{"width":720,"height":601,"url":"https:\/\/laprensacristiana.com\/wp-content\/uploads\/2020\/09\/WhatsApp-Image-2020-09-16-at-11.36.58-AM.jpeg","type":"image\/jpeg"}],"author":"EDITOR","twitter_card":"summary_large_image","twitter_misc":{"Escrito por":"EDITOR","Tiempo de lectura":"1 minuto"},"schema":{"@context":"https:\/\/schema.org","@graph":[{"@type":"WebPage","@id":"https:\/\/laprensacristiana.com\/?p=10188","url":"https:\/\/laprensacristiana.com\/?p=10188","name":"World Vision lanza \u201cReto Mateo 25\u201d - La Prensa Cristiana","isPartOf":{"@id":"https:\/\/laprensacristiana.com\/#website"},"datePublished":"2020-09-16T17:37:47+00:00","dateModified":"2020-09-16T17:37:48+00:00","author":{"@id":"https:\/\/laprensacristiana.com\/#\/schema\/person\/3e7d82c6bfd6b1fa67010f8f7cd5256e"},"breadcrumb":{"@id":"https:\/\/laprensacristiana.com\/?p=10188#breadcrumb"},"inLanguage":"es","potentialAction":[{"@type":"ReadAction","target":["https:\/\/laprensacristiana.com\/?p=10188"]}]},{"@type":"BreadcrumbList","@id":"https:\/\/laprensacristiana.com\/?p=10188#breadcrumb","itemListElement":[{"@type":"ListItem","position":1,"name":"Portada","item":"https:\/\/laprensacristiana.com\/"},{"@type":"ListItem","position":2,"name":"World Vision lanza \u201cReto Mateo 25\u201d"}]},{"@type":"WebSite","@id":"https:\/\/laprensacristiana.com\/#website","url":"https:\/\/laprensacristiana.com\/","name":"La Prensa Cristiana","description":"Anunciando Las Buenas Nuevas","potentialAction":[{"@type":"SearchAction","target":{"@type":"EntryPoint","urlTemplate":"https:\/\/laprensacristiana.com\/?s={search_term_string}"},"query-input":"required name=search_term_string"}],"inLanguage":"es"},{"@type":"Person","@id":"https:\/\/laprensacristiana.com\/#\/schema\/person\/3e7d82c6bfd6b1fa67010f8f7cd5256e","name":"EDITOR","image":{"@type":"ImageObject","inLanguage":"es","@id":"https:\/\/laprensacristiana.com\/#\/schema\/person\/image\/","url":"https:\/\/secure.gravatar.com\/avatar\/72069dfb6c13772d9e8381e3638666d2?s=96&d=mm&r=g","contentUrl":"https:\/\/secure.gravatar.com\/avatar\/72069dfb6c13772d9e8381e3638666d2?s=96&d=mm&r=g","caption":"EDITOR"},"url":"https:\/\/laprensacristiana.com\/?author=3"}]}},"_links":{"self":[{"href":"https:\/\/laprensacristiana.com\/index.php?rest_route=\/wp\/v2\/posts\/10188"}],"collection":[{"href":"https:\/\/laprensacristiana.com\/index.php?rest_route=\/wp\/v2\/posts"}],"about":[{"href":"https:\/\/laprensacristiana.com\/index.php?rest_route=\/wp\/v2\/types\/post"}],"author":[{"embeddable":true,"href":"https:\/\/laprensacristiana.com\/index.php?rest_route=\/wp\/v2\/users\/3"}],"replies":[{"embeddable":true,"href":"https:\/\/laprensacristiana.com\/index.php?rest_route=%2Fwp%2Fv2%2Fcomments&post=10188"}],"version-history":[{"count":1,"href":"https:\/\/laprensacristiana.com\/index.php?rest_route=\/wp\/v2\/posts\/10188\/revisions"}],"predecessor-version":[{"id":10191,"href":"https:\/\/laprensacristiana.com\/index.php?rest_route=\/wp\/v2\/posts\/10188\/revisions\/10191"}],"wp:featuredmedia":[{"embeddable":true,"href":"https:\/\/laprensacristiana.com\/index.php?rest_route=\/wp\/v2\/media\/10190"}],"wp:attachment":[{"href":"https:\/\/laprensacristiana.com\/index.php?rest_route=%2Fwp%2Fv2%2Fmedia&parent=10188"}],"wp:term":[{"taxonomy":"category","embeddable":true,"href":"https:\/\/laprensacristiana.com\/index.php?rest_route=%2Fwp%2Fv2%2Fcategories&post=10188"},{"taxonomy":"post_tag","embeddable":true,"href":"https:\/\/laprensacristiana.com\/index.php?rest_route=%2Fwp%2Fv2%2Ftags&post=10188"}],"curies":[{"name":"wp","href":"https:\/\/api.w.org\/{rel}","templated":true}]}}