{"id":10210,"date":"2020-09-21T15:37:32","date_gmt":"2020-09-21T15:37:32","guid":{"rendered":"https:\/\/laprensacristiana.com\/?p=10210"},"modified":"2020-09-21T15:37:36","modified_gmt":"2020-09-21T15:37:36","slug":"la-mirada-de-jesus","status":"publish","type":"post","link":"https:\/\/laprensacristiana.com\/?p=10210","title":{"rendered":"La mirada de Jes\u00fas"},"content":{"rendered":"\n<p>Lucas 22:61 \u201cEntonces el Se\u00f1or se volvi\u00f3 y mir\u00f3 a Pedro\u2026\u201d<\/p>\n\n\n\n<p>\u00bfQu\u00e9 fue lo que \u201cmir\u00f3\u201d Jesus en Pedro aquella famosa madrugada en que estaba siendo golpeado y su amigo lo negaba? \u00bfHasta donde lleg\u00f3 la mirada de Jesus como para que Pedro se sintiera el m\u00e0s vil de los hombres? \u00bfSer\u00eda por la mirada? \u00bfQu\u00e9 clase de mirada le envi\u00f3 Jesus a su amigo en aquel momento para que saliera avergonzado, humillado, confrontado y llorando amargamente?&nbsp; Lo vamos a averiguar estudiando los cuatro cuadrantes de la Ventana de Yohari:<\/p>\n\n\n\n<p>Tenemos cuatro dimensiones dentro de nosotros.&nbsp; Nos deben servir para que conozcamos quienes somos, qu\u00e9 somos capaces de hacer y lo que estamos viviendo delante de los otros y a escondidas de los otros:<\/p>\n\n\n\n<p>1.- El cuadrante p\u00fablico: lo que no se oculta. Todos nos ven por lo que hacemos y decimos.<\/p>\n\n\n\n<p>2.- El cuadrante oculto: Los sue\u00f1os, proyectos, debilidades, h\u00e1bitos. Lo que no ocultamos a&nbsp;&nbsp;&nbsp;&nbsp;&nbsp;&nbsp;&nbsp;&nbsp;&nbsp;&nbsp;<\/p>\n\n\n\n<p>&nbsp;&nbsp;&nbsp;&nbsp; los dem\u00e1s. Los compartimos libremente. Son las cosas que publicamos.<\/p>\n\n\n\n<p>3.- El cuadrante ciego: Lo que otros saben que nosotros no sabemos que lo saben. Aqu\u00ed es&nbsp;&nbsp;<\/p>\n\n\n\n<p>&nbsp;&nbsp;&nbsp;&nbsp; donde necesitamos verdaderos amigos. Que nos acepten y nos amen con todo lo que&nbsp;&nbsp;<\/p>\n\n\n\n<p>&nbsp;&nbsp;&nbsp;&nbsp; saben de nosotros y nosotros no sabemos que ellos lo saben.<\/p>\n\n\n\n<p>4.- El cuadrante desconocido: Lo que nosotros no sabemos de nosotros mismos.<\/p>\n\n\n\n<p>Este fue -si me lo permite-, el momento que Pedro sinti\u00f3 un escalofr\u00edo cuando Jesus lo \u201cmir\u00f3\u201d.&nbsp; Porque Jesus lo traspas\u00f3 con su mirada hasta el cuadrante cuatro.&nbsp; \u00c8l vio lo que Pedro no sab\u00eca que Jesus sab\u00eca.&nbsp; Jesus se lo hab\u00eda dicho: Que lo iba a negar.&nbsp; Pedro no lo crey\u00f3, hasta que Jesus lo vio. Aunque su boca dijo otra cosa, en su interior hab\u00eda otra conducta desconocida para su amigo.&nbsp; Pero no para Dios. Es por eso que Dios \u201cmira\u201d las intenciones del coraz\u00f3n.&nbsp; Lo m\u00e0s profundo de nuestro ser.&nbsp; Escucha nuestros di\u00e1logos internos.&nbsp; Nuestros pensamientos m\u00e0s dram\u00e1ticos e \u00edntimos.&nbsp; All\u00ed es donde llegan los Ojos de nuestro Dios. No nos enga\u00f1emos: Dios no puede ser burlado, mis amigos. El gallo es solo un recordatorio de la excelsa mirada que Jesus le envi\u00f3 al interior m\u00e0s profundo de Pedro. Por eso lo perdon\u00f3 y lo sigui\u00f3 amando. Fue por eso que en la cruz dijo: \u201cPadre, ellos no saben lo que hacen\u2026\u201d.<\/p>\n\n\n\n<p>Y esa es nuestra esperanza: Dios nos conoce desde lo m\u00e0s \u00edntimo de nuestro ser. Y aun as\u00ed no deja de amarnos. \u00a1Qu\u00e9 Dios maravilloso el que tenemos a nuestro favor!&nbsp; Feliz Domingo amigos.<\/p>\n\n\n\n<p>SOLI DEO GLORIA<\/p>\n","protected":false},"excerpt":{"rendered":"<p>Lucas 22:61 \u201cEntonces el Se\u00f1or se volvi\u00f3 y mir\u00f3 a Pedro\u2026\u201d \u00bfQu\u00e9 fue lo que \u201cmir\u00f3\u201d Jesus en Pedro aquella famosa madrugada en que estaba siendo golpeado y su amigo lo negaba? \u00bfHasta donde lleg\u00f3 la mirada de Jesus como para que Pedro se sintiera el m\u00e0s vil de los hombres? \u00bfSer\u00eda por la mirada? [&hellip;]<\/p>\n","protected":false},"author":3,"featured_media":7949,"comment_status":"open","ping_status":"open","sticky":false,"template":"","format":"standard","meta":[],"categories":[36],"tags":[],"yoast_head":"<!-- This site is optimized with the Yoast SEO plugin v20.8 - https:\/\/yoast.com\/wordpress\/plugins\/seo\/ -->\n<title>La mirada de Jes\u00fas - La Prensa Cristiana<\/title>\n<meta name=\"robots\" content=\"index, follow, max-snippet:-1, max-image-preview:large, max-video-preview:-1\" \/>\n<link rel=\"canonical\" href=\"https:\/\/laprensacristiana.com\/?p=10210\" \/>\n<meta property=\"og:locale\" content=\"es_ES\" \/>\n<meta property=\"og:type\" content=\"article\" \/>\n<meta property=\"og:title\" content=\"La mirada de Jes\u00fas - La Prensa Cristiana\" \/>\n<meta property=\"og:description\" content=\"Lucas 22:61 \u201cEntonces el Se\u00f1or se volvi\u00f3 y mir\u00f3 a Pedro\u2026\u201d \u00bfQu\u00e9 fue lo que \u201cmir\u00f3\u201d Jesus en Pedro aquella famosa madrugada en que estaba siendo golpeado y su amigo lo negaba? \u00bfHasta donde lleg\u00f3 la mirada de Jesus como para que Pedro se sintiera el m\u00e0s vil de los hombres? \u00bfSer\u00eda por la mirada? [&hellip;]\" \/>\n<meta property=\"og:url\" content=\"https:\/\/laprensacristiana.com\/?p=10210\" \/>\n<meta property=\"og:site_name\" content=\"La Prensa Cristiana\" \/>\n<meta property=\"article:published_time\" content=\"2020-09-21T15:37:32+00:00\" \/>\n<meta property=\"article:modified_time\" content=\"2020-09-21T15:37:36+00:00\" \/>\n<meta property=\"og:image\" content=\"https:\/\/laprensacristiana.com\/wp-content\/uploads\/2020\/01\/2017-11-23-PHOTO-00003245-1.jpg\" \/>\n\t<meta property=\"og:image:width\" content=\"1280\" \/>\n\t<meta property=\"og:image:height\" content=\"714\" \/>\n\t<meta property=\"og:image:type\" content=\"image\/jpeg\" \/>\n<meta name=\"author\" content=\"EDITOR\" \/>\n<meta name=\"twitter:card\" content=\"summary_large_image\" \/>\n<meta name=\"twitter:label1\" content=\"Escrito por\" \/>\n\t<meta name=\"twitter:data1\" content=\"EDITOR\" \/>\n\t<meta name=\"twitter:label2\" content=\"Tiempo de lectura\" \/>\n\t<meta name=\"twitter:data2\" content=\"2 minutos\" \/>\n<script type=\"application\/ld+json\" class=\"yoast-schema-graph\">{\"@context\":\"https:\/\/schema.org\",\"@graph\":[{\"@type\":\"WebPage\",\"@id\":\"https:\/\/laprensacristiana.com\/?p=10210\",\"url\":\"https:\/\/laprensacristiana.com\/?p=10210\",\"name\":\"La mirada de Jes\u00fas - La Prensa Cristiana\",\"isPartOf\":{\"@id\":\"https:\/\/laprensacristiana.com\/#website\"},\"datePublished\":\"2020-09-21T15:37:32+00:00\",\"dateModified\":\"2020-09-21T15:37:36+00:00\",\"author\":{\"@id\":\"https:\/\/laprensacristiana.com\/#\/schema\/person\/3e7d82c6bfd6b1fa67010f8f7cd5256e\"},\"breadcrumb\":{\"@id\":\"https:\/\/laprensacristiana.com\/?p=10210#breadcrumb\"},\"inLanguage\":\"es\",\"potentialAction\":[{\"@type\":\"ReadAction\",\"target\":[\"https:\/\/laprensacristiana.com\/?p=10210\"]}]},{\"@type\":\"BreadcrumbList\",\"@id\":\"https:\/\/laprensacristiana.com\/?p=10210#breadcrumb\",\"itemListElement\":[{\"@type\":\"ListItem\",\"position\":1,\"name\":\"Portada\",\"item\":\"https:\/\/laprensacristiana.com\/\"},{\"@type\":\"ListItem\",\"position\":2,\"name\":\"La mirada de Jes\u00fas\"}]},{\"@type\":\"WebSite\",\"@id\":\"https:\/\/laprensacristiana.com\/#website\",\"url\":\"https:\/\/laprensacristiana.com\/\",\"name\":\"La Prensa Cristiana\",\"description\":\"Anunciando Las Buenas Nuevas\",\"potentialAction\":[{\"@type\":\"SearchAction\",\"target\":{\"@type\":\"EntryPoint\",\"urlTemplate\":\"https:\/\/laprensacristiana.com\/?s={search_term_string}\"},\"query-input\":\"required name=search_term_string\"}],\"inLanguage\":\"es\"},{\"@type\":\"Person\",\"@id\":\"https:\/\/laprensacristiana.com\/#\/schema\/person\/3e7d82c6bfd6b1fa67010f8f7cd5256e\",\"name\":\"EDITOR\",\"image\":{\"@type\":\"ImageObject\",\"inLanguage\":\"es\",\"@id\":\"https:\/\/laprensacristiana.com\/#\/schema\/person\/image\/\",\"url\":\"https:\/\/secure.gravatar.com\/avatar\/72069dfb6c13772d9e8381e3638666d2?s=96&d=mm&r=g\",\"contentUrl\":\"https:\/\/secure.gravatar.com\/avatar\/72069dfb6c13772d9e8381e3638666d2?s=96&d=mm&r=g\",\"caption\":\"EDITOR\"},\"url\":\"https:\/\/laprensacristiana.com\/?author=3\"}]}<\/script>\n<!-- \/ Yoast SEO plugin. -->","yoast_head_json":{"title":"La mirada de Jes\u00fas - La Prensa Cristiana","robots":{"index":"index","follow":"follow","max-snippet":"max-snippet:-1","max-image-preview":"max-image-preview:large","max-video-preview":"max-video-preview:-1"},"canonical":"https:\/\/laprensacristiana.com\/?p=10210","og_locale":"es_ES","og_type":"article","og_title":"La mirada de Jes\u00fas - La Prensa Cristiana","og_description":"Lucas 22:61 \u201cEntonces el Se\u00f1or se volvi\u00f3 y mir\u00f3 a Pedro\u2026\u201d \u00bfQu\u00e9 fue lo que \u201cmir\u00f3\u201d Jesus en Pedro aquella famosa madrugada en que estaba siendo golpeado y su amigo lo negaba? \u00bfHasta donde lleg\u00f3 la mirada de Jesus como para que Pedro se sintiera el m\u00e0s vil de los hombres? \u00bfSer\u00eda por la mirada? [&hellip;]","og_url":"https:\/\/laprensacristiana.com\/?p=10210","og_site_name":"La Prensa Cristiana","article_published_time":"2020-09-21T15:37:32+00:00","article_modified_time":"2020-09-21T15:37:36+00:00","og_image":[{"width":1280,"height":714,"url":"https:\/\/laprensacristiana.com\/wp-content\/uploads\/2020\/01\/2017-11-23-PHOTO-00003245-1.jpg","type":"image\/jpeg"}],"author":"EDITOR","twitter_card":"summary_large_image","twitter_misc":{"Escrito por":"EDITOR","Tiempo de lectura":"2 minutos"},"schema":{"@context":"https:\/\/schema.org","@graph":[{"@type":"WebPage","@id":"https:\/\/laprensacristiana.com\/?p=10210","url":"https:\/\/laprensacristiana.com\/?p=10210","name":"La mirada de Jes\u00fas - La Prensa Cristiana","isPartOf":{"@id":"https:\/\/laprensacristiana.com\/#website"},"datePublished":"2020-09-21T15:37:32+00:00","dateModified":"2020-09-21T15:37:36+00:00","author":{"@id":"https:\/\/laprensacristiana.com\/#\/schema\/person\/3e7d82c6bfd6b1fa67010f8f7cd5256e"},"breadcrumb":{"@id":"https:\/\/laprensacristiana.com\/?p=10210#breadcrumb"},"inLanguage":"es","potentialAction":[{"@type":"ReadAction","target":["https:\/\/laprensacristiana.com\/?p=10210"]}]},{"@type":"BreadcrumbList","@id":"https:\/\/laprensacristiana.com\/?p=10210#breadcrumb","itemListElement":[{"@type":"ListItem","position":1,"name":"Portada","item":"https:\/\/laprensacristiana.com\/"},{"@type":"ListItem","position":2,"name":"La mirada de Jes\u00fas"}]},{"@type":"WebSite","@id":"https:\/\/laprensacristiana.com\/#website","url":"https:\/\/laprensacristiana.com\/","name":"La Prensa Cristiana","description":"Anunciando Las Buenas Nuevas","potentialAction":[{"@type":"SearchAction","target":{"@type":"EntryPoint","urlTemplate":"https:\/\/laprensacristiana.com\/?s={search_term_string}"},"query-input":"required name=search_term_string"}],"inLanguage":"es"},{"@type":"Person","@id":"https:\/\/laprensacristiana.com\/#\/schema\/person\/3e7d82c6bfd6b1fa67010f8f7cd5256e","name":"EDITOR","image":{"@type":"ImageObject","inLanguage":"es","@id":"https:\/\/laprensacristiana.com\/#\/schema\/person\/image\/","url":"https:\/\/secure.gravatar.com\/avatar\/72069dfb6c13772d9e8381e3638666d2?s=96&d=mm&r=g","contentUrl":"https:\/\/secure.gravatar.com\/avatar\/72069dfb6c13772d9e8381e3638666d2?s=96&d=mm&r=g","caption":"EDITOR"},"url":"https:\/\/laprensacristiana.com\/?author=3"}]}},"_links":{"self":[{"href":"https:\/\/laprensacristiana.com\/index.php?rest_route=\/wp\/v2\/posts\/10210"}],"collection":[{"href":"https:\/\/laprensacristiana.com\/index.php?rest_route=\/wp\/v2\/posts"}],"about":[{"href":"https:\/\/laprensacristiana.com\/index.php?rest_route=\/wp\/v2\/types\/post"}],"author":[{"embeddable":true,"href":"https:\/\/laprensacristiana.com\/index.php?rest_route=\/wp\/v2\/users\/3"}],"replies":[{"embeddable":true,"href":"https:\/\/laprensacristiana.com\/index.php?rest_route=%2Fwp%2Fv2%2Fcomments&post=10210"}],"version-history":[{"count":1,"href":"https:\/\/laprensacristiana.com\/index.php?rest_route=\/wp\/v2\/posts\/10210\/revisions"}],"predecessor-version":[{"id":10211,"href":"https:\/\/laprensacristiana.com\/index.php?rest_route=\/wp\/v2\/posts\/10210\/revisions\/10211"}],"wp:featuredmedia":[{"embeddable":true,"href":"https:\/\/laprensacristiana.com\/index.php?rest_route=\/wp\/v2\/media\/7949"}],"wp:attachment":[{"href":"https:\/\/laprensacristiana.com\/index.php?rest_route=%2Fwp%2Fv2%2Fmedia&parent=10210"}],"wp:term":[{"taxonomy":"category","embeddable":true,"href":"https:\/\/laprensacristiana.com\/index.php?rest_route=%2Fwp%2Fv2%2Fcategories&post=10210"},{"taxonomy":"post_tag","embeddable":true,"href":"https:\/\/laprensacristiana.com\/index.php?rest_route=%2Fwp%2Fv2%2Ftags&post=10210"}],"curies":[{"name":"wp","href":"https:\/\/api.w.org\/{rel}","templated":true}]}}