{"id":10227,"date":"2020-09-23T17:12:03","date_gmt":"2020-09-23T17:12:03","guid":{"rendered":"https:\/\/laprensacristiana.com\/?p=10227"},"modified":"2020-09-23T17:12:04","modified_gmt":"2020-09-23T17:12:04","slug":"honduras-abrira-embajada-en-jerusalen","status":"publish","type":"post","link":"https:\/\/laprensacristiana.com\/?p=10227","title":{"rendered":"Honduras abrir\u00e1 embajada en Jerusal\u00e9n"},"content":{"rendered":"\n<p>Seg\u00fan inform\u00f3 la cuenta de Twitter&nbsp; Israel en Espa\u00f1ol, Honduras abrir\u00e1 su embajada en Jerusal\u00e9n, el d\u00eda lunes &nbsp;el presidente de Honduras Juan Orlando Hern\u00e1ndez dio a conocer que mantuvo una conversaci\u00f3n&nbsp; con el primer Ministro de Israel Benjam\u00edn&nbsp; Netanyahu, para estrechar lazos entre ambos pa\u00edses y acordar la apertura de embajadas en ambos pa\u00edses.<\/p>\n\n\n\n<p>Convirti\u00e9ndose as\u00ed en el tercer pa\u00eds que tendr\u00e1 su embajada en Jerusal\u00e9n, la embajada&nbsp; de Israel en Honduras ser\u00e1 abierta en Tegucigalpa. Se espera que para finales del 2020 se pueda concretar este proyecto.&nbsp; Las banderas de ambos pa\u00edses ondearon en sus capitales en se\u00f1al de este paso hist\u00f3rico.<\/p>\n","protected":false},"excerpt":{"rendered":"<p>Seg\u00fan inform\u00f3 la cuenta de Twitter&nbsp; Israel en Espa\u00f1ol, Honduras abrir\u00e1 su embajada en Jerusal\u00e9n, el d\u00eda lunes &nbsp;el presidente de Honduras Juan Orlando Hern\u00e1ndez dio a conocer que mantuvo una conversaci\u00f3n&nbsp; con el primer Ministro de Israel Benjam\u00edn&nbsp; Netanyahu, para estrechar lazos entre ambos pa\u00edses y acordar la apertura de embajadas en ambos pa\u00edses. [&hellip;]<\/p>\n","protected":false},"author":3,"featured_media":10228,"comment_status":"open","ping_status":"open","sticky":false,"template":"","format":"standard","meta":[],"categories":[56],"tags":[],"yoast_head":"<!-- This site is optimized with the Yoast SEO plugin v20.8 - https:\/\/yoast.com\/wordpress\/plugins\/seo\/ -->\n<title>Honduras abrir\u00e1 embajada en Jerusal\u00e9n - La Prensa Cristiana<\/title>\n<meta name=\"robots\" content=\"index, follow, max-snippet:-1, max-image-preview:large, max-video-preview:-1\" \/>\n<link rel=\"canonical\" href=\"https:\/\/laprensacristiana.com\/?p=10227\" \/>\n<meta property=\"og:locale\" content=\"es_ES\" \/>\n<meta property=\"og:type\" content=\"article\" \/>\n<meta property=\"og:title\" content=\"Honduras abrir\u00e1 embajada en Jerusal\u00e9n - La Prensa Cristiana\" \/>\n<meta property=\"og:description\" content=\"Seg\u00fan inform\u00f3 la cuenta de Twitter&nbsp; Israel en Espa\u00f1ol, Honduras abrir\u00e1 su embajada en Jerusal\u00e9n, el d\u00eda lunes &nbsp;el presidente de Honduras Juan Orlando Hern\u00e1ndez dio a conocer que mantuvo una conversaci\u00f3n&nbsp; con el primer Ministro de Israel Benjam\u00edn&nbsp; Netanyahu, para estrechar lazos entre ambos pa\u00edses y acordar la apertura de embajadas en ambos pa\u00edses. [&hellip;]\" \/>\n<meta property=\"og:url\" content=\"https:\/\/laprensacristiana.com\/?p=10227\" \/>\n<meta property=\"og:site_name\" content=\"La Prensa Cristiana\" \/>\n<meta property=\"article:published_time\" content=\"2020-09-23T17:12:03+00:00\" \/>\n<meta property=\"article:modified_time\" content=\"2020-09-23T17:12:04+00:00\" \/>\n<meta property=\"og:image\" content=\"https:\/\/laprensacristiana.com\/wp-content\/uploads\/2020\/09\/WhatsApp-Image-2020-09-23-at-10.24.38.jpeg\" \/>\n\t<meta property=\"og:image:width\" content=\"1024\" \/>\n\t<meta property=\"og:image:height\" content=\"886\" \/>\n\t<meta property=\"og:image:type\" content=\"image\/jpeg\" \/>\n<meta name=\"author\" content=\"EDITOR\" \/>\n<meta name=\"twitter:card\" content=\"summary_large_image\" \/>\n<meta name=\"twitter:label1\" content=\"Escrito por\" \/>\n\t<meta name=\"twitter:data1\" content=\"EDITOR\" \/>\n\t<meta name=\"twitter:label2\" content=\"Tiempo de lectura\" \/>\n\t<meta name=\"twitter:data2\" content=\"1 minuto\" \/>\n<script type=\"application\/ld+json\" class=\"yoast-schema-graph\">{\"@context\":\"https:\/\/schema.org\",\"@graph\":[{\"@type\":\"WebPage\",\"@id\":\"https:\/\/laprensacristiana.com\/?p=10227\",\"url\":\"https:\/\/laprensacristiana.com\/?p=10227\",\"name\":\"Honduras abrir\u00e1 embajada en Jerusal\u00e9n - La Prensa Cristiana\",\"isPartOf\":{\"@id\":\"https:\/\/laprensacristiana.com\/#website\"},\"datePublished\":\"2020-09-23T17:12:03+00:00\",\"dateModified\":\"2020-09-23T17:12:04+00:00\",\"author\":{\"@id\":\"https:\/\/laprensacristiana.com\/#\/schema\/person\/3e7d82c6bfd6b1fa67010f8f7cd5256e\"},\"breadcrumb\":{\"@id\":\"https:\/\/laprensacristiana.com\/?p=10227#breadcrumb\"},\"inLanguage\":\"es\",\"potentialAction\":[{\"@type\":\"ReadAction\",\"target\":[\"https:\/\/laprensacristiana.com\/?p=10227\"]}]},{\"@type\":\"BreadcrumbList\",\"@id\":\"https:\/\/laprensacristiana.com\/?p=10227#breadcrumb\",\"itemListElement\":[{\"@type\":\"ListItem\",\"position\":1,\"name\":\"Portada\",\"item\":\"https:\/\/laprensacristiana.com\/\"},{\"@type\":\"ListItem\",\"position\":2,\"name\":\"Honduras abrir\u00e1 embajada en Jerusal\u00e9n\"}]},{\"@type\":\"WebSite\",\"@id\":\"https:\/\/laprensacristiana.com\/#website\",\"url\":\"https:\/\/laprensacristiana.com\/\",\"name\":\"La Prensa Cristiana\",\"description\":\"Anunciando Las Buenas Nuevas\",\"potentialAction\":[{\"@type\":\"SearchAction\",\"target\":{\"@type\":\"EntryPoint\",\"urlTemplate\":\"https:\/\/laprensacristiana.com\/?s={search_term_string}\"},\"query-input\":\"required name=search_term_string\"}],\"inLanguage\":\"es\"},{\"@type\":\"Person\",\"@id\":\"https:\/\/laprensacristiana.com\/#\/schema\/person\/3e7d82c6bfd6b1fa67010f8f7cd5256e\",\"name\":\"EDITOR\",\"image\":{\"@type\":\"ImageObject\",\"inLanguage\":\"es\",\"@id\":\"https:\/\/laprensacristiana.com\/#\/schema\/person\/image\/\",\"url\":\"https:\/\/secure.gravatar.com\/avatar\/72069dfb6c13772d9e8381e3638666d2?s=96&d=mm&r=g\",\"contentUrl\":\"https:\/\/secure.gravatar.com\/avatar\/72069dfb6c13772d9e8381e3638666d2?s=96&d=mm&r=g\",\"caption\":\"EDITOR\"},\"url\":\"https:\/\/laprensacristiana.com\/?author=3\"}]}<\/script>\n<!-- \/ Yoast SEO plugin. -->","yoast_head_json":{"title":"Honduras abrir\u00e1 embajada en Jerusal\u00e9n - La Prensa Cristiana","robots":{"index":"index","follow":"follow","max-snippet":"max-snippet:-1","max-image-preview":"max-image-preview:large","max-video-preview":"max-video-preview:-1"},"canonical":"https:\/\/laprensacristiana.com\/?p=10227","og_locale":"es_ES","og_type":"article","og_title":"Honduras abrir\u00e1 embajada en Jerusal\u00e9n - La Prensa Cristiana","og_description":"Seg\u00fan inform\u00f3 la cuenta de Twitter&nbsp; Israel en Espa\u00f1ol, Honduras abrir\u00e1 su embajada en Jerusal\u00e9n, el d\u00eda lunes &nbsp;el presidente de Honduras Juan Orlando Hern\u00e1ndez dio a conocer que mantuvo una conversaci\u00f3n&nbsp; con el primer Ministro de Israel Benjam\u00edn&nbsp; Netanyahu, para estrechar lazos entre ambos pa\u00edses y acordar la apertura de embajadas en ambos pa\u00edses. [&hellip;]","og_url":"https:\/\/laprensacristiana.com\/?p=10227","og_site_name":"La Prensa Cristiana","article_published_time":"2020-09-23T17:12:03+00:00","article_modified_time":"2020-09-23T17:12:04+00:00","og_image":[{"width":1024,"height":886,"url":"https:\/\/laprensacristiana.com\/wp-content\/uploads\/2020\/09\/WhatsApp-Image-2020-09-23-at-10.24.38.jpeg","type":"image\/jpeg"}],"author":"EDITOR","twitter_card":"summary_large_image","twitter_misc":{"Escrito por":"EDITOR","Tiempo de lectura":"1 minuto"},"schema":{"@context":"https:\/\/schema.org","@graph":[{"@type":"WebPage","@id":"https:\/\/laprensacristiana.com\/?p=10227","url":"https:\/\/laprensacristiana.com\/?p=10227","name":"Honduras abrir\u00e1 embajada en Jerusal\u00e9n - La Prensa Cristiana","isPartOf":{"@id":"https:\/\/laprensacristiana.com\/#website"},"datePublished":"2020-09-23T17:12:03+00:00","dateModified":"2020-09-23T17:12:04+00:00","author":{"@id":"https:\/\/laprensacristiana.com\/#\/schema\/person\/3e7d82c6bfd6b1fa67010f8f7cd5256e"},"breadcrumb":{"@id":"https:\/\/laprensacristiana.com\/?p=10227#breadcrumb"},"inLanguage":"es","potentialAction":[{"@type":"ReadAction","target":["https:\/\/laprensacristiana.com\/?p=10227"]}]},{"@type":"BreadcrumbList","@id":"https:\/\/laprensacristiana.com\/?p=10227#breadcrumb","itemListElement":[{"@type":"ListItem","position":1,"name":"Portada","item":"https:\/\/laprensacristiana.com\/"},{"@type":"ListItem","position":2,"name":"Honduras abrir\u00e1 embajada en Jerusal\u00e9n"}]},{"@type":"WebSite","@id":"https:\/\/laprensacristiana.com\/#website","url":"https:\/\/laprensacristiana.com\/","name":"La Prensa Cristiana","description":"Anunciando Las Buenas Nuevas","potentialAction":[{"@type":"SearchAction","target":{"@type":"EntryPoint","urlTemplate":"https:\/\/laprensacristiana.com\/?s={search_term_string}"},"query-input":"required name=search_term_string"}],"inLanguage":"es"},{"@type":"Person","@id":"https:\/\/laprensacristiana.com\/#\/schema\/person\/3e7d82c6bfd6b1fa67010f8f7cd5256e","name":"EDITOR","image":{"@type":"ImageObject","inLanguage":"es","@id":"https:\/\/laprensacristiana.com\/#\/schema\/person\/image\/","url":"https:\/\/secure.gravatar.com\/avatar\/72069dfb6c13772d9e8381e3638666d2?s=96&d=mm&r=g","contentUrl":"https:\/\/secure.gravatar.com\/avatar\/72069dfb6c13772d9e8381e3638666d2?s=96&d=mm&r=g","caption":"EDITOR"},"url":"https:\/\/laprensacristiana.com\/?author=3"}]}},"_links":{"self":[{"href":"https:\/\/laprensacristiana.com\/index.php?rest_route=\/wp\/v2\/posts\/10227"}],"collection":[{"href":"https:\/\/laprensacristiana.com\/index.php?rest_route=\/wp\/v2\/posts"}],"about":[{"href":"https:\/\/laprensacristiana.com\/index.php?rest_route=\/wp\/v2\/types\/post"}],"author":[{"embeddable":true,"href":"https:\/\/laprensacristiana.com\/index.php?rest_route=\/wp\/v2\/users\/3"}],"replies":[{"embeddable":true,"href":"https:\/\/laprensacristiana.com\/index.php?rest_route=%2Fwp%2Fv2%2Fcomments&post=10227"}],"version-history":[{"count":1,"href":"https:\/\/laprensacristiana.com\/index.php?rest_route=\/wp\/v2\/posts\/10227\/revisions"}],"predecessor-version":[{"id":10229,"href":"https:\/\/laprensacristiana.com\/index.php?rest_route=\/wp\/v2\/posts\/10227\/revisions\/10229"}],"wp:featuredmedia":[{"embeddable":true,"href":"https:\/\/laprensacristiana.com\/index.php?rest_route=\/wp\/v2\/media\/10228"}],"wp:attachment":[{"href":"https:\/\/laprensacristiana.com\/index.php?rest_route=%2Fwp%2Fv2%2Fmedia&parent=10227"}],"wp:term":[{"taxonomy":"category","embeddable":true,"href":"https:\/\/laprensacristiana.com\/index.php?rest_route=%2Fwp%2Fv2%2Fcategories&post=10227"},{"taxonomy":"post_tag","embeddable":true,"href":"https:\/\/laprensacristiana.com\/index.php?rest_route=%2Fwp%2Fv2%2Ftags&post=10227"}],"curies":[{"name":"wp","href":"https:\/\/api.w.org\/{rel}","templated":true}]}}