{"id":10234,"date":"2020-09-23T17:37:41","date_gmt":"2020-09-23T17:37:41","guid":{"rendered":"https:\/\/laprensacristiana.com\/?p=10234"},"modified":"2020-09-23T17:37:42","modified_gmt":"2020-09-23T17:37:42","slug":"grammys-award-lanza-programa-digital-con-musica-gospel","status":"publish","type":"post","link":"https:\/\/laprensacristiana.com\/?p=10234","title":{"rendered":"Grammys Award lanza programa digital, con m\u00fasica gospel"},"content":{"rendered":"\n<p>A finales de agosto los Grammys decidieron a ra\u00edz de todo lo que est\u00e1 sucediendo&nbsp; en el mundo llevar un poco de aliento a trav\u00e9s de la m\u00fasica.<\/p>\n\n\n\n<p>\u201cEsta serie no trata de imponer una creencia religiosa espec\u00edfica a nadie, pero espero que aquellos en la comunidad musical y en general sepan que no todo est\u00e1 perdido. Individual o colectivamente tenemos el poder de ayudar a cambiar las cosas\u201d expres\u00f3 el editor en jefe de Grammys.com Justin Dwayne Joseph en el sitio oficial de Grammys.com<\/p>\n\n\n\n<p>El programa tiene por nombre Positive Vibes Only, cada domingo a partir del pasado 30 de agosto se han presentado diferentes artistas cristianos, transmitidos a trav\u00e9s del canal oficial de YouTube de la Academia y en sus cuentas de Instagram y Facebook.<\/p>\n\n\n\n<p>Cada programa abre con un mensaje de inspiraci\u00f3n&nbsp; por parte de poetas, oradores motivacionales, personas influyentes en redes sociales y l\u00edderes espirituales.<\/p>\n\n\n\n<p>El episodio estreno fue dirigido por el fundador de OnPurpose Movement y creador del D\u00eda internacional del Prop\u00f3sito Jovian Zayne, y el grupo Elevaci\u00f3n Worship quien fue uno de los nominados al Grammy. Se espera que diferentes nominados de m\u00fasica gospel como el grupo Miel San Marcos entre otros cantantes cristianos formen parte de los diferentes episodios&nbsp; de este nue<\/p>\n","protected":false},"excerpt":{"rendered":"<p>A finales de agosto los Grammys decidieron a ra\u00edz de todo lo que est\u00e1 sucediendo&nbsp; en el mundo llevar un poco de aliento a trav\u00e9s de la m\u00fasica. \u201cEsta serie no trata de imponer una creencia religiosa espec\u00edfica a nadie, pero espero que aquellos en la comunidad musical y en general sepan que no todo [&hellip;]<\/p>\n","protected":false},"author":3,"featured_media":10235,"comment_status":"open","ping_status":"open","sticky":false,"template":"","format":"standard","meta":[],"categories":[101],"tags":[],"yoast_head":"<!-- This site is optimized with the Yoast SEO plugin v20.8 - https:\/\/yoast.com\/wordpress\/plugins\/seo\/ -->\n<title>Grammys Award lanza programa digital, con m\u00fasica gospel - La Prensa Cristiana<\/title>\n<meta name=\"robots\" content=\"index, follow, max-snippet:-1, max-image-preview:large, max-video-preview:-1\" \/>\n<link rel=\"canonical\" href=\"https:\/\/laprensacristiana.com\/?p=10234\" \/>\n<meta property=\"og:locale\" content=\"es_ES\" \/>\n<meta property=\"og:type\" content=\"article\" \/>\n<meta property=\"og:title\" content=\"Grammys Award lanza programa digital, con m\u00fasica gospel - La Prensa Cristiana\" \/>\n<meta property=\"og:description\" content=\"A finales de agosto los Grammys decidieron a ra\u00edz de todo lo que est\u00e1 sucediendo&nbsp; en el mundo llevar un poco de aliento a trav\u00e9s de la m\u00fasica. \u201cEsta serie no trata de imponer una creencia religiosa espec\u00edfica a nadie, pero espero que aquellos en la comunidad musical y en general sepan que no todo [&hellip;]\" \/>\n<meta property=\"og:url\" content=\"https:\/\/laprensacristiana.com\/?p=10234\" \/>\n<meta property=\"og:site_name\" content=\"La Prensa Cristiana\" \/>\n<meta property=\"article:published_time\" content=\"2020-09-23T17:37:41+00:00\" \/>\n<meta property=\"article:modified_time\" content=\"2020-09-23T17:37:42+00:00\" \/>\n<meta property=\"og:image\" content=\"https:\/\/laprensacristiana.com\/wp-content\/uploads\/2020\/09\/WhatsApp-Image-2020-09-23-at-10.26.30.jpeg\" \/>\n\t<meta property=\"og:image:width\" content=\"1280\" \/>\n\t<meta property=\"og:image:height\" content=\"640\" \/>\n\t<meta property=\"og:image:type\" content=\"image\/jpeg\" \/>\n<meta name=\"author\" content=\"EDITOR\" \/>\n<meta name=\"twitter:card\" content=\"summary_large_image\" \/>\n<meta name=\"twitter:label1\" content=\"Escrito por\" \/>\n\t<meta name=\"twitter:data1\" content=\"EDITOR\" \/>\n\t<meta name=\"twitter:label2\" content=\"Tiempo de lectura\" \/>\n\t<meta name=\"twitter:data2\" content=\"1 minuto\" \/>\n<script type=\"application\/ld+json\" class=\"yoast-schema-graph\">{\"@context\":\"https:\/\/schema.org\",\"@graph\":[{\"@type\":\"WebPage\",\"@id\":\"https:\/\/laprensacristiana.com\/?p=10234\",\"url\":\"https:\/\/laprensacristiana.com\/?p=10234\",\"name\":\"Grammys Award lanza programa digital, con m\u00fasica gospel - La Prensa Cristiana\",\"isPartOf\":{\"@id\":\"https:\/\/laprensacristiana.com\/#website\"},\"datePublished\":\"2020-09-23T17:37:41+00:00\",\"dateModified\":\"2020-09-23T17:37:42+00:00\",\"author\":{\"@id\":\"https:\/\/laprensacristiana.com\/#\/schema\/person\/3e7d82c6bfd6b1fa67010f8f7cd5256e\"},\"breadcrumb\":{\"@id\":\"https:\/\/laprensacristiana.com\/?p=10234#breadcrumb\"},\"inLanguage\":\"es\",\"potentialAction\":[{\"@type\":\"ReadAction\",\"target\":[\"https:\/\/laprensacristiana.com\/?p=10234\"]}]},{\"@type\":\"BreadcrumbList\",\"@id\":\"https:\/\/laprensacristiana.com\/?p=10234#breadcrumb\",\"itemListElement\":[{\"@type\":\"ListItem\",\"position\":1,\"name\":\"Portada\",\"item\":\"https:\/\/laprensacristiana.com\/\"},{\"@type\":\"ListItem\",\"position\":2,\"name\":\"Grammys Award lanza programa digital, con m\u00fasica gospel\"}]},{\"@type\":\"WebSite\",\"@id\":\"https:\/\/laprensacristiana.com\/#website\",\"url\":\"https:\/\/laprensacristiana.com\/\",\"name\":\"La Prensa Cristiana\",\"description\":\"Anunciando Las Buenas Nuevas\",\"potentialAction\":[{\"@type\":\"SearchAction\",\"target\":{\"@type\":\"EntryPoint\",\"urlTemplate\":\"https:\/\/laprensacristiana.com\/?s={search_term_string}\"},\"query-input\":\"required name=search_term_string\"}],\"inLanguage\":\"es\"},{\"@type\":\"Person\",\"@id\":\"https:\/\/laprensacristiana.com\/#\/schema\/person\/3e7d82c6bfd6b1fa67010f8f7cd5256e\",\"name\":\"EDITOR\",\"image\":{\"@type\":\"ImageObject\",\"inLanguage\":\"es\",\"@id\":\"https:\/\/laprensacristiana.com\/#\/schema\/person\/image\/\",\"url\":\"https:\/\/secure.gravatar.com\/avatar\/72069dfb6c13772d9e8381e3638666d2?s=96&d=mm&r=g\",\"contentUrl\":\"https:\/\/secure.gravatar.com\/avatar\/72069dfb6c13772d9e8381e3638666d2?s=96&d=mm&r=g\",\"caption\":\"EDITOR\"},\"url\":\"https:\/\/laprensacristiana.com\/?author=3\"}]}<\/script>\n<!-- \/ Yoast SEO plugin. -->","yoast_head_json":{"title":"Grammys Award lanza programa digital, con m\u00fasica gospel - La Prensa Cristiana","robots":{"index":"index","follow":"follow","max-snippet":"max-snippet:-1","max-image-preview":"max-image-preview:large","max-video-preview":"max-video-preview:-1"},"canonical":"https:\/\/laprensacristiana.com\/?p=10234","og_locale":"es_ES","og_type":"article","og_title":"Grammys Award lanza programa digital, con m\u00fasica gospel - La Prensa Cristiana","og_description":"A finales de agosto los Grammys decidieron a ra\u00edz de todo lo que est\u00e1 sucediendo&nbsp; en el mundo llevar un poco de aliento a trav\u00e9s de la m\u00fasica. \u201cEsta serie no trata de imponer una creencia religiosa espec\u00edfica a nadie, pero espero que aquellos en la comunidad musical y en general sepan que no todo [&hellip;]","og_url":"https:\/\/laprensacristiana.com\/?p=10234","og_site_name":"La Prensa Cristiana","article_published_time":"2020-09-23T17:37:41+00:00","article_modified_time":"2020-09-23T17:37:42+00:00","og_image":[{"width":1280,"height":640,"url":"https:\/\/laprensacristiana.com\/wp-content\/uploads\/2020\/09\/WhatsApp-Image-2020-09-23-at-10.26.30.jpeg","type":"image\/jpeg"}],"author":"EDITOR","twitter_card":"summary_large_image","twitter_misc":{"Escrito por":"EDITOR","Tiempo de lectura":"1 minuto"},"schema":{"@context":"https:\/\/schema.org","@graph":[{"@type":"WebPage","@id":"https:\/\/laprensacristiana.com\/?p=10234","url":"https:\/\/laprensacristiana.com\/?p=10234","name":"Grammys Award lanza programa digital, con m\u00fasica gospel - La Prensa Cristiana","isPartOf":{"@id":"https:\/\/laprensacristiana.com\/#website"},"datePublished":"2020-09-23T17:37:41+00:00","dateModified":"2020-09-23T17:37:42+00:00","author":{"@id":"https:\/\/laprensacristiana.com\/#\/schema\/person\/3e7d82c6bfd6b1fa67010f8f7cd5256e"},"breadcrumb":{"@id":"https:\/\/laprensacristiana.com\/?p=10234#breadcrumb"},"inLanguage":"es","potentialAction":[{"@type":"ReadAction","target":["https:\/\/laprensacristiana.com\/?p=10234"]}]},{"@type":"BreadcrumbList","@id":"https:\/\/laprensacristiana.com\/?p=10234#breadcrumb","itemListElement":[{"@type":"ListItem","position":1,"name":"Portada","item":"https:\/\/laprensacristiana.com\/"},{"@type":"ListItem","position":2,"name":"Grammys Award lanza programa digital, con m\u00fasica gospel"}]},{"@type":"WebSite","@id":"https:\/\/laprensacristiana.com\/#website","url":"https:\/\/laprensacristiana.com\/","name":"La Prensa Cristiana","description":"Anunciando Las Buenas Nuevas","potentialAction":[{"@type":"SearchAction","target":{"@type":"EntryPoint","urlTemplate":"https:\/\/laprensacristiana.com\/?s={search_term_string}"},"query-input":"required name=search_term_string"}],"inLanguage":"es"},{"@type":"Person","@id":"https:\/\/laprensacristiana.com\/#\/schema\/person\/3e7d82c6bfd6b1fa67010f8f7cd5256e","name":"EDITOR","image":{"@type":"ImageObject","inLanguage":"es","@id":"https:\/\/laprensacristiana.com\/#\/schema\/person\/image\/","url":"https:\/\/secure.gravatar.com\/avatar\/72069dfb6c13772d9e8381e3638666d2?s=96&d=mm&r=g","contentUrl":"https:\/\/secure.gravatar.com\/avatar\/72069dfb6c13772d9e8381e3638666d2?s=96&d=mm&r=g","caption":"EDITOR"},"url":"https:\/\/laprensacristiana.com\/?author=3"}]}},"_links":{"self":[{"href":"https:\/\/laprensacristiana.com\/index.php?rest_route=\/wp\/v2\/posts\/10234"}],"collection":[{"href":"https:\/\/laprensacristiana.com\/index.php?rest_route=\/wp\/v2\/posts"}],"about":[{"href":"https:\/\/laprensacristiana.com\/index.php?rest_route=\/wp\/v2\/types\/post"}],"author":[{"embeddable":true,"href":"https:\/\/laprensacristiana.com\/index.php?rest_route=\/wp\/v2\/users\/3"}],"replies":[{"embeddable":true,"href":"https:\/\/laprensacristiana.com\/index.php?rest_route=%2Fwp%2Fv2%2Fcomments&post=10234"}],"version-history":[{"count":1,"href":"https:\/\/laprensacristiana.com\/index.php?rest_route=\/wp\/v2\/posts\/10234\/revisions"}],"predecessor-version":[{"id":10236,"href":"https:\/\/laprensacristiana.com\/index.php?rest_route=\/wp\/v2\/posts\/10234\/revisions\/10236"}],"wp:featuredmedia":[{"embeddable":true,"href":"https:\/\/laprensacristiana.com\/index.php?rest_route=\/wp\/v2\/media\/10235"}],"wp:attachment":[{"href":"https:\/\/laprensacristiana.com\/index.php?rest_route=%2Fwp%2Fv2%2Fmedia&parent=10234"}],"wp:term":[{"taxonomy":"category","embeddable":true,"href":"https:\/\/laprensacristiana.com\/index.php?rest_route=%2Fwp%2Fv2%2Fcategories&post=10234"},{"taxonomy":"post_tag","embeddable":true,"href":"https:\/\/laprensacristiana.com\/index.php?rest_route=%2Fwp%2Fv2%2Ftags&post=10234"}],"curies":[{"name":"wp","href":"https:\/\/api.w.org\/{rel}","templated":true}]}}