{"id":10250,"date":"2020-09-25T21:27:55","date_gmt":"2020-09-25T21:27:55","guid":{"rendered":"https:\/\/laprensacristiana.com\/?p=10250"},"modified":"2020-09-25T21:27:56","modified_gmt":"2020-09-25T21:27:56","slug":"piedra-o-esponja","status":"publish","type":"post","link":"https:\/\/laprensacristiana.com\/?p=10250","title":{"rendered":"Piedra o esponja"},"content":{"rendered":"\n<p>G\u00e8nesis 39:3 \u201cY vio su amo que el SE\u00d1OR estaba con \u00e9l y que el SE\u00d1OR hac\u00eda prosperar en su mano todo lo que \u00e9l hac\u00eda\u201d<\/p>\n\n\n\n<p>Jos\u00e8, el hijo de Jacob y quien era un escogido por Dios desde peque\u00f1o para ser un instrumento de bendici\u00f3n y alto impacto en las vidas de aquellos que se hab\u00edan de cruzar en su camino, hoy ha sido vendido a un oficial de Fara\u00f3n de Egipto.&nbsp; Despu\u00e9s de examinarlo, analizarlo y pagado el precio que ped\u00eda el mercader de esclavos por \u00e8l, fue llevado como siervo de Potifar. Aquel so\u00f1ador de sue\u00f1os, aquel a quien Dios hab\u00eda favorecido con mostrarle el futuro de su tierra y su familia, ahora est\u00e1 siendo esclavizado y puesto en el lugar m\u00e0s bajo en la escala social.&nbsp; Era pr\u00edncipe. Ten\u00eda realeza y abolengo. Pero en este momento es un esclavo m\u00e0s en entrenamiento para lo que vendr\u00eda despu\u00e9s.&nbsp; Jos\u00e8 no sabe hasta donde lo llevar\u00e1 su Dios.&nbsp; Solo sabe que todo est\u00e1 en su Voluntad. Todo. Incluyendo la tentaci\u00f3n de la esposa del due\u00f1o de la casa.<\/p>\n\n\n\n<p>Pero Potifar vio algo que no hab\u00eda visto nunca en sus otros esclavos.&nbsp; Que el Favor de Dios estaba con su esclavo. Todo lo que aquel joven tocaba era prosperado. Su casa ahora gozaba de paz interior, hab\u00eda como una luz que iluminaba lo m\u00e0s rec\u00f3ndito de su hogar.&nbsp; Y esa luz emanaba de la vida de aquel joven extranjero. Y le gust\u00f3 lo que vio. A la esposa tambi\u00e9n pero con otras intenciones.&nbsp; \u00bfCual fue el secreto de Jos\u00e8 para que Dios estuviera con \u00e8l aun en medio de su esclavitud?&nbsp; Que mantuvo su fe en sus promesas. Dios no le iba a fallar nunca. Jos\u00e8 estaba seguro que cada d\u00eca que se levantaba a orar al Se\u00f1or \u00c8l le responder\u00eda un d\u00eca. Se sumerg\u00eda en su oraci\u00f2n \u00edntima con su Se\u00f1or esperando el momento de su liberaci\u00f3n. Cada madrugada Jos\u00e8 se sumerg\u00eda en la Palabra de su Dios y se empapaba de ella para mantener la calma y la fe durante cada d\u00eca.<\/p>\n\n\n\n<p>Si usted tira una piedra en el agua, al poco tiempo cambiar\u00e1 su color y su textura, pero por dentro seguir\u00e1 estando tan seca como siempre lo ha sido por la dureza de su naturaleza.&nbsp; Si usted sumerge una esponja en el agua, tambi\u00e9n cambiar\u00e1 de color pero absorber\u00e1&nbsp; toda el agua que pueda hasta quedar empapada.&nbsp; Hay corazones de piedra y corazones de esponja. Los hermanos de Jos\u00e8 ten\u00edan coraz\u00f3n de piedra. Fueron duros, ingratos, indiferentes al dolor de su hermano.&nbsp; Jos\u00e8 tuvo un coraz\u00f3n de esponja. No importaba en donde se encontrara, siempre hacia algo en bien de su pr\u00f3jimo. Siempre buscaba en donde exprimir el agua de la Presencia de Dios que tomaba cada d\u00eca de su Palabra. Usted decide: Coraz\u00f3n de piedra o coraz\u00f3n de esponja. Nadie lo puede hacer por usted.<\/p>\n\n\n\n<p>SOLI DEO GLORIA<\/p>\n","protected":false},"excerpt":{"rendered":"<p>G\u00e8nesis 39:3 \u201cY vio su amo que el SE\u00d1OR estaba con \u00e9l y que el SE\u00d1OR hac\u00eda prosperar en su mano todo lo que \u00e9l hac\u00eda\u201d Jos\u00e8, el hijo de Jacob y quien era un escogido por Dios desde peque\u00f1o para ser un instrumento de bendici\u00f3n y alto impacto en las vidas de aquellos que [&hellip;]<\/p>\n","protected":false},"author":3,"featured_media":7949,"comment_status":"open","ping_status":"open","sticky":false,"template":"","format":"standard","meta":[],"categories":[36],"tags":[],"yoast_head":"<!-- This site is optimized with the Yoast SEO plugin v20.8 - https:\/\/yoast.com\/wordpress\/plugins\/seo\/ -->\n<title>Piedra o esponja - La Prensa Cristiana<\/title>\n<meta name=\"robots\" content=\"index, follow, max-snippet:-1, max-image-preview:large, max-video-preview:-1\" \/>\n<link rel=\"canonical\" href=\"https:\/\/laprensacristiana.com\/?p=10250\" \/>\n<meta property=\"og:locale\" content=\"es_ES\" \/>\n<meta property=\"og:type\" content=\"article\" \/>\n<meta property=\"og:title\" content=\"Piedra o esponja - La Prensa Cristiana\" \/>\n<meta property=\"og:description\" content=\"G\u00e8nesis 39:3 \u201cY vio su amo que el SE\u00d1OR estaba con \u00e9l y que el SE\u00d1OR hac\u00eda prosperar en su mano todo lo que \u00e9l hac\u00eda\u201d Jos\u00e8, el hijo de Jacob y quien era un escogido por Dios desde peque\u00f1o para ser un instrumento de bendici\u00f3n y alto impacto en las vidas de aquellos que [&hellip;]\" \/>\n<meta property=\"og:url\" content=\"https:\/\/laprensacristiana.com\/?p=10250\" \/>\n<meta property=\"og:site_name\" content=\"La Prensa Cristiana\" \/>\n<meta property=\"article:published_time\" content=\"2020-09-25T21:27:55+00:00\" \/>\n<meta property=\"article:modified_time\" content=\"2020-09-25T21:27:56+00:00\" \/>\n<meta property=\"og:image\" content=\"https:\/\/laprensacristiana.com\/wp-content\/uploads\/2020\/01\/2017-11-23-PHOTO-00003245-1.jpg\" \/>\n\t<meta property=\"og:image:width\" content=\"1280\" \/>\n\t<meta property=\"og:image:height\" content=\"714\" \/>\n\t<meta property=\"og:image:type\" content=\"image\/jpeg\" \/>\n<meta name=\"author\" content=\"EDITOR\" \/>\n<meta name=\"twitter:card\" content=\"summary_large_image\" \/>\n<meta name=\"twitter:label1\" content=\"Escrito por\" \/>\n\t<meta name=\"twitter:data1\" content=\"EDITOR\" \/>\n\t<meta name=\"twitter:label2\" content=\"Tiempo de lectura\" \/>\n\t<meta name=\"twitter:data2\" content=\"3 minutos\" \/>\n<script type=\"application\/ld+json\" class=\"yoast-schema-graph\">{\"@context\":\"https:\/\/schema.org\",\"@graph\":[{\"@type\":\"WebPage\",\"@id\":\"https:\/\/laprensacristiana.com\/?p=10250\",\"url\":\"https:\/\/laprensacristiana.com\/?p=10250\",\"name\":\"Piedra o esponja - La Prensa Cristiana\",\"isPartOf\":{\"@id\":\"https:\/\/laprensacristiana.com\/#website\"},\"datePublished\":\"2020-09-25T21:27:55+00:00\",\"dateModified\":\"2020-09-25T21:27:56+00:00\",\"author\":{\"@id\":\"https:\/\/laprensacristiana.com\/#\/schema\/person\/3e7d82c6bfd6b1fa67010f8f7cd5256e\"},\"breadcrumb\":{\"@id\":\"https:\/\/laprensacristiana.com\/?p=10250#breadcrumb\"},\"inLanguage\":\"es\",\"potentialAction\":[{\"@type\":\"ReadAction\",\"target\":[\"https:\/\/laprensacristiana.com\/?p=10250\"]}]},{\"@type\":\"BreadcrumbList\",\"@id\":\"https:\/\/laprensacristiana.com\/?p=10250#breadcrumb\",\"itemListElement\":[{\"@type\":\"ListItem\",\"position\":1,\"name\":\"Portada\",\"item\":\"https:\/\/laprensacristiana.com\/\"},{\"@type\":\"ListItem\",\"position\":2,\"name\":\"Piedra o esponja\"}]},{\"@type\":\"WebSite\",\"@id\":\"https:\/\/laprensacristiana.com\/#website\",\"url\":\"https:\/\/laprensacristiana.com\/\",\"name\":\"La Prensa Cristiana\",\"description\":\"Anunciando Las Buenas Nuevas\",\"potentialAction\":[{\"@type\":\"SearchAction\",\"target\":{\"@type\":\"EntryPoint\",\"urlTemplate\":\"https:\/\/laprensacristiana.com\/?s={search_term_string}\"},\"query-input\":\"required name=search_term_string\"}],\"inLanguage\":\"es\"},{\"@type\":\"Person\",\"@id\":\"https:\/\/laprensacristiana.com\/#\/schema\/person\/3e7d82c6bfd6b1fa67010f8f7cd5256e\",\"name\":\"EDITOR\",\"image\":{\"@type\":\"ImageObject\",\"inLanguage\":\"es\",\"@id\":\"https:\/\/laprensacristiana.com\/#\/schema\/person\/image\/\",\"url\":\"https:\/\/secure.gravatar.com\/avatar\/72069dfb6c13772d9e8381e3638666d2?s=96&d=mm&r=g\",\"contentUrl\":\"https:\/\/secure.gravatar.com\/avatar\/72069dfb6c13772d9e8381e3638666d2?s=96&d=mm&r=g\",\"caption\":\"EDITOR\"},\"url\":\"https:\/\/laprensacristiana.com\/?author=3\"}]}<\/script>\n<!-- \/ Yoast SEO plugin. -->","yoast_head_json":{"title":"Piedra o esponja - La Prensa Cristiana","robots":{"index":"index","follow":"follow","max-snippet":"max-snippet:-1","max-image-preview":"max-image-preview:large","max-video-preview":"max-video-preview:-1"},"canonical":"https:\/\/laprensacristiana.com\/?p=10250","og_locale":"es_ES","og_type":"article","og_title":"Piedra o esponja - La Prensa Cristiana","og_description":"G\u00e8nesis 39:3 \u201cY vio su amo que el SE\u00d1OR estaba con \u00e9l y que el SE\u00d1OR hac\u00eda prosperar en su mano todo lo que \u00e9l hac\u00eda\u201d Jos\u00e8, el hijo de Jacob y quien era un escogido por Dios desde peque\u00f1o para ser un instrumento de bendici\u00f3n y alto impacto en las vidas de aquellos que [&hellip;]","og_url":"https:\/\/laprensacristiana.com\/?p=10250","og_site_name":"La Prensa Cristiana","article_published_time":"2020-09-25T21:27:55+00:00","article_modified_time":"2020-09-25T21:27:56+00:00","og_image":[{"width":1280,"height":714,"url":"https:\/\/laprensacristiana.com\/wp-content\/uploads\/2020\/01\/2017-11-23-PHOTO-00003245-1.jpg","type":"image\/jpeg"}],"author":"EDITOR","twitter_card":"summary_large_image","twitter_misc":{"Escrito por":"EDITOR","Tiempo de lectura":"3 minutos"},"schema":{"@context":"https:\/\/schema.org","@graph":[{"@type":"WebPage","@id":"https:\/\/laprensacristiana.com\/?p=10250","url":"https:\/\/laprensacristiana.com\/?p=10250","name":"Piedra o esponja - La Prensa Cristiana","isPartOf":{"@id":"https:\/\/laprensacristiana.com\/#website"},"datePublished":"2020-09-25T21:27:55+00:00","dateModified":"2020-09-25T21:27:56+00:00","author":{"@id":"https:\/\/laprensacristiana.com\/#\/schema\/person\/3e7d82c6bfd6b1fa67010f8f7cd5256e"},"breadcrumb":{"@id":"https:\/\/laprensacristiana.com\/?p=10250#breadcrumb"},"inLanguage":"es","potentialAction":[{"@type":"ReadAction","target":["https:\/\/laprensacristiana.com\/?p=10250"]}]},{"@type":"BreadcrumbList","@id":"https:\/\/laprensacristiana.com\/?p=10250#breadcrumb","itemListElement":[{"@type":"ListItem","position":1,"name":"Portada","item":"https:\/\/laprensacristiana.com\/"},{"@type":"ListItem","position":2,"name":"Piedra o esponja"}]},{"@type":"WebSite","@id":"https:\/\/laprensacristiana.com\/#website","url":"https:\/\/laprensacristiana.com\/","name":"La Prensa Cristiana","description":"Anunciando Las Buenas Nuevas","potentialAction":[{"@type":"SearchAction","target":{"@type":"EntryPoint","urlTemplate":"https:\/\/laprensacristiana.com\/?s={search_term_string}"},"query-input":"required name=search_term_string"}],"inLanguage":"es"},{"@type":"Person","@id":"https:\/\/laprensacristiana.com\/#\/schema\/person\/3e7d82c6bfd6b1fa67010f8f7cd5256e","name":"EDITOR","image":{"@type":"ImageObject","inLanguage":"es","@id":"https:\/\/laprensacristiana.com\/#\/schema\/person\/image\/","url":"https:\/\/secure.gravatar.com\/avatar\/72069dfb6c13772d9e8381e3638666d2?s=96&d=mm&r=g","contentUrl":"https:\/\/secure.gravatar.com\/avatar\/72069dfb6c13772d9e8381e3638666d2?s=96&d=mm&r=g","caption":"EDITOR"},"url":"https:\/\/laprensacristiana.com\/?author=3"}]}},"_links":{"self":[{"href":"https:\/\/laprensacristiana.com\/index.php?rest_route=\/wp\/v2\/posts\/10250"}],"collection":[{"href":"https:\/\/laprensacristiana.com\/index.php?rest_route=\/wp\/v2\/posts"}],"about":[{"href":"https:\/\/laprensacristiana.com\/index.php?rest_route=\/wp\/v2\/types\/post"}],"author":[{"embeddable":true,"href":"https:\/\/laprensacristiana.com\/index.php?rest_route=\/wp\/v2\/users\/3"}],"replies":[{"embeddable":true,"href":"https:\/\/laprensacristiana.com\/index.php?rest_route=%2Fwp%2Fv2%2Fcomments&post=10250"}],"version-history":[{"count":1,"href":"https:\/\/laprensacristiana.com\/index.php?rest_route=\/wp\/v2\/posts\/10250\/revisions"}],"predecessor-version":[{"id":10251,"href":"https:\/\/laprensacristiana.com\/index.php?rest_route=\/wp\/v2\/posts\/10250\/revisions\/10251"}],"wp:featuredmedia":[{"embeddable":true,"href":"https:\/\/laprensacristiana.com\/index.php?rest_route=\/wp\/v2\/media\/7949"}],"wp:attachment":[{"href":"https:\/\/laprensacristiana.com\/index.php?rest_route=%2Fwp%2Fv2%2Fmedia&parent=10250"}],"wp:term":[{"taxonomy":"category","embeddable":true,"href":"https:\/\/laprensacristiana.com\/index.php?rest_route=%2Fwp%2Fv2%2Fcategories&post=10250"},{"taxonomy":"post_tag","embeddable":true,"href":"https:\/\/laprensacristiana.com\/index.php?rest_route=%2Fwp%2Fv2%2Ftags&post=10250"}],"curies":[{"name":"wp","href":"https:\/\/api.w.org\/{rel}","templated":true}]}}