{"id":10254,"date":"2020-09-25T21:54:51","date_gmt":"2020-09-25T21:54:51","guid":{"rendered":"https:\/\/laprensacristiana.com\/?p=10254"},"modified":"2020-09-25T21:54:52","modified_gmt":"2020-09-25T21:54:52","slug":"la-iglesia-y-la-defensa-de-la-vida","status":"publish","type":"post","link":"https:\/\/laprensacristiana.com\/?p=10254","title":{"rendered":"La iglesia y la defensa de la vida"},"content":{"rendered":"\n<p>Para el a\u00f1o 2021 la iglesia debe retomar su rol principal que es la evangelizaci\u00f3n y discipulado, sin olvidar que sobre estos elementos est\u00e1 enmarcado el fin de cada ministerio Ante ello es importante sembrar en las nuevas generaciones proyectos sociales que fundamenten nuestra visi\u00f3n y misi\u00f3n.<\/p>\n\n\n\n<p>La defensa de la vida ha sido y es una bandera que la iglesia debe levantar en favor de los m\u00e1s vulnerables, estamos viviendo tiempos complicados donde a lo malo se le dice bueno y a lo bueno se le dice malo, muchas veces se quiere ridiculizar una posici\u00f3n de fe haci\u00e9ndola sentir anacr\u00f3nica y no congruente con los tiempos.<\/p>\n\n\n\n<p>No nos debe intimidar sustentar la misi\u00f3n y visi\u00f3n de cada una de nuestras iglesias, invito a cada pastor y l\u00edder que pueda en su congregaci\u00f3n hacer un espacio para tomar papel y l\u00e1piz o computadora para plasmar que cosas debe renovar y que cosas nunca debe renovar, destacando cuales son los temas por los cuales debe pelear en la esencia de su ministerio. &nbsp;&nbsp;&nbsp;<\/p>\n\n\n\n<p>La l\u00f3gica social muchas veces va en contra de los principios b\u00edblicos, no hay elementos que validen ni justifiquen el asesinato en ninguna causal, es poner en riesgo el derecho a la vida de toda una sociedad, nuestro deber como iglesia es siempre acompa\u00f1ar al individuo en sus dificultades y alegr\u00edas, llorar con los que lloran y re\u00edr con los que r\u00eden. Como pastor mi misi\u00f3n es trabajar en la sanidad interior de una persona que ha sido v\u00edctima de violaci\u00f3n, denunciar al violador pero tambi\u00e9n acompa\u00f1ar en la restauraci\u00f3n para que no provoque m\u00e1s odio, ni m\u00e1s da\u00f1o, por encima de esto hay una labor m\u00e1s sublime que es proteger al ni\u00f1o por naturaleza inocente y no culpable de los resultados del hecho. &nbsp;<\/p>\n\n\n\n<p>La iglesia est\u00e1 en la necesidad de mantener en constante educaci\u00f3n a los miembros de la congregaci\u00f3n en temas de realidad nacional y de actualidad, haci\u00e9ndoles ver la importancia del compromiso con los principios del reino sobre cualquier agenda social, econ\u00f3mica diaria. Educar en iglesia infantil o escuela b\u00edblica a los ni\u00f1os sobre el valor y respeto a la vida. Tambi\u00e9n es importante gestar en el seno de la iglesia ministerios de ayuda hacia la mujer con embarazos en crisis, dando un abordaje integral, conformado por un equipo multidisciplinario sobre el tema y ser una respuesta para las que lo necesiten.<\/p>\n","protected":false},"excerpt":{"rendered":"<p>Para el a\u00f1o 2021 la iglesia debe retomar su rol principal que es la evangelizaci\u00f3n y discipulado, sin olvidar que sobre estos elementos est\u00e1 enmarcado el fin de cada ministerio Ante ello es importante sembrar en las nuevas generaciones proyectos sociales que fundamenten nuestra visi\u00f3n y misi\u00f3n. La defensa de la vida ha sido y [&hellip;]<\/p>\n","protected":false},"author":3,"featured_media":9965,"comment_status":"open","ping_status":"open","sticky":false,"template":"","format":"standard","meta":[],"categories":[23],"tags":[],"yoast_head":"<!-- This site is optimized with the Yoast SEO plugin v20.8 - https:\/\/yoast.com\/wordpress\/plugins\/seo\/ -->\n<title>La iglesia y la defensa de la vida - La Prensa Cristiana<\/title>\n<meta name=\"robots\" content=\"index, follow, max-snippet:-1, max-image-preview:large, max-video-preview:-1\" \/>\n<link rel=\"canonical\" href=\"https:\/\/laprensacristiana.com\/?p=10254\" \/>\n<meta property=\"og:locale\" content=\"es_ES\" \/>\n<meta property=\"og:type\" content=\"article\" \/>\n<meta property=\"og:title\" content=\"La iglesia y la defensa de la vida - La Prensa Cristiana\" \/>\n<meta property=\"og:description\" content=\"Para el a\u00f1o 2021 la iglesia debe retomar su rol principal que es la evangelizaci\u00f3n y discipulado, sin olvidar que sobre estos elementos est\u00e1 enmarcado el fin de cada ministerio Ante ello es importante sembrar en las nuevas generaciones proyectos sociales que fundamenten nuestra visi\u00f3n y misi\u00f3n. La defensa de la vida ha sido y [&hellip;]\" \/>\n<meta property=\"og:url\" content=\"https:\/\/laprensacristiana.com\/?p=10254\" \/>\n<meta property=\"og:site_name\" content=\"La Prensa Cristiana\" \/>\n<meta property=\"article:published_time\" content=\"2020-09-25T21:54:51+00:00\" \/>\n<meta property=\"article:modified_time\" content=\"2020-09-25T21:54:52+00:00\" \/>\n<meta property=\"og:image\" content=\"https:\/\/laprensacristiana.com\/wp-content\/uploads\/2020\/08\/IMG-20200806-WA0055.jpg\" \/>\n\t<meta property=\"og:image:width\" content=\"776\" \/>\n\t<meta property=\"og:image:height\" content=\"393\" \/>\n\t<meta property=\"og:image:type\" content=\"image\/jpeg\" \/>\n<meta name=\"author\" content=\"EDITOR\" \/>\n<meta name=\"twitter:card\" content=\"summary_large_image\" \/>\n<meta name=\"twitter:label1\" content=\"Escrito por\" \/>\n\t<meta name=\"twitter:data1\" content=\"EDITOR\" \/>\n\t<meta name=\"twitter:label2\" content=\"Tiempo de lectura\" \/>\n\t<meta name=\"twitter:data2\" content=\"2 minutos\" \/>\n<script type=\"application\/ld+json\" class=\"yoast-schema-graph\">{\"@context\":\"https:\/\/schema.org\",\"@graph\":[{\"@type\":\"WebPage\",\"@id\":\"https:\/\/laprensacristiana.com\/?p=10254\",\"url\":\"https:\/\/laprensacristiana.com\/?p=10254\",\"name\":\"La iglesia y la defensa de la vida - La Prensa Cristiana\",\"isPartOf\":{\"@id\":\"https:\/\/laprensacristiana.com\/#website\"},\"datePublished\":\"2020-09-25T21:54:51+00:00\",\"dateModified\":\"2020-09-25T21:54:52+00:00\",\"author\":{\"@id\":\"https:\/\/laprensacristiana.com\/#\/schema\/person\/3e7d82c6bfd6b1fa67010f8f7cd5256e\"},\"breadcrumb\":{\"@id\":\"https:\/\/laprensacristiana.com\/?p=10254#breadcrumb\"},\"inLanguage\":\"es\",\"potentialAction\":[{\"@type\":\"ReadAction\",\"target\":[\"https:\/\/laprensacristiana.com\/?p=10254\"]}]},{\"@type\":\"BreadcrumbList\",\"@id\":\"https:\/\/laprensacristiana.com\/?p=10254#breadcrumb\",\"itemListElement\":[{\"@type\":\"ListItem\",\"position\":1,\"name\":\"Portada\",\"item\":\"https:\/\/laprensacristiana.com\/\"},{\"@type\":\"ListItem\",\"position\":2,\"name\":\"La iglesia y la defensa de la vida\"}]},{\"@type\":\"WebSite\",\"@id\":\"https:\/\/laprensacristiana.com\/#website\",\"url\":\"https:\/\/laprensacristiana.com\/\",\"name\":\"La Prensa Cristiana\",\"description\":\"Anunciando Las Buenas Nuevas\",\"potentialAction\":[{\"@type\":\"SearchAction\",\"target\":{\"@type\":\"EntryPoint\",\"urlTemplate\":\"https:\/\/laprensacristiana.com\/?s={search_term_string}\"},\"query-input\":\"required name=search_term_string\"}],\"inLanguage\":\"es\"},{\"@type\":\"Person\",\"@id\":\"https:\/\/laprensacristiana.com\/#\/schema\/person\/3e7d82c6bfd6b1fa67010f8f7cd5256e\",\"name\":\"EDITOR\",\"image\":{\"@type\":\"ImageObject\",\"inLanguage\":\"es\",\"@id\":\"https:\/\/laprensacristiana.com\/#\/schema\/person\/image\/\",\"url\":\"https:\/\/secure.gravatar.com\/avatar\/72069dfb6c13772d9e8381e3638666d2?s=96&d=mm&r=g\",\"contentUrl\":\"https:\/\/secure.gravatar.com\/avatar\/72069dfb6c13772d9e8381e3638666d2?s=96&d=mm&r=g\",\"caption\":\"EDITOR\"},\"url\":\"https:\/\/laprensacristiana.com\/?author=3\"}]}<\/script>\n<!-- \/ Yoast SEO plugin. -->","yoast_head_json":{"title":"La iglesia y la defensa de la vida - La Prensa Cristiana","robots":{"index":"index","follow":"follow","max-snippet":"max-snippet:-1","max-image-preview":"max-image-preview:large","max-video-preview":"max-video-preview:-1"},"canonical":"https:\/\/laprensacristiana.com\/?p=10254","og_locale":"es_ES","og_type":"article","og_title":"La iglesia y la defensa de la vida - La Prensa Cristiana","og_description":"Para el a\u00f1o 2021 la iglesia debe retomar su rol principal que es la evangelizaci\u00f3n y discipulado, sin olvidar que sobre estos elementos est\u00e1 enmarcado el fin de cada ministerio Ante ello es importante sembrar en las nuevas generaciones proyectos sociales que fundamenten nuestra visi\u00f3n y misi\u00f3n. La defensa de la vida ha sido y [&hellip;]","og_url":"https:\/\/laprensacristiana.com\/?p=10254","og_site_name":"La Prensa Cristiana","article_published_time":"2020-09-25T21:54:51+00:00","article_modified_time":"2020-09-25T21:54:52+00:00","og_image":[{"width":776,"height":393,"url":"https:\/\/laprensacristiana.com\/wp-content\/uploads\/2020\/08\/IMG-20200806-WA0055.jpg","type":"image\/jpeg"}],"author":"EDITOR","twitter_card":"summary_large_image","twitter_misc":{"Escrito por":"EDITOR","Tiempo de lectura":"2 minutos"},"schema":{"@context":"https:\/\/schema.org","@graph":[{"@type":"WebPage","@id":"https:\/\/laprensacristiana.com\/?p=10254","url":"https:\/\/laprensacristiana.com\/?p=10254","name":"La iglesia y la defensa de la vida - La Prensa Cristiana","isPartOf":{"@id":"https:\/\/laprensacristiana.com\/#website"},"datePublished":"2020-09-25T21:54:51+00:00","dateModified":"2020-09-25T21:54:52+00:00","author":{"@id":"https:\/\/laprensacristiana.com\/#\/schema\/person\/3e7d82c6bfd6b1fa67010f8f7cd5256e"},"breadcrumb":{"@id":"https:\/\/laprensacristiana.com\/?p=10254#breadcrumb"},"inLanguage":"es","potentialAction":[{"@type":"ReadAction","target":["https:\/\/laprensacristiana.com\/?p=10254"]}]},{"@type":"BreadcrumbList","@id":"https:\/\/laprensacristiana.com\/?p=10254#breadcrumb","itemListElement":[{"@type":"ListItem","position":1,"name":"Portada","item":"https:\/\/laprensacristiana.com\/"},{"@type":"ListItem","position":2,"name":"La iglesia y la defensa de la vida"}]},{"@type":"WebSite","@id":"https:\/\/laprensacristiana.com\/#website","url":"https:\/\/laprensacristiana.com\/","name":"La Prensa Cristiana","description":"Anunciando Las Buenas Nuevas","potentialAction":[{"@type":"SearchAction","target":{"@type":"EntryPoint","urlTemplate":"https:\/\/laprensacristiana.com\/?s={search_term_string}"},"query-input":"required name=search_term_string"}],"inLanguage":"es"},{"@type":"Person","@id":"https:\/\/laprensacristiana.com\/#\/schema\/person\/3e7d82c6bfd6b1fa67010f8f7cd5256e","name":"EDITOR","image":{"@type":"ImageObject","inLanguage":"es","@id":"https:\/\/laprensacristiana.com\/#\/schema\/person\/image\/","url":"https:\/\/secure.gravatar.com\/avatar\/72069dfb6c13772d9e8381e3638666d2?s=96&d=mm&r=g","contentUrl":"https:\/\/secure.gravatar.com\/avatar\/72069dfb6c13772d9e8381e3638666d2?s=96&d=mm&r=g","caption":"EDITOR"},"url":"https:\/\/laprensacristiana.com\/?author=3"}]}},"_links":{"self":[{"href":"https:\/\/laprensacristiana.com\/index.php?rest_route=\/wp\/v2\/posts\/10254"}],"collection":[{"href":"https:\/\/laprensacristiana.com\/index.php?rest_route=\/wp\/v2\/posts"}],"about":[{"href":"https:\/\/laprensacristiana.com\/index.php?rest_route=\/wp\/v2\/types\/post"}],"author":[{"embeddable":true,"href":"https:\/\/laprensacristiana.com\/index.php?rest_route=\/wp\/v2\/users\/3"}],"replies":[{"embeddable":true,"href":"https:\/\/laprensacristiana.com\/index.php?rest_route=%2Fwp%2Fv2%2Fcomments&post=10254"}],"version-history":[{"count":1,"href":"https:\/\/laprensacristiana.com\/index.php?rest_route=\/wp\/v2\/posts\/10254\/revisions"}],"predecessor-version":[{"id":10255,"href":"https:\/\/laprensacristiana.com\/index.php?rest_route=\/wp\/v2\/posts\/10254\/revisions\/10255"}],"wp:featuredmedia":[{"embeddable":true,"href":"https:\/\/laprensacristiana.com\/index.php?rest_route=\/wp\/v2\/media\/9965"}],"wp:attachment":[{"href":"https:\/\/laprensacristiana.com\/index.php?rest_route=%2Fwp%2Fv2%2Fmedia&parent=10254"}],"wp:term":[{"taxonomy":"category","embeddable":true,"href":"https:\/\/laprensacristiana.com\/index.php?rest_route=%2Fwp%2Fv2%2Fcategories&post=10254"},{"taxonomy":"post_tag","embeddable":true,"href":"https:\/\/laprensacristiana.com\/index.php?rest_route=%2Fwp%2Fv2%2Ftags&post=10254"}],"curies":[{"name":"wp","href":"https:\/\/api.w.org\/{rel}","templated":true}]}}