{"id":10256,"date":"2020-09-25T22:14:17","date_gmt":"2020-09-25T22:14:17","guid":{"rendered":"https:\/\/laprensacristiana.com\/?p=10256"},"modified":"2020-09-25T22:14:17","modified_gmt":"2020-09-25T22:14:17","slug":"union-de-pastores-de-lourdes-colon-realiza-desayuno-de-pastores","status":"publish","type":"post","link":"https:\/\/laprensacristiana.com\/?p=10256","title":{"rendered":"Uni\u00f3n de pastores de Lourdes Col\u00f3n realiza desayuno de pastores"},"content":{"rendered":"\n<p>Despu\u00e9s de 6 meses sin poder reunirse por la pandemia, m\u00e1s de 50 pastores se hicieron presentes para celebrar el acostumbrado desayuno mensual.<\/p>\n\n\n\n<p>En esta ocasi\u00f3n se desarroll\u00f3 en la Iglesia Tierra de Bendici\u00f3n, donde el pastor Yuri Martinez como anfitri\u00f3n tom\u00f3 a bien compartir una canasta solidaria con cada uno de los asistentes, cabe destacar que esta ha sido la din\u00e1mica de la iglesia en el marco de la cuarentena.<\/p>\n\n\n\n<p>Las alabanzas estuvieron a cargo del&nbsp; reconocido cantante Victor Emmanuelle, quien inspir\u00f3 a los asistentes a vivir agradecidos con Dios por todo lo que ha hecho y especial por haberles guardado en este tiempo dif\u00edcil.<\/p>\n\n\n\n<figure class=\"wp-block-image size-large\"><img decoding=\"async\" loading=\"lazy\" width=\"1024\" height=\"768\" src=\"https:\/\/laprensacristiana.com\/wp-content\/uploads\/2020\/09\/WhatsApp-Image-2020-09-25-at-16.11.38-1024x768.jpeg\" alt=\"\" class=\"wp-image-10258\" srcset=\"https:\/\/laprensacristiana.com\/wp-content\/uploads\/2020\/09\/WhatsApp-Image-2020-09-25-at-16.11.38-1024x768.jpeg 1024w, https:\/\/laprensacristiana.com\/wp-content\/uploads\/2020\/09\/WhatsApp-Image-2020-09-25-at-16.11.38-300x225.jpeg 300w, https:\/\/laprensacristiana.com\/wp-content\/uploads\/2020\/09\/WhatsApp-Image-2020-09-25-at-16.11.38-768x576.jpeg 768w, https:\/\/laprensacristiana.com\/wp-content\/uploads\/2020\/09\/WhatsApp-Image-2020-09-25-at-16.11.38-696x522.jpeg 696w, https:\/\/laprensacristiana.com\/wp-content\/uploads\/2020\/09\/WhatsApp-Image-2020-09-25-at-16.11.38-600x450.jpeg 600w, https:\/\/laprensacristiana.com\/wp-content\/uploads\/2020\/09\/WhatsApp-Image-2020-09-25-at-16.11.38.jpeg 1032w\" sizes=\"(max-width: 1024px) 100vw, 1024px\" \/><\/figure>\n\n\n\n<p>Por su parte el pastor Rogelio Rivera, presidente de la asociaci\u00f3n de pastores, expres\u00f3 como Dios ha sido fiel y proveedor para con el grupo de pastores \u201cA parte de sembrar la palabra, hemos estado sembrando alimentos, ayuda para construir, y todo lo que ha sido posible, pero lo hacemos para el Se\u00f1or. Concluy\u00f3. <\/p>\n\n\n\n<p>\u00a0<\/p>\n","protected":false},"excerpt":{"rendered":"<p>Despu\u00e9s de 6 meses sin poder reunirse por la pandemia, m\u00e1s de 50 pastores se hicieron presentes para celebrar el acostumbrado desayuno mensual. En esta ocasi\u00f3n se desarroll\u00f3 en la Iglesia Tierra de Bendici\u00f3n, donde el pastor Yuri Martinez como anfitri\u00f3n tom\u00f3 a bien compartir una canasta solidaria con cada uno de los asistentes, cabe [&hellip;]<\/p>\n","protected":false},"author":3,"featured_media":10257,"comment_status":"open","ping_status":"open","sticky":false,"template":"","format":"standard","meta":[],"categories":[56],"tags":[],"yoast_head":"<!-- This site is optimized with the Yoast SEO plugin v20.8 - https:\/\/yoast.com\/wordpress\/plugins\/seo\/ -->\n<title>Uni\u00f3n de pastores de Lourdes Col\u00f3n realiza desayuno de pastores - La Prensa Cristiana<\/title>\n<meta name=\"robots\" content=\"index, follow, max-snippet:-1, max-image-preview:large, max-video-preview:-1\" \/>\n<link rel=\"canonical\" href=\"https:\/\/laprensacristiana.com\/?p=10256\" \/>\n<meta property=\"og:locale\" content=\"es_ES\" \/>\n<meta property=\"og:type\" content=\"article\" \/>\n<meta property=\"og:title\" content=\"Uni\u00f3n de pastores de Lourdes Col\u00f3n realiza desayuno de pastores - La Prensa Cristiana\" \/>\n<meta property=\"og:description\" content=\"Despu\u00e9s de 6 meses sin poder reunirse por la pandemia, m\u00e1s de 50 pastores se hicieron presentes para celebrar el acostumbrado desayuno mensual. En esta ocasi\u00f3n se desarroll\u00f3 en la Iglesia Tierra de Bendici\u00f3n, donde el pastor Yuri Martinez como anfitri\u00f3n tom\u00f3 a bien compartir una canasta solidaria con cada uno de los asistentes, cabe [&hellip;]\" \/>\n<meta property=\"og:url\" content=\"https:\/\/laprensacristiana.com\/?p=10256\" \/>\n<meta property=\"og:site_name\" content=\"La Prensa Cristiana\" \/>\n<meta property=\"article:published_time\" content=\"2020-09-25T22:14:17+00:00\" \/>\n<meta property=\"og:image\" content=\"https:\/\/laprensacristiana.com\/wp-content\/uploads\/2020\/09\/WhatsApp-Image-2020-09-25-at-16.11.11.jpeg\" \/>\n\t<meta property=\"og:image:width\" content=\"1032\" \/>\n\t<meta property=\"og:image:height\" content=\"774\" \/>\n\t<meta property=\"og:image:type\" content=\"image\/jpeg\" \/>\n<meta name=\"author\" content=\"EDITOR\" \/>\n<meta name=\"twitter:card\" content=\"summary_large_image\" \/>\n<meta name=\"twitter:label1\" content=\"Escrito por\" \/>\n\t<meta name=\"twitter:data1\" content=\"EDITOR\" \/>\n\t<meta name=\"twitter:label2\" content=\"Tiempo de lectura\" \/>\n\t<meta name=\"twitter:data2\" content=\"1 minuto\" \/>\n<script type=\"application\/ld+json\" class=\"yoast-schema-graph\">{\"@context\":\"https:\/\/schema.org\",\"@graph\":[{\"@type\":\"WebPage\",\"@id\":\"https:\/\/laprensacristiana.com\/?p=10256\",\"url\":\"https:\/\/laprensacristiana.com\/?p=10256\",\"name\":\"Uni\u00f3n de pastores de Lourdes Col\u00f3n realiza desayuno de pastores - La Prensa Cristiana\",\"isPartOf\":{\"@id\":\"https:\/\/laprensacristiana.com\/#website\"},\"datePublished\":\"2020-09-25T22:14:17+00:00\",\"dateModified\":\"2020-09-25T22:14:17+00:00\",\"author\":{\"@id\":\"https:\/\/laprensacristiana.com\/#\/schema\/person\/3e7d82c6bfd6b1fa67010f8f7cd5256e\"},\"breadcrumb\":{\"@id\":\"https:\/\/laprensacristiana.com\/?p=10256#breadcrumb\"},\"inLanguage\":\"es\",\"potentialAction\":[{\"@type\":\"ReadAction\",\"target\":[\"https:\/\/laprensacristiana.com\/?p=10256\"]}]},{\"@type\":\"BreadcrumbList\",\"@id\":\"https:\/\/laprensacristiana.com\/?p=10256#breadcrumb\",\"itemListElement\":[{\"@type\":\"ListItem\",\"position\":1,\"name\":\"Portada\",\"item\":\"https:\/\/laprensacristiana.com\/\"},{\"@type\":\"ListItem\",\"position\":2,\"name\":\"Uni\u00f3n de pastores de Lourdes Col\u00f3n realiza desayuno de pastores\"}]},{\"@type\":\"WebSite\",\"@id\":\"https:\/\/laprensacristiana.com\/#website\",\"url\":\"https:\/\/laprensacristiana.com\/\",\"name\":\"La Prensa Cristiana\",\"description\":\"Anunciando Las Buenas Nuevas\",\"potentialAction\":[{\"@type\":\"SearchAction\",\"target\":{\"@type\":\"EntryPoint\",\"urlTemplate\":\"https:\/\/laprensacristiana.com\/?s={search_term_string}\"},\"query-input\":\"required name=search_term_string\"}],\"inLanguage\":\"es\"},{\"@type\":\"Person\",\"@id\":\"https:\/\/laprensacristiana.com\/#\/schema\/person\/3e7d82c6bfd6b1fa67010f8f7cd5256e\",\"name\":\"EDITOR\",\"image\":{\"@type\":\"ImageObject\",\"inLanguage\":\"es\",\"@id\":\"https:\/\/laprensacristiana.com\/#\/schema\/person\/image\/\",\"url\":\"https:\/\/secure.gravatar.com\/avatar\/72069dfb6c13772d9e8381e3638666d2?s=96&d=mm&r=g\",\"contentUrl\":\"https:\/\/secure.gravatar.com\/avatar\/72069dfb6c13772d9e8381e3638666d2?s=96&d=mm&r=g\",\"caption\":\"EDITOR\"},\"url\":\"https:\/\/laprensacristiana.com\/?author=3\"}]}<\/script>\n<!-- \/ Yoast SEO plugin. -->","yoast_head_json":{"title":"Uni\u00f3n de pastores de Lourdes Col\u00f3n realiza desayuno de pastores - La Prensa Cristiana","robots":{"index":"index","follow":"follow","max-snippet":"max-snippet:-1","max-image-preview":"max-image-preview:large","max-video-preview":"max-video-preview:-1"},"canonical":"https:\/\/laprensacristiana.com\/?p=10256","og_locale":"es_ES","og_type":"article","og_title":"Uni\u00f3n de pastores de Lourdes Col\u00f3n realiza desayuno de pastores - La Prensa Cristiana","og_description":"Despu\u00e9s de 6 meses sin poder reunirse por la pandemia, m\u00e1s de 50 pastores se hicieron presentes para celebrar el acostumbrado desayuno mensual. En esta ocasi\u00f3n se desarroll\u00f3 en la Iglesia Tierra de Bendici\u00f3n, donde el pastor Yuri Martinez como anfitri\u00f3n tom\u00f3 a bien compartir una canasta solidaria con cada uno de los asistentes, cabe [&hellip;]","og_url":"https:\/\/laprensacristiana.com\/?p=10256","og_site_name":"La Prensa Cristiana","article_published_time":"2020-09-25T22:14:17+00:00","og_image":[{"width":1032,"height":774,"url":"https:\/\/laprensacristiana.com\/wp-content\/uploads\/2020\/09\/WhatsApp-Image-2020-09-25-at-16.11.11.jpeg","type":"image\/jpeg"}],"author":"EDITOR","twitter_card":"summary_large_image","twitter_misc":{"Escrito por":"EDITOR","Tiempo de lectura":"1 minuto"},"schema":{"@context":"https:\/\/schema.org","@graph":[{"@type":"WebPage","@id":"https:\/\/laprensacristiana.com\/?p=10256","url":"https:\/\/laprensacristiana.com\/?p=10256","name":"Uni\u00f3n de pastores de Lourdes Col\u00f3n realiza desayuno de pastores - La Prensa Cristiana","isPartOf":{"@id":"https:\/\/laprensacristiana.com\/#website"},"datePublished":"2020-09-25T22:14:17+00:00","dateModified":"2020-09-25T22:14:17+00:00","author":{"@id":"https:\/\/laprensacristiana.com\/#\/schema\/person\/3e7d82c6bfd6b1fa67010f8f7cd5256e"},"breadcrumb":{"@id":"https:\/\/laprensacristiana.com\/?p=10256#breadcrumb"},"inLanguage":"es","potentialAction":[{"@type":"ReadAction","target":["https:\/\/laprensacristiana.com\/?p=10256"]}]},{"@type":"BreadcrumbList","@id":"https:\/\/laprensacristiana.com\/?p=10256#breadcrumb","itemListElement":[{"@type":"ListItem","position":1,"name":"Portada","item":"https:\/\/laprensacristiana.com\/"},{"@type":"ListItem","position":2,"name":"Uni\u00f3n de pastores de Lourdes Col\u00f3n realiza desayuno de pastores"}]},{"@type":"WebSite","@id":"https:\/\/laprensacristiana.com\/#website","url":"https:\/\/laprensacristiana.com\/","name":"La Prensa Cristiana","description":"Anunciando Las Buenas Nuevas","potentialAction":[{"@type":"SearchAction","target":{"@type":"EntryPoint","urlTemplate":"https:\/\/laprensacristiana.com\/?s={search_term_string}"},"query-input":"required name=search_term_string"}],"inLanguage":"es"},{"@type":"Person","@id":"https:\/\/laprensacristiana.com\/#\/schema\/person\/3e7d82c6bfd6b1fa67010f8f7cd5256e","name":"EDITOR","image":{"@type":"ImageObject","inLanguage":"es","@id":"https:\/\/laprensacristiana.com\/#\/schema\/person\/image\/","url":"https:\/\/secure.gravatar.com\/avatar\/72069dfb6c13772d9e8381e3638666d2?s=96&d=mm&r=g","contentUrl":"https:\/\/secure.gravatar.com\/avatar\/72069dfb6c13772d9e8381e3638666d2?s=96&d=mm&r=g","caption":"EDITOR"},"url":"https:\/\/laprensacristiana.com\/?author=3"}]}},"_links":{"self":[{"href":"https:\/\/laprensacristiana.com\/index.php?rest_route=\/wp\/v2\/posts\/10256"}],"collection":[{"href":"https:\/\/laprensacristiana.com\/index.php?rest_route=\/wp\/v2\/posts"}],"about":[{"href":"https:\/\/laprensacristiana.com\/index.php?rest_route=\/wp\/v2\/types\/post"}],"author":[{"embeddable":true,"href":"https:\/\/laprensacristiana.com\/index.php?rest_route=\/wp\/v2\/users\/3"}],"replies":[{"embeddable":true,"href":"https:\/\/laprensacristiana.com\/index.php?rest_route=%2Fwp%2Fv2%2Fcomments&post=10256"}],"version-history":[{"count":1,"href":"https:\/\/laprensacristiana.com\/index.php?rest_route=\/wp\/v2\/posts\/10256\/revisions"}],"predecessor-version":[{"id":10259,"href":"https:\/\/laprensacristiana.com\/index.php?rest_route=\/wp\/v2\/posts\/10256\/revisions\/10259"}],"wp:featuredmedia":[{"embeddable":true,"href":"https:\/\/laprensacristiana.com\/index.php?rest_route=\/wp\/v2\/media\/10257"}],"wp:attachment":[{"href":"https:\/\/laprensacristiana.com\/index.php?rest_route=%2Fwp%2Fv2%2Fmedia&parent=10256"}],"wp:term":[{"taxonomy":"category","embeddable":true,"href":"https:\/\/laprensacristiana.com\/index.php?rest_route=%2Fwp%2Fv2%2Fcategories&post=10256"},{"taxonomy":"post_tag","embeddable":true,"href":"https:\/\/laprensacristiana.com\/index.php?rest_route=%2Fwp%2Fv2%2Ftags&post=10256"}],"curies":[{"name":"wp","href":"https:\/\/api.w.org\/{rel}","templated":true}]}}