{"id":10264,"date":"2020-09-26T01:22:55","date_gmt":"2020-09-26T01:22:55","guid":{"rendered":"https:\/\/laprensacristiana.com\/?p=10264"},"modified":"2020-09-26T01:29:50","modified_gmt":"2020-09-26T01:29:50","slug":"manana-se-realizara-una-marcha-de-oracion-en-washington-dc","status":"publish","type":"post","link":"https:\/\/laprensacristiana.com\/?p=10264","title":{"rendered":"Ma\u00f1ana se realizar\u00e1 una marcha de oraci\u00f3n en Washington DC"},"content":{"rendered":"\n<p>La oraci\u00f3n ser\u00e1 liderada por el evangelista Franklin Graham hijo del recordado evangelista Billy Graham, ser\u00e1 un momento de clamor para que Dios sane su tierra.<\/p>\n\n\n\n<p>El evento ser\u00e1 al mediod\u00eda hora de EEUU, en el Monumento a Lincoln, caminar\u00e1n 1.8 millas.<\/p>\n\n\n\n<p>Se espera que los asistentes sigan los protocolos de salud y seguridad recomendados por el estado, incluido el uso de distanciamiento social y una mascarilla.<br>Las personas con s\u00edntomas de COVID-19 deben abstenerse de participar.<\/p>\n\n\n\n<p>\u201cEstados Unidos est\u00e1 en problemas. Nuestras comunidades est\u00e1n sufriendo, nuestra gente est\u00e1 dividida y hay miedo e incertidumbre a nuestro alrededor. Un\u00e1monos y hagamos lo m\u00e1s importante: \u00a1Orar! \u00bb Expres\u00f3 el evangelista\u00a0 Franklin Graham en el sitio web Prayer March 2020.<\/p>\n","protected":false},"excerpt":{"rendered":"<p>La oraci\u00f3n ser\u00e1 liderada por el evangelista Franklin Graham hijo del recordado evangelista Billy Graham, ser\u00e1 un momento de clamor para que Dios sane su tierra. El evento ser\u00e1 al mediod\u00eda hora de EEUU, en el Monumento a Lincoln, caminar\u00e1n 1.8 millas. Se espera que los asistentes sigan los protocolos de salud y seguridad recomendados [&hellip;]<\/p>\n","protected":false},"author":3,"featured_media":10265,"comment_status":"open","ping_status":"open","sticky":false,"template":"","format":"standard","meta":[],"categories":[56],"tags":[],"yoast_head":"<!-- This site is optimized with the Yoast SEO plugin v20.8 - https:\/\/yoast.com\/wordpress\/plugins\/seo\/ -->\n<title>Ma\u00f1ana se realizar\u00e1 una marcha de oraci\u00f3n en Washington DC - La Prensa Cristiana<\/title>\n<meta name=\"robots\" content=\"index, follow, max-snippet:-1, max-image-preview:large, max-video-preview:-1\" \/>\n<link rel=\"canonical\" href=\"https:\/\/laprensacristiana.com\/?p=10264\" \/>\n<meta property=\"og:locale\" content=\"es_ES\" \/>\n<meta property=\"og:type\" content=\"article\" \/>\n<meta property=\"og:title\" content=\"Ma\u00f1ana se realizar\u00e1 una marcha de oraci\u00f3n en Washington DC - La Prensa Cristiana\" \/>\n<meta property=\"og:description\" content=\"La oraci\u00f3n ser\u00e1 liderada por el evangelista Franklin Graham hijo del recordado evangelista Billy Graham, ser\u00e1 un momento de clamor para que Dios sane su tierra. El evento ser\u00e1 al mediod\u00eda hora de EEUU, en el Monumento a Lincoln, caminar\u00e1n 1.8 millas. Se espera que los asistentes sigan los protocolos de salud y seguridad recomendados [&hellip;]\" \/>\n<meta property=\"og:url\" content=\"https:\/\/laprensacristiana.com\/?p=10264\" \/>\n<meta property=\"og:site_name\" content=\"La Prensa Cristiana\" \/>\n<meta property=\"article:published_time\" content=\"2020-09-26T01:22:55+00:00\" \/>\n<meta property=\"article:modified_time\" content=\"2020-09-26T01:29:50+00:00\" \/>\n<meta property=\"og:image\" content=\"https:\/\/laprensacristiana.com\/wp-content\/uploads\/2020\/09\/franklin-praying.jpg\" \/>\n\t<meta property=\"og:image:width\" content=\"1500\" \/>\n\t<meta property=\"og:image:height\" content=\"660\" \/>\n\t<meta property=\"og:image:type\" content=\"image\/jpeg\" \/>\n<meta name=\"author\" content=\"EDITOR\" \/>\n<meta name=\"twitter:card\" content=\"summary_large_image\" \/>\n<meta name=\"twitter:label1\" content=\"Escrito por\" \/>\n\t<meta name=\"twitter:data1\" content=\"EDITOR\" \/>\n\t<meta name=\"twitter:label2\" content=\"Tiempo de lectura\" \/>\n\t<meta name=\"twitter:data2\" content=\"1 minuto\" \/>\n<script type=\"application\/ld+json\" class=\"yoast-schema-graph\">{\"@context\":\"https:\/\/schema.org\",\"@graph\":[{\"@type\":\"WebPage\",\"@id\":\"https:\/\/laprensacristiana.com\/?p=10264\",\"url\":\"https:\/\/laprensacristiana.com\/?p=10264\",\"name\":\"Ma\u00f1ana se realizar\u00e1 una marcha de oraci\u00f3n en Washington DC - La Prensa Cristiana\",\"isPartOf\":{\"@id\":\"https:\/\/laprensacristiana.com\/#website\"},\"datePublished\":\"2020-09-26T01:22:55+00:00\",\"dateModified\":\"2020-09-26T01:29:50+00:00\",\"author\":{\"@id\":\"https:\/\/laprensacristiana.com\/#\/schema\/person\/3e7d82c6bfd6b1fa67010f8f7cd5256e\"},\"breadcrumb\":{\"@id\":\"https:\/\/laprensacristiana.com\/?p=10264#breadcrumb\"},\"inLanguage\":\"es\",\"potentialAction\":[{\"@type\":\"ReadAction\",\"target\":[\"https:\/\/laprensacristiana.com\/?p=10264\"]}]},{\"@type\":\"BreadcrumbList\",\"@id\":\"https:\/\/laprensacristiana.com\/?p=10264#breadcrumb\",\"itemListElement\":[{\"@type\":\"ListItem\",\"position\":1,\"name\":\"Portada\",\"item\":\"https:\/\/laprensacristiana.com\/\"},{\"@type\":\"ListItem\",\"position\":2,\"name\":\"Ma\u00f1ana se realizar\u00e1 una marcha de oraci\u00f3n en Washington DC\"}]},{\"@type\":\"WebSite\",\"@id\":\"https:\/\/laprensacristiana.com\/#website\",\"url\":\"https:\/\/laprensacristiana.com\/\",\"name\":\"La Prensa Cristiana\",\"description\":\"Anunciando Las Buenas Nuevas\",\"potentialAction\":[{\"@type\":\"SearchAction\",\"target\":{\"@type\":\"EntryPoint\",\"urlTemplate\":\"https:\/\/laprensacristiana.com\/?s={search_term_string}\"},\"query-input\":\"required name=search_term_string\"}],\"inLanguage\":\"es\"},{\"@type\":\"Person\",\"@id\":\"https:\/\/laprensacristiana.com\/#\/schema\/person\/3e7d82c6bfd6b1fa67010f8f7cd5256e\",\"name\":\"EDITOR\",\"image\":{\"@type\":\"ImageObject\",\"inLanguage\":\"es\",\"@id\":\"https:\/\/laprensacristiana.com\/#\/schema\/person\/image\/\",\"url\":\"https:\/\/secure.gravatar.com\/avatar\/72069dfb6c13772d9e8381e3638666d2?s=96&d=mm&r=g\",\"contentUrl\":\"https:\/\/secure.gravatar.com\/avatar\/72069dfb6c13772d9e8381e3638666d2?s=96&d=mm&r=g\",\"caption\":\"EDITOR\"},\"url\":\"https:\/\/laprensacristiana.com\/?author=3\"}]}<\/script>\n<!-- \/ Yoast SEO plugin. -->","yoast_head_json":{"title":"Ma\u00f1ana se realizar\u00e1 una marcha de oraci\u00f3n en Washington DC - La Prensa Cristiana","robots":{"index":"index","follow":"follow","max-snippet":"max-snippet:-1","max-image-preview":"max-image-preview:large","max-video-preview":"max-video-preview:-1"},"canonical":"https:\/\/laprensacristiana.com\/?p=10264","og_locale":"es_ES","og_type":"article","og_title":"Ma\u00f1ana se realizar\u00e1 una marcha de oraci\u00f3n en Washington DC - La Prensa Cristiana","og_description":"La oraci\u00f3n ser\u00e1 liderada por el evangelista Franklin Graham hijo del recordado evangelista Billy Graham, ser\u00e1 un momento de clamor para que Dios sane su tierra. El evento ser\u00e1 al mediod\u00eda hora de EEUU, en el Monumento a Lincoln, caminar\u00e1n 1.8 millas. Se espera que los asistentes sigan los protocolos de salud y seguridad recomendados [&hellip;]","og_url":"https:\/\/laprensacristiana.com\/?p=10264","og_site_name":"La Prensa Cristiana","article_published_time":"2020-09-26T01:22:55+00:00","article_modified_time":"2020-09-26T01:29:50+00:00","og_image":[{"width":1500,"height":660,"url":"https:\/\/laprensacristiana.com\/wp-content\/uploads\/2020\/09\/franklin-praying.jpg","type":"image\/jpeg"}],"author":"EDITOR","twitter_card":"summary_large_image","twitter_misc":{"Escrito por":"EDITOR","Tiempo de lectura":"1 minuto"},"schema":{"@context":"https:\/\/schema.org","@graph":[{"@type":"WebPage","@id":"https:\/\/laprensacristiana.com\/?p=10264","url":"https:\/\/laprensacristiana.com\/?p=10264","name":"Ma\u00f1ana se realizar\u00e1 una marcha de oraci\u00f3n en Washington DC - La Prensa Cristiana","isPartOf":{"@id":"https:\/\/laprensacristiana.com\/#website"},"datePublished":"2020-09-26T01:22:55+00:00","dateModified":"2020-09-26T01:29:50+00:00","author":{"@id":"https:\/\/laprensacristiana.com\/#\/schema\/person\/3e7d82c6bfd6b1fa67010f8f7cd5256e"},"breadcrumb":{"@id":"https:\/\/laprensacristiana.com\/?p=10264#breadcrumb"},"inLanguage":"es","potentialAction":[{"@type":"ReadAction","target":["https:\/\/laprensacristiana.com\/?p=10264"]}]},{"@type":"BreadcrumbList","@id":"https:\/\/laprensacristiana.com\/?p=10264#breadcrumb","itemListElement":[{"@type":"ListItem","position":1,"name":"Portada","item":"https:\/\/laprensacristiana.com\/"},{"@type":"ListItem","position":2,"name":"Ma\u00f1ana se realizar\u00e1 una marcha de oraci\u00f3n en Washington DC"}]},{"@type":"WebSite","@id":"https:\/\/laprensacristiana.com\/#website","url":"https:\/\/laprensacristiana.com\/","name":"La Prensa Cristiana","description":"Anunciando Las Buenas Nuevas","potentialAction":[{"@type":"SearchAction","target":{"@type":"EntryPoint","urlTemplate":"https:\/\/laprensacristiana.com\/?s={search_term_string}"},"query-input":"required name=search_term_string"}],"inLanguage":"es"},{"@type":"Person","@id":"https:\/\/laprensacristiana.com\/#\/schema\/person\/3e7d82c6bfd6b1fa67010f8f7cd5256e","name":"EDITOR","image":{"@type":"ImageObject","inLanguage":"es","@id":"https:\/\/laprensacristiana.com\/#\/schema\/person\/image\/","url":"https:\/\/secure.gravatar.com\/avatar\/72069dfb6c13772d9e8381e3638666d2?s=96&d=mm&r=g","contentUrl":"https:\/\/secure.gravatar.com\/avatar\/72069dfb6c13772d9e8381e3638666d2?s=96&d=mm&r=g","caption":"EDITOR"},"url":"https:\/\/laprensacristiana.com\/?author=3"}]}},"_links":{"self":[{"href":"https:\/\/laprensacristiana.com\/index.php?rest_route=\/wp\/v2\/posts\/10264"}],"collection":[{"href":"https:\/\/laprensacristiana.com\/index.php?rest_route=\/wp\/v2\/posts"}],"about":[{"href":"https:\/\/laprensacristiana.com\/index.php?rest_route=\/wp\/v2\/types\/post"}],"author":[{"embeddable":true,"href":"https:\/\/laprensacristiana.com\/index.php?rest_route=\/wp\/v2\/users\/3"}],"replies":[{"embeddable":true,"href":"https:\/\/laprensacristiana.com\/index.php?rest_route=%2Fwp%2Fv2%2Fcomments&post=10264"}],"version-history":[{"count":3,"href":"https:\/\/laprensacristiana.com\/index.php?rest_route=\/wp\/v2\/posts\/10264\/revisions"}],"predecessor-version":[{"id":10268,"href":"https:\/\/laprensacristiana.com\/index.php?rest_route=\/wp\/v2\/posts\/10264\/revisions\/10268"}],"wp:featuredmedia":[{"embeddable":true,"href":"https:\/\/laprensacristiana.com\/index.php?rest_route=\/wp\/v2\/media\/10265"}],"wp:attachment":[{"href":"https:\/\/laprensacristiana.com\/index.php?rest_route=%2Fwp%2Fv2%2Fmedia&parent=10264"}],"wp:term":[{"taxonomy":"category","embeddable":true,"href":"https:\/\/laprensacristiana.com\/index.php?rest_route=%2Fwp%2Fv2%2Fcategories&post=10264"},{"taxonomy":"post_tag","embeddable":true,"href":"https:\/\/laprensacristiana.com\/index.php?rest_route=%2Fwp%2Fv2%2Ftags&post=10264"}],"curies":[{"name":"wp","href":"https:\/\/api.w.org\/{rel}","templated":true}]}}