{"id":10278,"date":"2020-09-28T04:45:08","date_gmt":"2020-09-28T04:45:08","guid":{"rendered":"https:\/\/laprensacristiana.com\/?p=10278"},"modified":"2020-09-28T04:45:09","modified_gmt":"2020-09-28T04:45:09","slug":"este-dia-se-celebra-el-dia-nacional-de-la-biblia-en-republica-dominicana","status":"publish","type":"post","link":"https:\/\/laprensacristiana.com\/?p=10278","title":{"rendered":"Este d\u00eda se celebra el D\u00eda Nacional de La\u00a0 Biblia en Rep\u00fablica Dominicana"},"content":{"rendered":"\n<p>Cada 27 de septiembre en Rep\u00fablica Dominicana se celebra el D\u00eda Nacional de La Biblia, decretado en la ley&nbsp; 204-84, enmarcada dentro del mes de la biblia en el pa\u00eds.<\/p>\n\n\n\n<p>El 26 de septiembre de 1569 se termin\u00f3 de imprimir la primera Biblia traducida al espa\u00f1ol por Casiodoro de Reina, por est\u00e1 raz\u00f3n los evang\u00e9licos celebran este d\u00eda conmemorando este libro tan importante.<\/p>\n\n\n\n<p>La biblia es una recopilaci\u00f3n de textos que al principio se encontraban separados y se les llamaba libros, escritos primero en hebreo, arameo y griego. Cuenta con 66 libros, Actualmente divididos en Antiguo (39) y Nuevo Testamento (27).<\/p>\n","protected":false},"excerpt":{"rendered":"<p>Cada 27 de septiembre en Rep\u00fablica Dominicana se celebra el D\u00eda Nacional de La Biblia, decretado en la ley&nbsp; 204-84, enmarcada dentro del mes de la biblia en el pa\u00eds. El 26 de septiembre de 1569 se termin\u00f3 de imprimir la primera Biblia traducida al espa\u00f1ol por Casiodoro de Reina, por est\u00e1 raz\u00f3n los evang\u00e9licos [&hellip;]<\/p>\n","protected":false},"author":3,"featured_media":10273,"comment_status":"open","ping_status":"open","sticky":false,"template":"","format":"standard","meta":[],"categories":[56],"tags":[],"yoast_head":"<!-- This site is optimized with the Yoast SEO plugin v20.8 - https:\/\/yoast.com\/wordpress\/plugins\/seo\/ -->\n<title>Este d\u00eda se celebra el D\u00eda Nacional de La\u00a0 Biblia en Rep\u00fablica Dominicana - La Prensa Cristiana<\/title>\n<meta name=\"robots\" content=\"index, follow, max-snippet:-1, max-image-preview:large, max-video-preview:-1\" \/>\n<link rel=\"canonical\" href=\"https:\/\/laprensacristiana.com\/?p=10278\" \/>\n<meta property=\"og:locale\" content=\"es_ES\" \/>\n<meta property=\"og:type\" content=\"article\" \/>\n<meta property=\"og:title\" content=\"Este d\u00eda se celebra el D\u00eda Nacional de La\u00a0 Biblia en Rep\u00fablica Dominicana - La Prensa Cristiana\" \/>\n<meta property=\"og:description\" content=\"Cada 27 de septiembre en Rep\u00fablica Dominicana se celebra el D\u00eda Nacional de La Biblia, decretado en la ley&nbsp; 204-84, enmarcada dentro del mes de la biblia en el pa\u00eds. El 26 de septiembre de 1569 se termin\u00f3 de imprimir la primera Biblia traducida al espa\u00f1ol por Casiodoro de Reina, por est\u00e1 raz\u00f3n los evang\u00e9licos [&hellip;]\" \/>\n<meta property=\"og:url\" content=\"https:\/\/laprensacristiana.com\/?p=10278\" \/>\n<meta property=\"og:site_name\" content=\"La Prensa Cristiana\" \/>\n<meta property=\"article:published_time\" content=\"2020-09-28T04:45:08+00:00\" \/>\n<meta property=\"article:modified_time\" content=\"2020-09-28T04:45:09+00:00\" \/>\n<meta property=\"og:image\" content=\"https:\/\/laprensacristiana.com\/wp-content\/uploads\/2020\/09\/WhatsApp-Image-2020-01-24-at-15.52.01-1.jpeg\" \/>\n\t<meta property=\"og:image:width\" content=\"720\" \/>\n\t<meta property=\"og:image:height\" content=\"419\" \/>\n\t<meta property=\"og:image:type\" content=\"image\/jpeg\" \/>\n<meta name=\"author\" content=\"EDITOR\" \/>\n<meta name=\"twitter:card\" content=\"summary_large_image\" \/>\n<meta name=\"twitter:label1\" content=\"Escrito por\" \/>\n\t<meta name=\"twitter:data1\" content=\"EDITOR\" \/>\n\t<meta name=\"twitter:label2\" content=\"Tiempo de lectura\" \/>\n\t<meta name=\"twitter:data2\" content=\"1 minuto\" \/>\n<script type=\"application\/ld+json\" class=\"yoast-schema-graph\">{\"@context\":\"https:\/\/schema.org\",\"@graph\":[{\"@type\":\"WebPage\",\"@id\":\"https:\/\/laprensacristiana.com\/?p=10278\",\"url\":\"https:\/\/laprensacristiana.com\/?p=10278\",\"name\":\"Este d\u00eda se celebra el D\u00eda Nacional de La\u00a0 Biblia en Rep\u00fablica Dominicana - La Prensa Cristiana\",\"isPartOf\":{\"@id\":\"https:\/\/laprensacristiana.com\/#website\"},\"datePublished\":\"2020-09-28T04:45:08+00:00\",\"dateModified\":\"2020-09-28T04:45:09+00:00\",\"author\":{\"@id\":\"https:\/\/laprensacristiana.com\/#\/schema\/person\/3e7d82c6bfd6b1fa67010f8f7cd5256e\"},\"breadcrumb\":{\"@id\":\"https:\/\/laprensacristiana.com\/?p=10278#breadcrumb\"},\"inLanguage\":\"es\",\"potentialAction\":[{\"@type\":\"ReadAction\",\"target\":[\"https:\/\/laprensacristiana.com\/?p=10278\"]}]},{\"@type\":\"BreadcrumbList\",\"@id\":\"https:\/\/laprensacristiana.com\/?p=10278#breadcrumb\",\"itemListElement\":[{\"@type\":\"ListItem\",\"position\":1,\"name\":\"Portada\",\"item\":\"https:\/\/laprensacristiana.com\/\"},{\"@type\":\"ListItem\",\"position\":2,\"name\":\"Este d\u00eda se celebra el D\u00eda Nacional de La\u00a0 Biblia en Rep\u00fablica Dominicana\"}]},{\"@type\":\"WebSite\",\"@id\":\"https:\/\/laprensacristiana.com\/#website\",\"url\":\"https:\/\/laprensacristiana.com\/\",\"name\":\"La Prensa Cristiana\",\"description\":\"Anunciando Las Buenas Nuevas\",\"potentialAction\":[{\"@type\":\"SearchAction\",\"target\":{\"@type\":\"EntryPoint\",\"urlTemplate\":\"https:\/\/laprensacristiana.com\/?s={search_term_string}\"},\"query-input\":\"required name=search_term_string\"}],\"inLanguage\":\"es\"},{\"@type\":\"Person\",\"@id\":\"https:\/\/laprensacristiana.com\/#\/schema\/person\/3e7d82c6bfd6b1fa67010f8f7cd5256e\",\"name\":\"EDITOR\",\"image\":{\"@type\":\"ImageObject\",\"inLanguage\":\"es\",\"@id\":\"https:\/\/laprensacristiana.com\/#\/schema\/person\/image\/\",\"url\":\"https:\/\/secure.gravatar.com\/avatar\/72069dfb6c13772d9e8381e3638666d2?s=96&d=mm&r=g\",\"contentUrl\":\"https:\/\/secure.gravatar.com\/avatar\/72069dfb6c13772d9e8381e3638666d2?s=96&d=mm&r=g\",\"caption\":\"EDITOR\"},\"url\":\"https:\/\/laprensacristiana.com\/?author=3\"}]}<\/script>\n<!-- \/ Yoast SEO plugin. -->","yoast_head_json":{"title":"Este d\u00eda se celebra el D\u00eda Nacional de La\u00a0 Biblia en Rep\u00fablica Dominicana - La Prensa Cristiana","robots":{"index":"index","follow":"follow","max-snippet":"max-snippet:-1","max-image-preview":"max-image-preview:large","max-video-preview":"max-video-preview:-1"},"canonical":"https:\/\/laprensacristiana.com\/?p=10278","og_locale":"es_ES","og_type":"article","og_title":"Este d\u00eda se celebra el D\u00eda Nacional de La\u00a0 Biblia en Rep\u00fablica Dominicana - La Prensa Cristiana","og_description":"Cada 27 de septiembre en Rep\u00fablica Dominicana se celebra el D\u00eda Nacional de La Biblia, decretado en la ley&nbsp; 204-84, enmarcada dentro del mes de la biblia en el pa\u00eds. El 26 de septiembre de 1569 se termin\u00f3 de imprimir la primera Biblia traducida al espa\u00f1ol por Casiodoro de Reina, por est\u00e1 raz\u00f3n los evang\u00e9licos [&hellip;]","og_url":"https:\/\/laprensacristiana.com\/?p=10278","og_site_name":"La Prensa Cristiana","article_published_time":"2020-09-28T04:45:08+00:00","article_modified_time":"2020-09-28T04:45:09+00:00","og_image":[{"width":720,"height":419,"url":"https:\/\/laprensacristiana.com\/wp-content\/uploads\/2020\/09\/WhatsApp-Image-2020-01-24-at-15.52.01-1.jpeg","type":"image\/jpeg"}],"author":"EDITOR","twitter_card":"summary_large_image","twitter_misc":{"Escrito por":"EDITOR","Tiempo de lectura":"1 minuto"},"schema":{"@context":"https:\/\/schema.org","@graph":[{"@type":"WebPage","@id":"https:\/\/laprensacristiana.com\/?p=10278","url":"https:\/\/laprensacristiana.com\/?p=10278","name":"Este d\u00eda se celebra el D\u00eda Nacional de La\u00a0 Biblia en Rep\u00fablica Dominicana - La Prensa Cristiana","isPartOf":{"@id":"https:\/\/laprensacristiana.com\/#website"},"datePublished":"2020-09-28T04:45:08+00:00","dateModified":"2020-09-28T04:45:09+00:00","author":{"@id":"https:\/\/laprensacristiana.com\/#\/schema\/person\/3e7d82c6bfd6b1fa67010f8f7cd5256e"},"breadcrumb":{"@id":"https:\/\/laprensacristiana.com\/?p=10278#breadcrumb"},"inLanguage":"es","potentialAction":[{"@type":"ReadAction","target":["https:\/\/laprensacristiana.com\/?p=10278"]}]},{"@type":"BreadcrumbList","@id":"https:\/\/laprensacristiana.com\/?p=10278#breadcrumb","itemListElement":[{"@type":"ListItem","position":1,"name":"Portada","item":"https:\/\/laprensacristiana.com\/"},{"@type":"ListItem","position":2,"name":"Este d\u00eda se celebra el D\u00eda Nacional de La\u00a0 Biblia en Rep\u00fablica Dominicana"}]},{"@type":"WebSite","@id":"https:\/\/laprensacristiana.com\/#website","url":"https:\/\/laprensacristiana.com\/","name":"La Prensa Cristiana","description":"Anunciando Las Buenas Nuevas","potentialAction":[{"@type":"SearchAction","target":{"@type":"EntryPoint","urlTemplate":"https:\/\/laprensacristiana.com\/?s={search_term_string}"},"query-input":"required name=search_term_string"}],"inLanguage":"es"},{"@type":"Person","@id":"https:\/\/laprensacristiana.com\/#\/schema\/person\/3e7d82c6bfd6b1fa67010f8f7cd5256e","name":"EDITOR","image":{"@type":"ImageObject","inLanguage":"es","@id":"https:\/\/laprensacristiana.com\/#\/schema\/person\/image\/","url":"https:\/\/secure.gravatar.com\/avatar\/72069dfb6c13772d9e8381e3638666d2?s=96&d=mm&r=g","contentUrl":"https:\/\/secure.gravatar.com\/avatar\/72069dfb6c13772d9e8381e3638666d2?s=96&d=mm&r=g","caption":"EDITOR"},"url":"https:\/\/laprensacristiana.com\/?author=3"}]}},"_links":{"self":[{"href":"https:\/\/laprensacristiana.com\/index.php?rest_route=\/wp\/v2\/posts\/10278"}],"collection":[{"href":"https:\/\/laprensacristiana.com\/index.php?rest_route=\/wp\/v2\/posts"}],"about":[{"href":"https:\/\/laprensacristiana.com\/index.php?rest_route=\/wp\/v2\/types\/post"}],"author":[{"embeddable":true,"href":"https:\/\/laprensacristiana.com\/index.php?rest_route=\/wp\/v2\/users\/3"}],"replies":[{"embeddable":true,"href":"https:\/\/laprensacristiana.com\/index.php?rest_route=%2Fwp%2Fv2%2Fcomments&post=10278"}],"version-history":[{"count":1,"href":"https:\/\/laprensacristiana.com\/index.php?rest_route=\/wp\/v2\/posts\/10278\/revisions"}],"predecessor-version":[{"id":10279,"href":"https:\/\/laprensacristiana.com\/index.php?rest_route=\/wp\/v2\/posts\/10278\/revisions\/10279"}],"wp:featuredmedia":[{"embeddable":true,"href":"https:\/\/laprensacristiana.com\/index.php?rest_route=\/wp\/v2\/media\/10273"}],"wp:attachment":[{"href":"https:\/\/laprensacristiana.com\/index.php?rest_route=%2Fwp%2Fv2%2Fmedia&parent=10278"}],"wp:term":[{"taxonomy":"category","embeddable":true,"href":"https:\/\/laprensacristiana.com\/index.php?rest_route=%2Fwp%2Fv2%2Fcategories&post=10278"},{"taxonomy":"post_tag","embeddable":true,"href":"https:\/\/laprensacristiana.com\/index.php?rest_route=%2Fwp%2Fv2%2Ftags&post=10278"}],"curies":[{"name":"wp","href":"https:\/\/api.w.org\/{rel}","templated":true}]}}