{"id":10284,"date":"2020-09-28T14:41:27","date_gmt":"2020-09-28T14:41:27","guid":{"rendered":"https:\/\/laprensacristiana.com\/?p=10284"},"modified":"2020-09-28T14:41:28","modified_gmt":"2020-09-28T14:41:28","slug":"respuestas","status":"publish","type":"post","link":"https:\/\/laprensacristiana.com\/?p=10284","title":{"rendered":"Respuestas"},"content":{"rendered":"\n<p>Jerem\u00edas 33:3 \u201c\u00bbClama a m\u00ed, y yo te responder\u00e9 y te revelar\u00e9 cosas grandes e inaccesibles, que t\u00fa no conoces.\u00bb<\/p>\n\n\n\n<p>El Altar est\u00e1 hecho, el fuego ya est\u00e1 encendido, el cuchillo afilado, los lazos preparados. El ambiente est\u00e1 oscureciendo, se acerca la noche m\u00e0s triste y larga del anciano padre que ha subido la cuesta m\u00e0s terrible de su vida poniendo sus robustos brazos alrededor de los hombros de su hijo.<\/p>\n\n\n\n<p>Se acerca la hora de responder aquella pregunta que le hizo al pie del monte: \u201c\u00bfEn donde est\u00e1 el cordero?\u201d&nbsp; Busca un par de rocas de regular tama\u00f1o, le dice a su joven hijo que se siente frente a \u00e8l y el anciano lo hace en la otra.&nbsp; Sus rodillas est\u00e1n cerca una de la otra. La mirada del joven est\u00e1 expectante, tiene sensaciones nerviosas en su est\u00f3mago por lo que su padre le pueda decir, el padre siente miedo, un sudor fr\u00edo le brota de la frente y le tiemblan los labios, pensando bien cada palabra, cada frase que le dir\u00e1 al joven.&nbsp; Un leve temblor en las manos revela que est\u00e1 asustado y nervioso por la confesi\u00f3n que tiene que hacerle a su hijo.&nbsp; Porque no puede dejarlo sin respuestas.&nbsp; Tiene que satisfacer la pregunta del hijo.&nbsp; Y el viejo Patriarca se arma de valor y le declara lo que tiene oculto dentro de su coraz\u00f3n desde hace ya\u2026 \u00bfcu\u00e1nto tiempo?&nbsp; Tiene que decirle la verdad\u2026 \u201cEl cordero eres tu\u201d.<\/p>\n\n\n\n<p>\u00bfSe ha sentado en un sof\u00e1 en la sala de su casa, con las rodillas de su hija pegadas a las suyas y ha sentido ese frio recorrer su espalda para responderle su dolorosa pregunta? Si, hija, me cas\u00e9 con tu pap\u00e1 porque yo estaba embarazada de ti. Tienes raz\u00f3n, hijo, este tatuaje me lo hice una noche de locura con mis amigos del colegio. Este otro me lo hice en un momento en que me alej\u00e9 del Se\u00f1or. Esta cicatriz me qued\u00f3 porque yo era un borracho y peleador callejero. Esta foto que has visto es de cuando estuve revolcado en el fango del pecado. Tu papi y yo nos divorciamos el d\u00eca de tu cumplea\u00f1os, por eso no hubo pastel para ti ese d\u00eca. No los dej\u00e9 abandonados, hijos, pero tuve que emigrar a este pa\u00ecs para enviarles para su pan. Si, es cierto, fui demasiado duro contigo pero es que yo no sab\u00eca como corregir hijos, perd\u00f2name.&nbsp; No tienes abuelita como todos los ni\u00f1os porque\u2026 porque mi mami me sac\u00f3 de su casa y me prohibi\u00f3 regresar.&nbsp; Yo fui demasiado rebelde. Esta herida no me la hice porque me ca\u00ed, era mentira, es que tu pap\u00e1 me peg\u00f3 una noche que peleamos hace tiempo. S\u00ec, amor, reconozco que no soy lo que te dije que era. Lo lamento y te pido perd\u00f3n\u2026<\/p>\n\n\n\n<p>Y luego de su confesi\u00f3n, con el coraz\u00f3n liberado por su secreto escondido, Abraham escucho el balido de un cordero trabado en el zarzal. All\u00ed estaba la respuesta. El hijo qued\u00f3 satisfecho, el cordero fue inmolado y Dios arreglo todo el asunto\u2026 a su manera.<\/p>\n\n\n\n<p>\u00abClama a m\u00ed, y yo te responder\u00e9 y te revelar\u00e9 cosas grandes e inaccesibles, que t\u00fa no conoces.\u00bb<\/p>\n\n\n\n<p>SOLI DEO GLORIA<\/p>\n","protected":false},"excerpt":{"rendered":"<p>Jerem\u00edas 33:3 \u201c\u00bbClama a m\u00ed, y yo te responder\u00e9 y te revelar\u00e9 cosas grandes e inaccesibles, que t\u00fa no conoces.\u00bb El Altar est\u00e1 hecho, el fuego ya est\u00e1 encendido, el cuchillo afilado, los lazos preparados. El ambiente est\u00e1 oscureciendo, se acerca la noche m\u00e0s triste y larga del anciano padre que ha subido la cuesta [&hellip;]<\/p>\n","protected":false},"author":3,"featured_media":7949,"comment_status":"open","ping_status":"open","sticky":false,"template":"","format":"standard","meta":[],"categories":[36],"tags":[],"yoast_head":"<!-- This site is optimized with the Yoast SEO plugin v20.8 - https:\/\/yoast.com\/wordpress\/plugins\/seo\/ -->\n<title>Respuestas - La Prensa Cristiana<\/title>\n<meta name=\"robots\" content=\"index, follow, max-snippet:-1, max-image-preview:large, max-video-preview:-1\" \/>\n<link rel=\"canonical\" href=\"https:\/\/laprensacristiana.com\/?p=10284\" \/>\n<meta property=\"og:locale\" content=\"es_ES\" \/>\n<meta property=\"og:type\" content=\"article\" \/>\n<meta property=\"og:title\" content=\"Respuestas - La Prensa Cristiana\" \/>\n<meta property=\"og:description\" content=\"Jerem\u00edas 33:3 \u201c\u00bbClama a m\u00ed, y yo te responder\u00e9 y te revelar\u00e9 cosas grandes e inaccesibles, que t\u00fa no conoces.\u00bb El Altar est\u00e1 hecho, el fuego ya est\u00e1 encendido, el cuchillo afilado, los lazos preparados. El ambiente est\u00e1 oscureciendo, se acerca la noche m\u00e0s triste y larga del anciano padre que ha subido la cuesta [&hellip;]\" \/>\n<meta property=\"og:url\" content=\"https:\/\/laprensacristiana.com\/?p=10284\" \/>\n<meta property=\"og:site_name\" content=\"La Prensa Cristiana\" \/>\n<meta property=\"article:published_time\" content=\"2020-09-28T14:41:27+00:00\" \/>\n<meta property=\"article:modified_time\" content=\"2020-09-28T14:41:28+00:00\" \/>\n<meta property=\"og:image\" content=\"https:\/\/laprensacristiana.com\/wp-content\/uploads\/2020\/01\/2017-11-23-PHOTO-00003245-1.jpg\" \/>\n\t<meta property=\"og:image:width\" content=\"1280\" \/>\n\t<meta property=\"og:image:height\" content=\"714\" \/>\n\t<meta property=\"og:image:type\" content=\"image\/jpeg\" \/>\n<meta name=\"author\" content=\"EDITOR\" \/>\n<meta name=\"twitter:card\" content=\"summary_large_image\" \/>\n<meta name=\"twitter:label1\" content=\"Escrito por\" \/>\n\t<meta name=\"twitter:data1\" content=\"EDITOR\" \/>\n\t<meta name=\"twitter:label2\" content=\"Tiempo de lectura\" \/>\n\t<meta name=\"twitter:data2\" content=\"3 minutos\" \/>\n<script type=\"application\/ld+json\" class=\"yoast-schema-graph\">{\"@context\":\"https:\/\/schema.org\",\"@graph\":[{\"@type\":\"WebPage\",\"@id\":\"https:\/\/laprensacristiana.com\/?p=10284\",\"url\":\"https:\/\/laprensacristiana.com\/?p=10284\",\"name\":\"Respuestas - La Prensa Cristiana\",\"isPartOf\":{\"@id\":\"https:\/\/laprensacristiana.com\/#website\"},\"datePublished\":\"2020-09-28T14:41:27+00:00\",\"dateModified\":\"2020-09-28T14:41:28+00:00\",\"author\":{\"@id\":\"https:\/\/laprensacristiana.com\/#\/schema\/person\/3e7d82c6bfd6b1fa67010f8f7cd5256e\"},\"breadcrumb\":{\"@id\":\"https:\/\/laprensacristiana.com\/?p=10284#breadcrumb\"},\"inLanguage\":\"es\",\"potentialAction\":[{\"@type\":\"ReadAction\",\"target\":[\"https:\/\/laprensacristiana.com\/?p=10284\"]}]},{\"@type\":\"BreadcrumbList\",\"@id\":\"https:\/\/laprensacristiana.com\/?p=10284#breadcrumb\",\"itemListElement\":[{\"@type\":\"ListItem\",\"position\":1,\"name\":\"Portada\",\"item\":\"https:\/\/laprensacristiana.com\/\"},{\"@type\":\"ListItem\",\"position\":2,\"name\":\"Respuestas\"}]},{\"@type\":\"WebSite\",\"@id\":\"https:\/\/laprensacristiana.com\/#website\",\"url\":\"https:\/\/laprensacristiana.com\/\",\"name\":\"La Prensa Cristiana\",\"description\":\"Anunciando Las Buenas Nuevas\",\"potentialAction\":[{\"@type\":\"SearchAction\",\"target\":{\"@type\":\"EntryPoint\",\"urlTemplate\":\"https:\/\/laprensacristiana.com\/?s={search_term_string}\"},\"query-input\":\"required name=search_term_string\"}],\"inLanguage\":\"es\"},{\"@type\":\"Person\",\"@id\":\"https:\/\/laprensacristiana.com\/#\/schema\/person\/3e7d82c6bfd6b1fa67010f8f7cd5256e\",\"name\":\"EDITOR\",\"image\":{\"@type\":\"ImageObject\",\"inLanguage\":\"es\",\"@id\":\"https:\/\/laprensacristiana.com\/#\/schema\/person\/image\/\",\"url\":\"https:\/\/secure.gravatar.com\/avatar\/72069dfb6c13772d9e8381e3638666d2?s=96&d=mm&r=g\",\"contentUrl\":\"https:\/\/secure.gravatar.com\/avatar\/72069dfb6c13772d9e8381e3638666d2?s=96&d=mm&r=g\",\"caption\":\"EDITOR\"},\"url\":\"https:\/\/laprensacristiana.com\/?author=3\"}]}<\/script>\n<!-- \/ Yoast SEO plugin. -->","yoast_head_json":{"title":"Respuestas - La Prensa Cristiana","robots":{"index":"index","follow":"follow","max-snippet":"max-snippet:-1","max-image-preview":"max-image-preview:large","max-video-preview":"max-video-preview:-1"},"canonical":"https:\/\/laprensacristiana.com\/?p=10284","og_locale":"es_ES","og_type":"article","og_title":"Respuestas - La Prensa Cristiana","og_description":"Jerem\u00edas 33:3 \u201c\u00bbClama a m\u00ed, y yo te responder\u00e9 y te revelar\u00e9 cosas grandes e inaccesibles, que t\u00fa no conoces.\u00bb El Altar est\u00e1 hecho, el fuego ya est\u00e1 encendido, el cuchillo afilado, los lazos preparados. El ambiente est\u00e1 oscureciendo, se acerca la noche m\u00e0s triste y larga del anciano padre que ha subido la cuesta [&hellip;]","og_url":"https:\/\/laprensacristiana.com\/?p=10284","og_site_name":"La Prensa Cristiana","article_published_time":"2020-09-28T14:41:27+00:00","article_modified_time":"2020-09-28T14:41:28+00:00","og_image":[{"width":1280,"height":714,"url":"https:\/\/laprensacristiana.com\/wp-content\/uploads\/2020\/01\/2017-11-23-PHOTO-00003245-1.jpg","type":"image\/jpeg"}],"author":"EDITOR","twitter_card":"summary_large_image","twitter_misc":{"Escrito por":"EDITOR","Tiempo de lectura":"3 minutos"},"schema":{"@context":"https:\/\/schema.org","@graph":[{"@type":"WebPage","@id":"https:\/\/laprensacristiana.com\/?p=10284","url":"https:\/\/laprensacristiana.com\/?p=10284","name":"Respuestas - La Prensa Cristiana","isPartOf":{"@id":"https:\/\/laprensacristiana.com\/#website"},"datePublished":"2020-09-28T14:41:27+00:00","dateModified":"2020-09-28T14:41:28+00:00","author":{"@id":"https:\/\/laprensacristiana.com\/#\/schema\/person\/3e7d82c6bfd6b1fa67010f8f7cd5256e"},"breadcrumb":{"@id":"https:\/\/laprensacristiana.com\/?p=10284#breadcrumb"},"inLanguage":"es","potentialAction":[{"@type":"ReadAction","target":["https:\/\/laprensacristiana.com\/?p=10284"]}]},{"@type":"BreadcrumbList","@id":"https:\/\/laprensacristiana.com\/?p=10284#breadcrumb","itemListElement":[{"@type":"ListItem","position":1,"name":"Portada","item":"https:\/\/laprensacristiana.com\/"},{"@type":"ListItem","position":2,"name":"Respuestas"}]},{"@type":"WebSite","@id":"https:\/\/laprensacristiana.com\/#website","url":"https:\/\/laprensacristiana.com\/","name":"La Prensa Cristiana","description":"Anunciando Las Buenas Nuevas","potentialAction":[{"@type":"SearchAction","target":{"@type":"EntryPoint","urlTemplate":"https:\/\/laprensacristiana.com\/?s={search_term_string}"},"query-input":"required name=search_term_string"}],"inLanguage":"es"},{"@type":"Person","@id":"https:\/\/laprensacristiana.com\/#\/schema\/person\/3e7d82c6bfd6b1fa67010f8f7cd5256e","name":"EDITOR","image":{"@type":"ImageObject","inLanguage":"es","@id":"https:\/\/laprensacristiana.com\/#\/schema\/person\/image\/","url":"https:\/\/secure.gravatar.com\/avatar\/72069dfb6c13772d9e8381e3638666d2?s=96&d=mm&r=g","contentUrl":"https:\/\/secure.gravatar.com\/avatar\/72069dfb6c13772d9e8381e3638666d2?s=96&d=mm&r=g","caption":"EDITOR"},"url":"https:\/\/laprensacristiana.com\/?author=3"}]}},"_links":{"self":[{"href":"https:\/\/laprensacristiana.com\/index.php?rest_route=\/wp\/v2\/posts\/10284"}],"collection":[{"href":"https:\/\/laprensacristiana.com\/index.php?rest_route=\/wp\/v2\/posts"}],"about":[{"href":"https:\/\/laprensacristiana.com\/index.php?rest_route=\/wp\/v2\/types\/post"}],"author":[{"embeddable":true,"href":"https:\/\/laprensacristiana.com\/index.php?rest_route=\/wp\/v2\/users\/3"}],"replies":[{"embeddable":true,"href":"https:\/\/laprensacristiana.com\/index.php?rest_route=%2Fwp%2Fv2%2Fcomments&post=10284"}],"version-history":[{"count":1,"href":"https:\/\/laprensacristiana.com\/index.php?rest_route=\/wp\/v2\/posts\/10284\/revisions"}],"predecessor-version":[{"id":10285,"href":"https:\/\/laprensacristiana.com\/index.php?rest_route=\/wp\/v2\/posts\/10284\/revisions\/10285"}],"wp:featuredmedia":[{"embeddable":true,"href":"https:\/\/laprensacristiana.com\/index.php?rest_route=\/wp\/v2\/media\/7949"}],"wp:attachment":[{"href":"https:\/\/laprensacristiana.com\/index.php?rest_route=%2Fwp%2Fv2%2Fmedia&parent=10284"}],"wp:term":[{"taxonomy":"category","embeddable":true,"href":"https:\/\/laprensacristiana.com\/index.php?rest_route=%2Fwp%2Fv2%2Fcategories&post=10284"},{"taxonomy":"post_tag","embeddable":true,"href":"https:\/\/laprensacristiana.com\/index.php?rest_route=%2Fwp%2Fv2%2Ftags&post=10284"}],"curies":[{"name":"wp","href":"https:\/\/api.w.org\/{rel}","templated":true}]}}