{"id":10292,"date":"2020-09-28T15:35:57","date_gmt":"2020-09-28T15:35:57","guid":{"rendered":"https:\/\/laprensacristiana.com\/?p=10292"},"modified":"2020-09-28T15:35:58","modified_gmt":"2020-09-28T15:35:58","slug":"los-cristianos-y-la-politica","status":"publish","type":"post","link":"https:\/\/laprensacristiana.com\/?p=10292","title":{"rendered":"Los cristianos y la pol\u00edtica"},"content":{"rendered":"\n<p>Por Mario Vega \/ Pastor General Misi\u00f3n Cristiana Elim <\/p>\n\n\n\n<p>\u00bfEs Dios el soberano solo de la iglesia o de todas las naciones? \u00bfLe interesa solo quien canta y ora o toda decisi\u00f3n que se toma en un pa\u00eds? Estas preguntas resumen la esencia de la cuesti\u00f3n de la relaci\u00f3n de los cristianos y la pol\u00edtica. Si Dios gobierna sobre todo y su iglesia debe ser la expresi\u00f3n m\u00e1s acabada de su voluntad \u00bfno es entonces parte inevitable de la misi\u00f3n de la iglesia hablar en nombre de Dios frente a cada coyuntura pol\u00edtica? Si las respuestas a estas preguntas son tan b\u00e1sicamente evang\u00e9licas \u00bfpor qu\u00e9 los cristianos muestran una predisposici\u00f3n a acobardarse y a ser infieles a Dios cuando de pol\u00edtica se trata? La respuesta no es una sola, pero algunas de las razones son las siguientes:<\/p>\n\n\n\n<p>En primer lugar, el hecho de que las primeras iglesias evang\u00e9licas en El Salvador fueron fundadas por misioneros europeos y estadounidenses. Su conducta como pioneros ejerci\u00f3 una influencia en el modelaje de la pr\u00e1ctica evang\u00e9lica. Siendo extranjeros, se absten\u00edan de emitir juicios sobre pol\u00edtica criolla y, as\u00ed, infundieron la tendencia a pasar completamente por alto la responsabilidad social y pol\u00edtica de los cristianos. En segundo lugar, el hecho de que las primeras iglesias fueron definitivamente una minor\u00eda en un ambiente f\u00e9rreamente hostil. A pesar de que la constituci\u00f3n reconoc\u00eda la libertad de culto, muchos funcionarios usaban su poder para perseguir a los evang\u00e9licos y, en ese ambiente, la prioridad era la supervivencia y lograr el respeto a su derecho de conciencia. La situaci\u00f3n de minor\u00eda les colocaba en una condici\u00f3n de debilidad social que posterg\u00f3 por completo el aporte que pod\u00edan ofrecer como ciudadanos. En tercer lugar, y esto como consecuencia de lo anterior, las iglesias terminaron elaborando una teolog\u00eda que enfatiza el escape hacia el otro mundo. Frente a una sociedad hostil, la alternativa consoladora fue que el cuerpo pod\u00eda ser encarcelado o apedreado, pero no el alma. Lo importante era la condici\u00f3n del alma por arriba de todo, incluso de la salud f\u00edsica. De esa forma, las ense\u00f1anzas se volvieron espiritualistas, enfocadas en lo invisible y ajenas en absoluto a la acci\u00f3n social y la pol\u00edtica.<\/p>\n\n\n\n<p>Pero ahora nos encontramos en una nueva situaci\u00f3n en la que ces\u00f3 la persecuci\u00f3n religiosa y la iglesia evang\u00e9lica es parte reconocida de la sociedad. Es una nueva condici\u00f3n en la que el compromiso pol\u00edtico de los cristianos debe ser reflexionado y asumido. Pero, todav\u00eda hay aquellos que, de manera irreflexiva, siguen pensando que el rol de los pastores y los cristianos es solo hablar del pecado y su perd\u00f3n, renunciando del todo a su posici\u00f3n de ciudadanos. Lo cual, solo se puede lograr renunciando a ser fieles a ese Dios quien es Se\u00f1or no solo de la iglesia sino del mundo entero y de lo que en \u00e9l ocurre. Que tiene inter\u00e9s en que su voluntad sea dada a conocer a los pol\u00edticos y a los gobernantes, a\u00fan cuando no les agrade a ellos o a sus seguidores. A semejanza de Juan el Bautista, quien se\u00f1al\u00f3 la injusticia de Herodes y termin\u00f3 siendo decapitado por razones pol\u00edticas. Hoy, los evang\u00e9licos dir\u00edan que por meterse donde no deb\u00eda. Pero Jes\u00fas dijo que por ser santo y firme. Algo no compagina entre lo que Jes\u00fas espera de los creyentes y lo que ellos han optado por comodidad, cobard\u00eda, o peor, por intereses partidarios. De nuevo, es tiempo de arrepentirse y volver a la fidelidad hacia el Se\u00f1or de todas las cosas que desea que su voluntad se haga, como en el cielo, as\u00ed tambi\u00e9n en la tierra.<\/p>\n","protected":false},"excerpt":{"rendered":"<p>Por Mario Vega \/ Pastor General Misi\u00f3n Cristiana Elim \u00bfEs Dios el soberano solo de la iglesia o de todas las naciones? \u00bfLe interesa solo quien canta y ora o toda decisi\u00f3n que se toma en un pa\u00eds? Estas preguntas resumen la esencia de la cuesti\u00f3n de la relaci\u00f3n de los cristianos y la pol\u00edtica. [&hellip;]<\/p>\n","protected":false},"author":3,"featured_media":6072,"comment_status":"open","ping_status":"open","sticky":false,"template":"","format":"standard","meta":[],"categories":[23],"tags":[],"yoast_head":"<!-- This site is optimized with the Yoast SEO plugin v20.8 - https:\/\/yoast.com\/wordpress\/plugins\/seo\/ -->\n<title>Los cristianos y la pol\u00edtica - La Prensa Cristiana<\/title>\n<meta name=\"robots\" content=\"index, follow, max-snippet:-1, max-image-preview:large, max-video-preview:-1\" \/>\n<link rel=\"canonical\" href=\"https:\/\/laprensacristiana.com\/?p=10292\" \/>\n<meta property=\"og:locale\" content=\"es_ES\" \/>\n<meta property=\"og:type\" content=\"article\" \/>\n<meta property=\"og:title\" content=\"Los cristianos y la pol\u00edtica - La Prensa Cristiana\" \/>\n<meta property=\"og:description\" content=\"Por Mario Vega \/ Pastor General Misi\u00f3n Cristiana Elim \u00bfEs Dios el soberano solo de la iglesia o de todas las naciones? \u00bfLe interesa solo quien canta y ora o toda decisi\u00f3n que se toma en un pa\u00eds? Estas preguntas resumen la esencia de la cuesti\u00f3n de la relaci\u00f3n de los cristianos y la pol\u00edtica. [&hellip;]\" \/>\n<meta property=\"og:url\" content=\"https:\/\/laprensacristiana.com\/?p=10292\" \/>\n<meta property=\"og:site_name\" content=\"La Prensa Cristiana\" \/>\n<meta property=\"article:published_time\" content=\"2020-09-28T15:35:57+00:00\" \/>\n<meta property=\"article:modified_time\" content=\"2020-09-28T15:35:58+00:00\" \/>\n<meta property=\"og:image\" content=\"https:\/\/laprensacristiana.com\/wp-content\/uploads\/2019\/06\/OPINION-01-scaled.jpg\" \/>\n\t<meta property=\"og:image:width\" content=\"2560\" \/>\n\t<meta property=\"og:image:height\" content=\"1429\" \/>\n\t<meta property=\"og:image:type\" content=\"image\/jpeg\" \/>\n<meta name=\"author\" content=\"EDITOR\" \/>\n<meta name=\"twitter:card\" content=\"summary_large_image\" \/>\n<meta name=\"twitter:label1\" content=\"Escrito por\" \/>\n\t<meta name=\"twitter:data1\" content=\"EDITOR\" \/>\n\t<meta name=\"twitter:label2\" content=\"Tiempo de lectura\" \/>\n\t<meta name=\"twitter:data2\" content=\"3 minutos\" \/>\n<script type=\"application\/ld+json\" class=\"yoast-schema-graph\">{\"@context\":\"https:\/\/schema.org\",\"@graph\":[{\"@type\":\"WebPage\",\"@id\":\"https:\/\/laprensacristiana.com\/?p=10292\",\"url\":\"https:\/\/laprensacristiana.com\/?p=10292\",\"name\":\"Los cristianos y la pol\u00edtica - La Prensa Cristiana\",\"isPartOf\":{\"@id\":\"https:\/\/laprensacristiana.com\/#website\"},\"datePublished\":\"2020-09-28T15:35:57+00:00\",\"dateModified\":\"2020-09-28T15:35:58+00:00\",\"author\":{\"@id\":\"https:\/\/laprensacristiana.com\/#\/schema\/person\/3e7d82c6bfd6b1fa67010f8f7cd5256e\"},\"breadcrumb\":{\"@id\":\"https:\/\/laprensacristiana.com\/?p=10292#breadcrumb\"},\"inLanguage\":\"es\",\"potentialAction\":[{\"@type\":\"ReadAction\",\"target\":[\"https:\/\/laprensacristiana.com\/?p=10292\"]}]},{\"@type\":\"BreadcrumbList\",\"@id\":\"https:\/\/laprensacristiana.com\/?p=10292#breadcrumb\",\"itemListElement\":[{\"@type\":\"ListItem\",\"position\":1,\"name\":\"Portada\",\"item\":\"https:\/\/laprensacristiana.com\/\"},{\"@type\":\"ListItem\",\"position\":2,\"name\":\"Los cristianos y la pol\u00edtica\"}]},{\"@type\":\"WebSite\",\"@id\":\"https:\/\/laprensacristiana.com\/#website\",\"url\":\"https:\/\/laprensacristiana.com\/\",\"name\":\"La Prensa Cristiana\",\"description\":\"Anunciando Las Buenas Nuevas\",\"potentialAction\":[{\"@type\":\"SearchAction\",\"target\":{\"@type\":\"EntryPoint\",\"urlTemplate\":\"https:\/\/laprensacristiana.com\/?s={search_term_string}\"},\"query-input\":\"required name=search_term_string\"}],\"inLanguage\":\"es\"},{\"@type\":\"Person\",\"@id\":\"https:\/\/laprensacristiana.com\/#\/schema\/person\/3e7d82c6bfd6b1fa67010f8f7cd5256e\",\"name\":\"EDITOR\",\"image\":{\"@type\":\"ImageObject\",\"inLanguage\":\"es\",\"@id\":\"https:\/\/laprensacristiana.com\/#\/schema\/person\/image\/\",\"url\":\"https:\/\/secure.gravatar.com\/avatar\/72069dfb6c13772d9e8381e3638666d2?s=96&d=mm&r=g\",\"contentUrl\":\"https:\/\/secure.gravatar.com\/avatar\/72069dfb6c13772d9e8381e3638666d2?s=96&d=mm&r=g\",\"caption\":\"EDITOR\"},\"url\":\"https:\/\/laprensacristiana.com\/?author=3\"}]}<\/script>\n<!-- \/ Yoast SEO plugin. -->","yoast_head_json":{"title":"Los cristianos y la pol\u00edtica - La Prensa Cristiana","robots":{"index":"index","follow":"follow","max-snippet":"max-snippet:-1","max-image-preview":"max-image-preview:large","max-video-preview":"max-video-preview:-1"},"canonical":"https:\/\/laprensacristiana.com\/?p=10292","og_locale":"es_ES","og_type":"article","og_title":"Los cristianos y la pol\u00edtica - La Prensa Cristiana","og_description":"Por Mario Vega \/ Pastor General Misi\u00f3n Cristiana Elim \u00bfEs Dios el soberano solo de la iglesia o de todas las naciones? \u00bfLe interesa solo quien canta y ora o toda decisi\u00f3n que se toma en un pa\u00eds? Estas preguntas resumen la esencia de la cuesti\u00f3n de la relaci\u00f3n de los cristianos y la pol\u00edtica. [&hellip;]","og_url":"https:\/\/laprensacristiana.com\/?p=10292","og_site_name":"La Prensa Cristiana","article_published_time":"2020-09-28T15:35:57+00:00","article_modified_time":"2020-09-28T15:35:58+00:00","og_image":[{"width":2560,"height":1429,"url":"https:\/\/laprensacristiana.com\/wp-content\/uploads\/2019\/06\/OPINION-01-scaled.jpg","type":"image\/jpeg"}],"author":"EDITOR","twitter_card":"summary_large_image","twitter_misc":{"Escrito por":"EDITOR","Tiempo de lectura":"3 minutos"},"schema":{"@context":"https:\/\/schema.org","@graph":[{"@type":"WebPage","@id":"https:\/\/laprensacristiana.com\/?p=10292","url":"https:\/\/laprensacristiana.com\/?p=10292","name":"Los cristianos y la pol\u00edtica - La Prensa Cristiana","isPartOf":{"@id":"https:\/\/laprensacristiana.com\/#website"},"datePublished":"2020-09-28T15:35:57+00:00","dateModified":"2020-09-28T15:35:58+00:00","author":{"@id":"https:\/\/laprensacristiana.com\/#\/schema\/person\/3e7d82c6bfd6b1fa67010f8f7cd5256e"},"breadcrumb":{"@id":"https:\/\/laprensacristiana.com\/?p=10292#breadcrumb"},"inLanguage":"es","potentialAction":[{"@type":"ReadAction","target":["https:\/\/laprensacristiana.com\/?p=10292"]}]},{"@type":"BreadcrumbList","@id":"https:\/\/laprensacristiana.com\/?p=10292#breadcrumb","itemListElement":[{"@type":"ListItem","position":1,"name":"Portada","item":"https:\/\/laprensacristiana.com\/"},{"@type":"ListItem","position":2,"name":"Los cristianos y la pol\u00edtica"}]},{"@type":"WebSite","@id":"https:\/\/laprensacristiana.com\/#website","url":"https:\/\/laprensacristiana.com\/","name":"La Prensa Cristiana","description":"Anunciando Las Buenas Nuevas","potentialAction":[{"@type":"SearchAction","target":{"@type":"EntryPoint","urlTemplate":"https:\/\/laprensacristiana.com\/?s={search_term_string}"},"query-input":"required name=search_term_string"}],"inLanguage":"es"},{"@type":"Person","@id":"https:\/\/laprensacristiana.com\/#\/schema\/person\/3e7d82c6bfd6b1fa67010f8f7cd5256e","name":"EDITOR","image":{"@type":"ImageObject","inLanguage":"es","@id":"https:\/\/laprensacristiana.com\/#\/schema\/person\/image\/","url":"https:\/\/secure.gravatar.com\/avatar\/72069dfb6c13772d9e8381e3638666d2?s=96&d=mm&r=g","contentUrl":"https:\/\/secure.gravatar.com\/avatar\/72069dfb6c13772d9e8381e3638666d2?s=96&d=mm&r=g","caption":"EDITOR"},"url":"https:\/\/laprensacristiana.com\/?author=3"}]}},"_links":{"self":[{"href":"https:\/\/laprensacristiana.com\/index.php?rest_route=\/wp\/v2\/posts\/10292"}],"collection":[{"href":"https:\/\/laprensacristiana.com\/index.php?rest_route=\/wp\/v2\/posts"}],"about":[{"href":"https:\/\/laprensacristiana.com\/index.php?rest_route=\/wp\/v2\/types\/post"}],"author":[{"embeddable":true,"href":"https:\/\/laprensacristiana.com\/index.php?rest_route=\/wp\/v2\/users\/3"}],"replies":[{"embeddable":true,"href":"https:\/\/laprensacristiana.com\/index.php?rest_route=%2Fwp%2Fv2%2Fcomments&post=10292"}],"version-history":[{"count":1,"href":"https:\/\/laprensacristiana.com\/index.php?rest_route=\/wp\/v2\/posts\/10292\/revisions"}],"predecessor-version":[{"id":10293,"href":"https:\/\/laprensacristiana.com\/index.php?rest_route=\/wp\/v2\/posts\/10292\/revisions\/10293"}],"wp:featuredmedia":[{"embeddable":true,"href":"https:\/\/laprensacristiana.com\/index.php?rest_route=\/wp\/v2\/media\/6072"}],"wp:attachment":[{"href":"https:\/\/laprensacristiana.com\/index.php?rest_route=%2Fwp%2Fv2%2Fmedia&parent=10292"}],"wp:term":[{"taxonomy":"category","embeddable":true,"href":"https:\/\/laprensacristiana.com\/index.php?rest_route=%2Fwp%2Fv2%2Fcategories&post=10292"},{"taxonomy":"post_tag","embeddable":true,"href":"https:\/\/laprensacristiana.com\/index.php?rest_route=%2Fwp%2Fv2%2Ftags&post=10292"}],"curies":[{"name":"wp","href":"https:\/\/api.w.org\/{rel}","templated":true}]}}