{"id":10318,"date":"2020-09-30T23:26:15","date_gmt":"2020-09-30T23:26:15","guid":{"rendered":"https:\/\/laprensacristiana.com\/?p=10318"},"modified":"2020-09-30T23:26:17","modified_gmt":"2020-09-30T23:26:17","slug":"cafecito-reconciliandome","status":"publish","type":"post","link":"https:\/\/laprensacristiana.com\/?p=10318","title":{"rendered":"Cafecito: \u201cRECONCILI\u00c1NDOME"},"content":{"rendered":"\n<p>\u201d<br>Inicio este cafecito relat\u00e1ndoles una an\u00e9cdota sobre la fe: Un d\u00eda los hombres y mujeres de un pueblo, estaban muy preocupados porque hab\u00eda una gran sequ\u00eda, los l\u00edderes se organizaron y decidieron unirse para orar al Padre y pedirle Su favor para que lloviera; al llegar el d\u00eda de la oraci\u00f3n, asistieron todo tipo de personas de todas partes dentro y fuera del pueblo, diferentes religiones y denominaciones, para unirse y ser testigos de ese \u00fanico y notable acontecimiento que suceder\u00eda en ese pueblo, pero lo curioso fue que de todos los asistentes\u2026 \u201c\u201ds\u00f3lo una ni\u00f1a lleg\u00f3 con paraguas\u201d\u201d.<br>El 01 de Octubre en mi querido pa\u00eds El Salvador, tradicionalmente se celebra el d\u00eda del ni\u00f1o, y por igualdad del g\u00e9nero, se destin\u00f3 posteriormente a nivel internacional el 11 de octubre para celebrar el d\u00eda de la ni\u00f1a. Independientemente del d\u00eda, hoy es un buen d\u00eda para que reflexionemos esa hermosa etapa de nuestras vidas\u2026 la ni\u00f1ez, que a veces ha sido profundamente marcada por alg\u00fan acontecimiento negativo y en ocasiones esta herida de la infancia no nos permite SER felices y aprendemos a PARECER ser felices.<br>Es importante conocer que para sanar a nuestro ni\u00f1o interior, debemos evitar o al menos tratar de no ir por la vida buscando culpables, tampoco podemos se\u00f1alar a nuestros padres como los principales responsables que nosotros seamos de tal o cual manera. Al contrario, debemos abrazar el perd\u00f3n y la gratitud hacia ellos, es necesario si realmente queremos sanar y comenzar a trabajar en nosotros mismos dejando el papel de v\u00edctimas. Incluso sino conocimos a nuestros padres biol\u00f3gicos debemos perdonarles y mostrar esa gratitud hacia las personas que nos cuidaron y educaron.<br>Hay que decirles con consciencia y desde lo m\u00e1s \u00edntimo de nuestro coraz\u00f3n:<br>\u201cTe perdono y gracias por todo, por lo que me dieron y lo que no me dieron, ahora yo -el adulto- me encargo de conseguirlo con honestidad\u201d.<br>\u00bfSabes por qu\u00e9? Porque, al final, ellos tambi\u00e9n fueron producto de su historia y nos dieron todo lo que ten\u00edan para darnos, ni m\u00e1s ni menos. Porque estamos convencidos de que si ellos conoc\u00edan como hacer las cosas diferentes para demostrarnos su amor incondicional, lo hubieran hecho, pero\u2026 \u201cel hubiera no existe\u201d.<br>Esto no significa que les estemos justificando, sino que nos estamos haciendo conscientes de lo que sentimos, reconociendo \u201cresponsablemente\u201d nuestras sensaciones, debilidades y haci\u00e9ndoles frente \u201csin miedo\u201d, para curar nuestro interior. Hoy ya somos adultos, por lo tanto, responsables de buscar y encontrar soluciones soltando esas creencias y comportamientos que ya no nos sirven para seguir creciendo como personas libres y aut\u00e9nticas para tan solo Ser y cumplir con el prop\u00f3sito para el cual Pap\u00e1 Dios nos ha dado el Don m\u00e1s bello \u201cla vida\u201d.<br>Ser siempre ni\u00f1os\u2026 Tener nuestro interior sano, libre de apegos y de rencores, es nuestro trabajo como adultos responsables que hoy somos.<br>Dice Pap\u00e1 en Su Palabra que para entrar al reino de los cielos hay que ser como ni\u00f1os y vivir como tal. Y es que \u00bfpodr\u00e1 haber algo m\u00e1s real y sincero que la inocencia que sale del alma de un ni\u00f1o, de su coraz\u00f3n que es puro? Es una maravilla con la simplicidad que viven, no se complican la vida como nosotros los adultos. Su capacidad para perdonar es impresionante, digna de ser imitada. Si todos, incluy\u00e9ndome primero, vi\u00e9ramos el mundo a trav\u00e9s de los ojos de un ni\u00f1o, ser\u00eda un mejor lugar para vivir.<br>Con este cafecito quiero invitarte que en medio de toda situaci\u00f3n, corramos a los brazos de Pap\u00e1 Dios, ya que \u00c9l tiene algo que NADIE m\u00e1s tiene \u201cAMOR INCONDICIONAL\u201d (a\u00fan con nuestros errores). Entonces, hay que volver a ser ni\u00f1os y soltarnos sin miedo en los brazos de nuestro Pap\u00e1 amoroso -Dios- confiados en que \u00c9l siempre tendr\u00e1 la capacidad de rescatarnos de cualquier ca\u00edda en la vida y de curarnos por m\u00e1s profunda y enferma que est\u00e9 nuestra herida interior.<br>Por supuesto que muchas veces no logro mantener esa actitud de vida y cuando el miedo y la impotencia se apoderan de mi asustando a mi ni\u00f1a interior entonces me digo: \u00abTen calma mi ni\u00f1a, ahora yo -la adulta- cuido de ti y de ambas cuida Pap\u00e1 Dios. No hay nada que temer, con Pap\u00e1 estamos a salvo, \u00c9l dijo que no nos dejar\u00e1 ni desamparar\u00e1 (Josu\u00e9 1:5) y Yo le creo, porque si El di\u00f3 esa promesa \u201cSu Palabra es nuestra garant\u00eda\u00bb.<br>He aprendido en mis diferentes procesos, que aunque todo lo que haga o diga sea con coraz\u00f3n genuino, no debo esperar lo mismo de la otra persona, ya que si esa persona falla y no es genuina conmigo, simplemente es porque su ni\u00f1a\/o interior est\u00e1 roto todav\u00eda, y nadie puede dar lo que no tiene y aunque en el momento me duela, me haga sentir triste y tenga muchos sentimientos encontrados, esas actitudes de la otra persona no deben quitarme mi paz interior, ya que esa no es negociable, ni mucho menos cambiar mi manera de ser y debo recobrar prontamente el \u00e1nimo y alegr\u00eda.<br>Anhelo para ti y para m\u00ed con todo mi coraz\u00f3n que tengamos el Don de esa F\u00c9 FIRME E INMUTABLE de la ni\u00f1a del paraguas y te comparto algo muy personal que aunque por hoy aun no veo cambios genuinos en el mayor de mis hijos, sigo pidi\u00e9ndole a Pap\u00e1 por \u00e9l, sigo creyendo con los ojos de coraz\u00f3n de madre que Dios lo har\u00e1 en Su tiempo, mientras tanto en medio de toda circunstancia disfrutar\u00e9 \u201ca mi manera\u201d, cada instante y SER\u00c9 feliz, sonri\u00e9ndole a esta aventura llamada \u201cvida\u201d; y solamente SER yo misma.<br>Por tanto, demos gracias a Pap\u00e1 Dios por abrir nuestros ojos cada d\u00eda, por darnos lo suficiente para vivir, as\u00ed que te invito a que bailes, saltes, cantes, juega, disfruta con tus mascotas sin pensar en el que dir\u00e1n, sonr\u00ede, ama lo que haces, comparte un caf\u00e9, un helado, tu comida preferida, perdona r\u00e1pido, da las gracias y abraza cada d\u00eda a esos seres especiales que tienes a tu alrededor por existir en tu vida y no dejes pasar un tan solo d\u00eda sin decirles cuanto les quieres, amemos ese ni\u00f1o interior hoy adulto tal cual somos, porque somos el dise\u00f1o perfecto de Dios hechos a su imagen y semejanza.<br>Por hoy te invito a que nos reconciliemos con nuestro ni\u00f1o\/a interior, y ser\u00e1 hasta entonces que daremos \u201cAMOR Y SONRISAS genuinas a todos sin excepci\u00f3n\u201d, convencidos que NADA SE HA SALIDO DEL CONTROL DE PAP\u00c1 DIOS.<br>\u00a1UN ABRAZO!<br>Claudia Guill\u00e9n<br>Escritora Libro:<br>Ordenando Los Juguetes Tirados<br>Columnista La Prensa Cristiana y otros<br>Medios digitales.<\/p>\n\n\n\n<h1 class=\"wp-block-heading\">MiPazinteriorNoEsNegociable<\/h1>\n\n\n\n<h1 class=\"wp-block-heading\">YaNoTengoTiempoParaPerderElTiempo<\/h1>\n\n\n\n<h1 class=\"wp-block-heading\">UnD\u00edaALaVez<\/h1>\n\n\n\n<h1 class=\"wp-block-heading\">AmoYDisfrutoMiNi\u00f1aInterior<\/h1>\n\n\n\n<h1 class=\"wp-block-heading\">SomosInstantes<\/h1>\n","protected":false},"excerpt":{"rendered":"<p>\u201dInicio este cafecito relat\u00e1ndoles una an\u00e9cdota sobre la fe: Un d\u00eda los hombres y mujeres de un pueblo, estaban muy preocupados porque hab\u00eda una gran sequ\u00eda, los l\u00edderes se organizaron y decidieron unirse para orar al Padre y pedirle Su favor para que lloviera; al llegar el d\u00eda de la oraci\u00f3n, asistieron todo tipo de [&hellip;]<\/p>\n","protected":false},"author":3,"featured_media":10165,"comment_status":"open","ping_status":"open","sticky":false,"template":"","format":"standard","meta":[],"categories":[71],"tags":[],"yoast_head":"<!-- This site is optimized with the Yoast SEO plugin v20.8 - https:\/\/yoast.com\/wordpress\/plugins\/seo\/ -->\n<title>Cafecito: \u201cRECONCILI\u00c1NDOME - La Prensa Cristiana<\/title>\n<meta name=\"robots\" content=\"index, follow, max-snippet:-1, max-image-preview:large, max-video-preview:-1\" \/>\n<link rel=\"canonical\" href=\"https:\/\/laprensacristiana.com\/?p=10318\" \/>\n<meta property=\"og:locale\" content=\"es_ES\" \/>\n<meta property=\"og:type\" content=\"article\" \/>\n<meta property=\"og:title\" content=\"Cafecito: \u201cRECONCILI\u00c1NDOME - La Prensa Cristiana\" \/>\n<meta property=\"og:description\" content=\"\u201dInicio este cafecito relat\u00e1ndoles una an\u00e9cdota sobre la fe: Un d\u00eda los hombres y mujeres de un pueblo, estaban muy preocupados porque hab\u00eda una gran sequ\u00eda, los l\u00edderes se organizaron y decidieron unirse para orar al Padre y pedirle Su favor para que lloviera; al llegar el d\u00eda de la oraci\u00f3n, asistieron todo tipo de [&hellip;]\" \/>\n<meta property=\"og:url\" content=\"https:\/\/laprensacristiana.com\/?p=10318\" \/>\n<meta property=\"og:site_name\" content=\"La Prensa Cristiana\" \/>\n<meta property=\"article:published_time\" content=\"2020-09-30T23:26:15+00:00\" \/>\n<meta property=\"article:modified_time\" content=\"2020-09-30T23:26:17+00:00\" \/>\n<meta property=\"og:image\" content=\"https:\/\/laprensacristiana.com\/wp-content\/uploads\/2020\/09\/MI-CAFECITO-CON-JESUS.jpeg\" \/>\n\t<meta property=\"og:image:width\" content=\"1280\" \/>\n\t<meta property=\"og:image:height\" content=\"647\" \/>\n\t<meta property=\"og:image:type\" content=\"image\/jpeg\" \/>\n<meta name=\"author\" content=\"EDITOR\" \/>\n<meta name=\"twitter:card\" content=\"summary_large_image\" \/>\n<meta name=\"twitter:label1\" content=\"Escrito por\" \/>\n\t<meta name=\"twitter:data1\" content=\"EDITOR\" \/>\n\t<meta name=\"twitter:label2\" content=\"Tiempo de lectura\" \/>\n\t<meta name=\"twitter:data2\" content=\"6 minutos\" \/>\n<script type=\"application\/ld+json\" class=\"yoast-schema-graph\">{\"@context\":\"https:\/\/schema.org\",\"@graph\":[{\"@type\":\"WebPage\",\"@id\":\"https:\/\/laprensacristiana.com\/?p=10318\",\"url\":\"https:\/\/laprensacristiana.com\/?p=10318\",\"name\":\"Cafecito: \u201cRECONCILI\u00c1NDOME - La Prensa Cristiana\",\"isPartOf\":{\"@id\":\"https:\/\/laprensacristiana.com\/#website\"},\"datePublished\":\"2020-09-30T23:26:15+00:00\",\"dateModified\":\"2020-09-30T23:26:17+00:00\",\"author\":{\"@id\":\"https:\/\/laprensacristiana.com\/#\/schema\/person\/3e7d82c6bfd6b1fa67010f8f7cd5256e\"},\"breadcrumb\":{\"@id\":\"https:\/\/laprensacristiana.com\/?p=10318#breadcrumb\"},\"inLanguage\":\"es\",\"potentialAction\":[{\"@type\":\"ReadAction\",\"target\":[\"https:\/\/laprensacristiana.com\/?p=10318\"]}]},{\"@type\":\"BreadcrumbList\",\"@id\":\"https:\/\/laprensacristiana.com\/?p=10318#breadcrumb\",\"itemListElement\":[{\"@type\":\"ListItem\",\"position\":1,\"name\":\"Portada\",\"item\":\"https:\/\/laprensacristiana.com\/\"},{\"@type\":\"ListItem\",\"position\":2,\"name\":\"Cafecito: \u201cRECONCILI\u00c1NDOME\"}]},{\"@type\":\"WebSite\",\"@id\":\"https:\/\/laprensacristiana.com\/#website\",\"url\":\"https:\/\/laprensacristiana.com\/\",\"name\":\"La Prensa Cristiana\",\"description\":\"Anunciando Las Buenas Nuevas\",\"potentialAction\":[{\"@type\":\"SearchAction\",\"target\":{\"@type\":\"EntryPoint\",\"urlTemplate\":\"https:\/\/laprensacristiana.com\/?s={search_term_string}\"},\"query-input\":\"required name=search_term_string\"}],\"inLanguage\":\"es\"},{\"@type\":\"Person\",\"@id\":\"https:\/\/laprensacristiana.com\/#\/schema\/person\/3e7d82c6bfd6b1fa67010f8f7cd5256e\",\"name\":\"EDITOR\",\"image\":{\"@type\":\"ImageObject\",\"inLanguage\":\"es\",\"@id\":\"https:\/\/laprensacristiana.com\/#\/schema\/person\/image\/\",\"url\":\"https:\/\/secure.gravatar.com\/avatar\/72069dfb6c13772d9e8381e3638666d2?s=96&d=mm&r=g\",\"contentUrl\":\"https:\/\/secure.gravatar.com\/avatar\/72069dfb6c13772d9e8381e3638666d2?s=96&d=mm&r=g\",\"caption\":\"EDITOR\"},\"url\":\"https:\/\/laprensacristiana.com\/?author=3\"}]}<\/script>\n<!-- \/ Yoast SEO plugin. -->","yoast_head_json":{"title":"Cafecito: \u201cRECONCILI\u00c1NDOME - La Prensa Cristiana","robots":{"index":"index","follow":"follow","max-snippet":"max-snippet:-1","max-image-preview":"max-image-preview:large","max-video-preview":"max-video-preview:-1"},"canonical":"https:\/\/laprensacristiana.com\/?p=10318","og_locale":"es_ES","og_type":"article","og_title":"Cafecito: \u201cRECONCILI\u00c1NDOME - La Prensa Cristiana","og_description":"\u201dInicio este cafecito relat\u00e1ndoles una an\u00e9cdota sobre la fe: Un d\u00eda los hombres y mujeres de un pueblo, estaban muy preocupados porque hab\u00eda una gran sequ\u00eda, los l\u00edderes se organizaron y decidieron unirse para orar al Padre y pedirle Su favor para que lloviera; al llegar el d\u00eda de la oraci\u00f3n, asistieron todo tipo de [&hellip;]","og_url":"https:\/\/laprensacristiana.com\/?p=10318","og_site_name":"La Prensa Cristiana","article_published_time":"2020-09-30T23:26:15+00:00","article_modified_time":"2020-09-30T23:26:17+00:00","og_image":[{"width":1280,"height":647,"url":"https:\/\/laprensacristiana.com\/wp-content\/uploads\/2020\/09\/MI-CAFECITO-CON-JESUS.jpeg","type":"image\/jpeg"}],"author":"EDITOR","twitter_card":"summary_large_image","twitter_misc":{"Escrito por":"EDITOR","Tiempo de lectura":"6 minutos"},"schema":{"@context":"https:\/\/schema.org","@graph":[{"@type":"WebPage","@id":"https:\/\/laprensacristiana.com\/?p=10318","url":"https:\/\/laprensacristiana.com\/?p=10318","name":"Cafecito: \u201cRECONCILI\u00c1NDOME - La Prensa Cristiana","isPartOf":{"@id":"https:\/\/laprensacristiana.com\/#website"},"datePublished":"2020-09-30T23:26:15+00:00","dateModified":"2020-09-30T23:26:17+00:00","author":{"@id":"https:\/\/laprensacristiana.com\/#\/schema\/person\/3e7d82c6bfd6b1fa67010f8f7cd5256e"},"breadcrumb":{"@id":"https:\/\/laprensacristiana.com\/?p=10318#breadcrumb"},"inLanguage":"es","potentialAction":[{"@type":"ReadAction","target":["https:\/\/laprensacristiana.com\/?p=10318"]}]},{"@type":"BreadcrumbList","@id":"https:\/\/laprensacristiana.com\/?p=10318#breadcrumb","itemListElement":[{"@type":"ListItem","position":1,"name":"Portada","item":"https:\/\/laprensacristiana.com\/"},{"@type":"ListItem","position":2,"name":"Cafecito: \u201cRECONCILI\u00c1NDOME"}]},{"@type":"WebSite","@id":"https:\/\/laprensacristiana.com\/#website","url":"https:\/\/laprensacristiana.com\/","name":"La Prensa Cristiana","description":"Anunciando Las Buenas Nuevas","potentialAction":[{"@type":"SearchAction","target":{"@type":"EntryPoint","urlTemplate":"https:\/\/laprensacristiana.com\/?s={search_term_string}"},"query-input":"required name=search_term_string"}],"inLanguage":"es"},{"@type":"Person","@id":"https:\/\/laprensacristiana.com\/#\/schema\/person\/3e7d82c6bfd6b1fa67010f8f7cd5256e","name":"EDITOR","image":{"@type":"ImageObject","inLanguage":"es","@id":"https:\/\/laprensacristiana.com\/#\/schema\/person\/image\/","url":"https:\/\/secure.gravatar.com\/avatar\/72069dfb6c13772d9e8381e3638666d2?s=96&d=mm&r=g","contentUrl":"https:\/\/secure.gravatar.com\/avatar\/72069dfb6c13772d9e8381e3638666d2?s=96&d=mm&r=g","caption":"EDITOR"},"url":"https:\/\/laprensacristiana.com\/?author=3"}]}},"_links":{"self":[{"href":"https:\/\/laprensacristiana.com\/index.php?rest_route=\/wp\/v2\/posts\/10318"}],"collection":[{"href":"https:\/\/laprensacristiana.com\/index.php?rest_route=\/wp\/v2\/posts"}],"about":[{"href":"https:\/\/laprensacristiana.com\/index.php?rest_route=\/wp\/v2\/types\/post"}],"author":[{"embeddable":true,"href":"https:\/\/laprensacristiana.com\/index.php?rest_route=\/wp\/v2\/users\/3"}],"replies":[{"embeddable":true,"href":"https:\/\/laprensacristiana.com\/index.php?rest_route=%2Fwp%2Fv2%2Fcomments&post=10318"}],"version-history":[{"count":1,"href":"https:\/\/laprensacristiana.com\/index.php?rest_route=\/wp\/v2\/posts\/10318\/revisions"}],"predecessor-version":[{"id":10319,"href":"https:\/\/laprensacristiana.com\/index.php?rest_route=\/wp\/v2\/posts\/10318\/revisions\/10319"}],"wp:featuredmedia":[{"embeddable":true,"href":"https:\/\/laprensacristiana.com\/index.php?rest_route=\/wp\/v2\/media\/10165"}],"wp:attachment":[{"href":"https:\/\/laprensacristiana.com\/index.php?rest_route=%2Fwp%2Fv2%2Fmedia&parent=10318"}],"wp:term":[{"taxonomy":"category","embeddable":true,"href":"https:\/\/laprensacristiana.com\/index.php?rest_route=%2Fwp%2Fv2%2Fcategories&post=10318"},{"taxonomy":"post_tag","embeddable":true,"href":"https:\/\/laprensacristiana.com\/index.php?rest_route=%2Fwp%2Fv2%2Ftags&post=10318"}],"curies":[{"name":"wp","href":"https:\/\/api.w.org\/{rel}","templated":true}]}}