{"id":10320,"date":"2020-10-01T02:42:44","date_gmt":"2020-10-01T02:42:44","guid":{"rendered":"https:\/\/laprensacristiana.com\/?p=10320"},"modified":"2020-10-01T02:51:56","modified_gmt":"2020-10-01T02:51:56","slug":"grupos-pro-aborto-manchan-iglesia-en-argentina","status":"publish","type":"post","link":"https:\/\/laprensacristiana.com\/?p=10320","title":{"rendered":"Grupos pro aborto manchan iglesia en Argentina"},"content":{"rendered":"\n<p>El pasado lunes La Alianza Cristiana de Iglesias Evang\u00e9licas de la Rep\u00fablica Argentina (ACIERA) present\u00f3 un comunicado en el que repudiaron y denunciaron el acto de vandalismo que se cometi\u00f3 contra el templo de la Iglesia Jes\u00fas es Rey de la ciudad de Neuqu\u00e9n, en Argentina.<\/p>\n\n\n\n<p>Seg\u00fan el comunicado la iglesia dirigida por el pastor Hugo M\u00e1rquez. El d\u00eda lunes aparecieron manchadas las paredes de la iglesia, el hecho fue cometido por grupos pro aborto.<\/p>\n\n\n\n<p>ACIERA catalog\u00f3 este acto como cobarde, no es la primera vez que est\u00e1 iglesia sufre un ataque como este, dejando a relucir la intolerancia de este grupo colectivo frente a la diferente&nbsp; postura en cuanto al aborto se trata.<\/p>\n\n\n\n<p>\u00abEs cierto que estamos a favor de la vida desde su concepci\u00f3n, y no ignoramos que muchas mujeres se encuentran frente a un embarazo no buscado, lo que las expone a serias consecuencias para su salud f\u00edsica y emocional. Por eso creemos en una educaci\u00f3n sexual responsable y en el acompa\u00f1amiento de la mujer que atraviesa esta situaci\u00f3n. Sabemos que hay quienes piensan distinto, pero eso no los transforma en nuestros enemigos\u00bb expres\u00f3 ACIERA en su comunicado.<\/p>\n\n\n\n<p>El proyecto de ley que aprobaba el aborto fue tratado en el a\u00f1o 2018, y denegado por el poder Legislativo de dicho pa\u00eds.&nbsp;<\/p>\n\n\n\n<p>La Alianza Cristiana de Iglesias Evang\u00e9licas de la Rep\u00fablica Argentina hizo un atento llamado a las autoridades de Argentina, para que hagan un manifiesto rechazando totalmente estos actos vandalicos y de intolerancia.<\/p>\n","protected":false},"excerpt":{"rendered":"<p>El pasado lunes La Alianza Cristiana de Iglesias Evang\u00e9licas de la Rep\u00fablica Argentina (ACIERA) present\u00f3 un comunicado en el que repudiaron y denunciaron el acto de vandalismo que se cometi\u00f3 contra el templo de la Iglesia Jes\u00fas es Rey de la ciudad de Neuqu\u00e9n, en Argentina. Seg\u00fan el comunicado la iglesia dirigida por el pastor [&hellip;]<\/p>\n","protected":false},"author":3,"featured_media":10321,"comment_status":"open","ping_status":"open","sticky":false,"template":"","format":"standard","meta":[],"categories":[56],"tags":[],"yoast_head":"<!-- This site is optimized with the Yoast SEO plugin v20.8 - https:\/\/yoast.com\/wordpress\/plugins\/seo\/ -->\n<title>Grupos pro aborto manchan iglesia en Argentina - La Prensa Cristiana<\/title>\n<meta name=\"robots\" content=\"index, follow, max-snippet:-1, max-image-preview:large, max-video-preview:-1\" \/>\n<link rel=\"canonical\" href=\"https:\/\/laprensacristiana.com\/?p=10320\" \/>\n<meta property=\"og:locale\" content=\"es_ES\" \/>\n<meta property=\"og:type\" content=\"article\" \/>\n<meta property=\"og:title\" content=\"Grupos pro aborto manchan iglesia en Argentina - La Prensa Cristiana\" \/>\n<meta property=\"og:description\" content=\"El pasado lunes La Alianza Cristiana de Iglesias Evang\u00e9licas de la Rep\u00fablica Argentina (ACIERA) present\u00f3 un comunicado en el que repudiaron y denunciaron el acto de vandalismo que se cometi\u00f3 contra el templo de la Iglesia Jes\u00fas es Rey de la ciudad de Neuqu\u00e9n, en Argentina. Seg\u00fan el comunicado la iglesia dirigida por el pastor [&hellip;]\" \/>\n<meta property=\"og:url\" content=\"https:\/\/laprensacristiana.com\/?p=10320\" \/>\n<meta property=\"og:site_name\" content=\"La Prensa Cristiana\" \/>\n<meta property=\"article:published_time\" content=\"2020-10-01T02:42:44+00:00\" \/>\n<meta property=\"article:modified_time\" content=\"2020-10-01T02:51:56+00:00\" \/>\n<meta property=\"og:image\" content=\"https:\/\/laprensacristiana.com\/wp-content\/uploads\/2020\/10\/IMG-20200930-WA0026.jpg\" \/>\n\t<meta property=\"og:image:width\" content=\"1280\" \/>\n\t<meta property=\"og:image:height\" content=\"719\" \/>\n\t<meta property=\"og:image:type\" content=\"image\/jpeg\" \/>\n<meta name=\"author\" content=\"EDITOR\" \/>\n<meta name=\"twitter:card\" content=\"summary_large_image\" \/>\n<meta name=\"twitter:label1\" content=\"Escrito por\" \/>\n\t<meta name=\"twitter:data1\" content=\"EDITOR\" \/>\n\t<meta name=\"twitter:label2\" content=\"Tiempo de lectura\" \/>\n\t<meta name=\"twitter:data2\" content=\"1 minuto\" \/>\n<script type=\"application\/ld+json\" class=\"yoast-schema-graph\">{\"@context\":\"https:\/\/schema.org\",\"@graph\":[{\"@type\":\"WebPage\",\"@id\":\"https:\/\/laprensacristiana.com\/?p=10320\",\"url\":\"https:\/\/laprensacristiana.com\/?p=10320\",\"name\":\"Grupos pro aborto manchan iglesia en Argentina - La Prensa Cristiana\",\"isPartOf\":{\"@id\":\"https:\/\/laprensacristiana.com\/#website\"},\"datePublished\":\"2020-10-01T02:42:44+00:00\",\"dateModified\":\"2020-10-01T02:51:56+00:00\",\"author\":{\"@id\":\"https:\/\/laprensacristiana.com\/#\/schema\/person\/3e7d82c6bfd6b1fa67010f8f7cd5256e\"},\"breadcrumb\":{\"@id\":\"https:\/\/laprensacristiana.com\/?p=10320#breadcrumb\"},\"inLanguage\":\"es\",\"potentialAction\":[{\"@type\":\"ReadAction\",\"target\":[\"https:\/\/laprensacristiana.com\/?p=10320\"]}]},{\"@type\":\"BreadcrumbList\",\"@id\":\"https:\/\/laprensacristiana.com\/?p=10320#breadcrumb\",\"itemListElement\":[{\"@type\":\"ListItem\",\"position\":1,\"name\":\"Portada\",\"item\":\"https:\/\/laprensacristiana.com\/\"},{\"@type\":\"ListItem\",\"position\":2,\"name\":\"Grupos pro aborto manchan iglesia en Argentina\"}]},{\"@type\":\"WebSite\",\"@id\":\"https:\/\/laprensacristiana.com\/#website\",\"url\":\"https:\/\/laprensacristiana.com\/\",\"name\":\"La Prensa Cristiana\",\"description\":\"Anunciando Las Buenas Nuevas\",\"potentialAction\":[{\"@type\":\"SearchAction\",\"target\":{\"@type\":\"EntryPoint\",\"urlTemplate\":\"https:\/\/laprensacristiana.com\/?s={search_term_string}\"},\"query-input\":\"required name=search_term_string\"}],\"inLanguage\":\"es\"},{\"@type\":\"Person\",\"@id\":\"https:\/\/laprensacristiana.com\/#\/schema\/person\/3e7d82c6bfd6b1fa67010f8f7cd5256e\",\"name\":\"EDITOR\",\"image\":{\"@type\":\"ImageObject\",\"inLanguage\":\"es\",\"@id\":\"https:\/\/laprensacristiana.com\/#\/schema\/person\/image\/\",\"url\":\"https:\/\/secure.gravatar.com\/avatar\/72069dfb6c13772d9e8381e3638666d2?s=96&d=mm&r=g\",\"contentUrl\":\"https:\/\/secure.gravatar.com\/avatar\/72069dfb6c13772d9e8381e3638666d2?s=96&d=mm&r=g\",\"caption\":\"EDITOR\"},\"url\":\"https:\/\/laprensacristiana.com\/?author=3\"}]}<\/script>\n<!-- \/ Yoast SEO plugin. -->","yoast_head_json":{"title":"Grupos pro aborto manchan iglesia en Argentina - La Prensa Cristiana","robots":{"index":"index","follow":"follow","max-snippet":"max-snippet:-1","max-image-preview":"max-image-preview:large","max-video-preview":"max-video-preview:-1"},"canonical":"https:\/\/laprensacristiana.com\/?p=10320","og_locale":"es_ES","og_type":"article","og_title":"Grupos pro aborto manchan iglesia en Argentina - La Prensa Cristiana","og_description":"El pasado lunes La Alianza Cristiana de Iglesias Evang\u00e9licas de la Rep\u00fablica Argentina (ACIERA) present\u00f3 un comunicado en el que repudiaron y denunciaron el acto de vandalismo que se cometi\u00f3 contra el templo de la Iglesia Jes\u00fas es Rey de la ciudad de Neuqu\u00e9n, en Argentina. Seg\u00fan el comunicado la iglesia dirigida por el pastor [&hellip;]","og_url":"https:\/\/laprensacristiana.com\/?p=10320","og_site_name":"La Prensa Cristiana","article_published_time":"2020-10-01T02:42:44+00:00","article_modified_time":"2020-10-01T02:51:56+00:00","og_image":[{"width":1280,"height":719,"url":"https:\/\/laprensacristiana.com\/wp-content\/uploads\/2020\/10\/IMG-20200930-WA0026.jpg","type":"image\/jpeg"}],"author":"EDITOR","twitter_card":"summary_large_image","twitter_misc":{"Escrito por":"EDITOR","Tiempo de lectura":"1 minuto"},"schema":{"@context":"https:\/\/schema.org","@graph":[{"@type":"WebPage","@id":"https:\/\/laprensacristiana.com\/?p=10320","url":"https:\/\/laprensacristiana.com\/?p=10320","name":"Grupos pro aborto manchan iglesia en Argentina - La Prensa Cristiana","isPartOf":{"@id":"https:\/\/laprensacristiana.com\/#website"},"datePublished":"2020-10-01T02:42:44+00:00","dateModified":"2020-10-01T02:51:56+00:00","author":{"@id":"https:\/\/laprensacristiana.com\/#\/schema\/person\/3e7d82c6bfd6b1fa67010f8f7cd5256e"},"breadcrumb":{"@id":"https:\/\/laprensacristiana.com\/?p=10320#breadcrumb"},"inLanguage":"es","potentialAction":[{"@type":"ReadAction","target":["https:\/\/laprensacristiana.com\/?p=10320"]}]},{"@type":"BreadcrumbList","@id":"https:\/\/laprensacristiana.com\/?p=10320#breadcrumb","itemListElement":[{"@type":"ListItem","position":1,"name":"Portada","item":"https:\/\/laprensacristiana.com\/"},{"@type":"ListItem","position":2,"name":"Grupos pro aborto manchan iglesia en Argentina"}]},{"@type":"WebSite","@id":"https:\/\/laprensacristiana.com\/#website","url":"https:\/\/laprensacristiana.com\/","name":"La Prensa Cristiana","description":"Anunciando Las Buenas Nuevas","potentialAction":[{"@type":"SearchAction","target":{"@type":"EntryPoint","urlTemplate":"https:\/\/laprensacristiana.com\/?s={search_term_string}"},"query-input":"required name=search_term_string"}],"inLanguage":"es"},{"@type":"Person","@id":"https:\/\/laprensacristiana.com\/#\/schema\/person\/3e7d82c6bfd6b1fa67010f8f7cd5256e","name":"EDITOR","image":{"@type":"ImageObject","inLanguage":"es","@id":"https:\/\/laprensacristiana.com\/#\/schema\/person\/image\/","url":"https:\/\/secure.gravatar.com\/avatar\/72069dfb6c13772d9e8381e3638666d2?s=96&d=mm&r=g","contentUrl":"https:\/\/secure.gravatar.com\/avatar\/72069dfb6c13772d9e8381e3638666d2?s=96&d=mm&r=g","caption":"EDITOR"},"url":"https:\/\/laprensacristiana.com\/?author=3"}]}},"_links":{"self":[{"href":"https:\/\/laprensacristiana.com\/index.php?rest_route=\/wp\/v2\/posts\/10320"}],"collection":[{"href":"https:\/\/laprensacristiana.com\/index.php?rest_route=\/wp\/v2\/posts"}],"about":[{"href":"https:\/\/laprensacristiana.com\/index.php?rest_route=\/wp\/v2\/types\/post"}],"author":[{"embeddable":true,"href":"https:\/\/laprensacristiana.com\/index.php?rest_route=\/wp\/v2\/users\/3"}],"replies":[{"embeddable":true,"href":"https:\/\/laprensacristiana.com\/index.php?rest_route=%2Fwp%2Fv2%2Fcomments&post=10320"}],"version-history":[{"count":2,"href":"https:\/\/laprensacristiana.com\/index.php?rest_route=\/wp\/v2\/posts\/10320\/revisions"}],"predecessor-version":[{"id":10323,"href":"https:\/\/laprensacristiana.com\/index.php?rest_route=\/wp\/v2\/posts\/10320\/revisions\/10323"}],"wp:featuredmedia":[{"embeddable":true,"href":"https:\/\/laprensacristiana.com\/index.php?rest_route=\/wp\/v2\/media\/10321"}],"wp:attachment":[{"href":"https:\/\/laprensacristiana.com\/index.php?rest_route=%2Fwp%2Fv2%2Fmedia&parent=10320"}],"wp:term":[{"taxonomy":"category","embeddable":true,"href":"https:\/\/laprensacristiana.com\/index.php?rest_route=%2Fwp%2Fv2%2Fcategories&post=10320"},{"taxonomy":"post_tag","embeddable":true,"href":"https:\/\/laprensacristiana.com\/index.php?rest_route=%2Fwp%2Fv2%2Ftags&post=10320"}],"curies":[{"name":"wp","href":"https:\/\/api.w.org\/{rel}","templated":true}]}}