{"id":10333,"date":"2020-10-01T16:27:24","date_gmt":"2020-10-01T16:27:24","guid":{"rendered":"https:\/\/laprensacristiana.com\/?p=10333"},"modified":"2020-10-01T16:27:25","modified_gmt":"2020-10-01T16:27:25","slug":"aniversario-16-del-tabernaculo-de-ilopango-bajo-la-misericordia-de-dios","status":"publish","type":"post","link":"https:\/\/laprensacristiana.com\/?p=10333","title":{"rendered":"Aniversario 16 del Tabern\u00e1culo de Ilopango \u201cBajo la misericordia de Dios\u201d"},"content":{"rendered":"\n<p>Cuando la noche marcaba las 7:00 pm del pasado mi\u00e9rcoles 30 de septiembre el Tabern\u00e1culo de Ilopango se visti\u00f3 de gala, en su ya tradicional celebraci\u00f3n de aniversario. A\u00fan marcados por la situaci\u00f3n de distanciamiento social que vive nuestro Pa\u00eds, Zona de Bendici\u00f3n celebr\u00f3 con humildad, disciplina y esperanza sus 16 a\u00f1os bajo la misericordia de Dios.<\/p>\n\n\n\n<figure class=\"wp-block-image size-large\"><img decoding=\"async\" loading=\"lazy\" width=\"846\" height=\"284\" src=\"https:\/\/laprensacristiana.com\/wp-content\/uploads\/2020\/10\/imagen-1.jpg\" alt=\"\" class=\"wp-image-10332\" srcset=\"https:\/\/laprensacristiana.com\/wp-content\/uploads\/2020\/10\/imagen-1.jpg 846w, https:\/\/laprensacristiana.com\/wp-content\/uploads\/2020\/10\/imagen-1-300x101.jpg 300w, https:\/\/laprensacristiana.com\/wp-content\/uploads\/2020\/10\/imagen-1-768x258.jpg 768w, https:\/\/laprensacristiana.com\/wp-content\/uploads\/2020\/10\/imagen-1-696x234.jpg 696w, https:\/\/laprensacristiana.com\/wp-content\/uploads\/2020\/10\/imagen-1-600x201.jpg 600w\" sizes=\"(max-width: 846px) 100vw, 846px\" \/><\/figure>\n\n\n\n<p>La fidelidad de la congregaci\u00f3n se vio de manifiesto al llenar cada silla \u00a0de cada \u00e1rea de la Iglesia, sin faltar su mascarilla, caretas y alcohol gel con un \u00fanico prop\u00f3sito: Agradecer a Dios por ser propicio a nuestras necesidades.<\/p>\n\n\n\n<figure class=\"wp-block-image size-large\"><img decoding=\"async\" loading=\"lazy\" width=\"846\" height=\"284\" src=\"https:\/\/laprensacristiana.com\/wp-content\/uploads\/2020\/10\/imagen-2.jpg\" alt=\"\" class=\"wp-image-10334\" srcset=\"https:\/\/laprensacristiana.com\/wp-content\/uploads\/2020\/10\/imagen-2.jpg 846w, https:\/\/laprensacristiana.com\/wp-content\/uploads\/2020\/10\/imagen-2-300x101.jpg 300w, https:\/\/laprensacristiana.com\/wp-content\/uploads\/2020\/10\/imagen-2-768x258.jpg 768w, https:\/\/laprensacristiana.com\/wp-content\/uploads\/2020\/10\/imagen-2-696x234.jpg 696w, https:\/\/laprensacristiana.com\/wp-content\/uploads\/2020\/10\/imagen-2-600x201.jpg 600w\" sizes=\"(max-width: 846px) 100vw, 846px\" \/><\/figure>\n\n\n\n<p>Empezado el culto el Pastor Merlos Jr. Dio la bienvenida a toda la congregaci\u00f3n quien recibi\u00f3 el inici\u00f3 del tan esperado servicio con un caluroso aplauso de exaltaci\u00f3n a Dios. La alabanza comenz\u00f3 y nuestro Hno. Jonathan Rivera junto a la congregaci\u00f3n entonaban himnos de j\u00fabilo y adoraci\u00f3n que glorificaban a Dios.<\/p>\n\n\n\n<figure class=\"wp-block-image size-large\"><img decoding=\"async\" loading=\"lazy\" width=\"846\" height=\"284\" src=\"https:\/\/laprensacristiana.com\/wp-content\/uploads\/2020\/10\/imagen-3.jpg\" alt=\"\" class=\"wp-image-10335\" srcset=\"https:\/\/laprensacristiana.com\/wp-content\/uploads\/2020\/10\/imagen-3.jpg 846w, https:\/\/laprensacristiana.com\/wp-content\/uploads\/2020\/10\/imagen-3-300x101.jpg 300w, https:\/\/laprensacristiana.com\/wp-content\/uploads\/2020\/10\/imagen-3-768x258.jpg 768w, https:\/\/laprensacristiana.com\/wp-content\/uploads\/2020\/10\/imagen-3-696x234.jpg 696w, https:\/\/laprensacristiana.com\/wp-content\/uploads\/2020\/10\/imagen-3-600x201.jpg 600w\" sizes=\"(max-width: 846px) 100vw, 846px\" \/><\/figure>\n\n\n\n<p>Avanzado el culto el Pastor Merlos agradeci\u00f3 a la congregaci\u00f3n, a cada coordinador y servidor de ministerio, al Tabern\u00e1culo Central por la confianza, a los medios de comunicaci\u00f3n que daban seguimiento a la celebraci\u00f3n, Canal 33, Radio Progreso y la Prensa Cristiana, por todo el apoyo.<\/p>\n\n\n\n<p>Llegado el momento m\u00e1s esperado: La Palabra de Dios, el Pastor Merlos t\u00edtulo al mensaje \u201cBajo la misericordia de Dios\u201d oportunamente haciendo referencia al t\u00edtulo del aniversario 16<\/p>\n\n\n\n<figure class=\"wp-block-image size-large\"><img decoding=\"async\" loading=\"lazy\" width=\"846\" height=\"284\" src=\"https:\/\/laprensacristiana.com\/wp-content\/uploads\/2020\/10\/imagen-4.jpg\" alt=\"\" class=\"wp-image-10336\" srcset=\"https:\/\/laprensacristiana.com\/wp-content\/uploads\/2020\/10\/imagen-4.jpg 846w, https:\/\/laprensacristiana.com\/wp-content\/uploads\/2020\/10\/imagen-4-300x101.jpg 300w, https:\/\/laprensacristiana.com\/wp-content\/uploads\/2020\/10\/imagen-4-768x258.jpg 768w, https:\/\/laprensacristiana.com\/wp-content\/uploads\/2020\/10\/imagen-4-696x234.jpg 696w, https:\/\/laprensacristiana.com\/wp-content\/uploads\/2020\/10\/imagen-4-600x201.jpg 600w\" sizes=\"(max-width: 846px) 100vw, 846px\" \/><\/figure>\n\n\n\n<p>Cerrando con broche de oro, cuando el reloj marcaba las 8:25 de la noche, las luces adornaban cielo Ilopaneco, un cielo necesitado de esperanza, mostrando a trav\u00e9s de \u00e9ste show de luces que Jesucristo es la \u00fanica esperanza de victoria.<\/p>\n\n\n\n<figure class=\"wp-block-image size-large\"><img decoding=\"async\" loading=\"lazy\" width=\"846\" height=\"284\" src=\"https:\/\/laprensacristiana.com\/wp-content\/uploads\/2020\/10\/imagen-5.jpg\" alt=\"\" class=\"wp-image-10337\" srcset=\"https:\/\/laprensacristiana.com\/wp-content\/uploads\/2020\/10\/imagen-5.jpg 846w, https:\/\/laprensacristiana.com\/wp-content\/uploads\/2020\/10\/imagen-5-300x101.jpg 300w, https:\/\/laprensacristiana.com\/wp-content\/uploads\/2020\/10\/imagen-5-768x258.jpg 768w, https:\/\/laprensacristiana.com\/wp-content\/uploads\/2020\/10\/imagen-5-696x234.jpg 696w, https:\/\/laprensacristiana.com\/wp-content\/uploads\/2020\/10\/imagen-5-600x201.jpg 600w\" sizes=\"(max-width: 846px) 100vw, 846px\" \/><\/figure>\n\n\n\n<p>\u201cMientras no nos apartemos de Dios, \u00c9l no va a parar de bendecirnos\u201d -Pastor Merlos \/ Pastor Principal del Tabern\u00e1culo de Ilopango<\/p>\n\n\n\n<p>Redacci\u00f3n: Medios de comunicaci\u00f3n Zona de Bendici\u00f3n<\/p>\n\n\n\n<figure class=\"wp-block-image size-large\"><img decoding=\"async\" loading=\"lazy\" width=\"846\" height=\"284\" src=\"https:\/\/laprensacristiana.com\/wp-content\/uploads\/2020\/10\/imagen-6.jpg\" alt=\"\" class=\"wp-image-10338\" srcset=\"https:\/\/laprensacristiana.com\/wp-content\/uploads\/2020\/10\/imagen-6.jpg 846w, https:\/\/laprensacristiana.com\/wp-content\/uploads\/2020\/10\/imagen-6-300x101.jpg 300w, https:\/\/laprensacristiana.com\/wp-content\/uploads\/2020\/10\/imagen-6-768x258.jpg 768w, https:\/\/laprensacristiana.com\/wp-content\/uploads\/2020\/10\/imagen-6-696x234.jpg 696w, https:\/\/laprensacristiana.com\/wp-content\/uploads\/2020\/10\/imagen-6-600x201.jpg 600w\" sizes=\"(max-width: 846px) 100vw, 846px\" \/><\/figure>\n","protected":false},"excerpt":{"rendered":"<p>Cuando la noche marcaba las 7:00 pm del pasado mi\u00e9rcoles 30 de septiembre el Tabern\u00e1culo de Ilopango se visti\u00f3 de gala, en su ya tradicional celebraci\u00f3n de aniversario. A\u00fan marcados por la situaci\u00f3n de distanciamiento social que vive nuestro Pa\u00eds, Zona de Bendici\u00f3n celebr\u00f3 con humildad, disciplina y esperanza sus 16 a\u00f1os bajo la misericordia [&hellip;]<\/p>\n","protected":false},"author":3,"featured_media":10339,"comment_status":"open","ping_status":"open","sticky":false,"template":"","format":"standard","meta":[],"categories":[56],"tags":[],"yoast_head":"<!-- This site is optimized with the Yoast SEO plugin v20.8 - https:\/\/yoast.com\/wordpress\/plugins\/seo\/ -->\n<title>Aniversario 16 del Tabern\u00e1culo de Ilopango \u201cBajo la misericordia de Dios\u201d - La Prensa Cristiana<\/title>\n<meta name=\"robots\" content=\"index, follow, max-snippet:-1, max-image-preview:large, max-video-preview:-1\" \/>\n<link rel=\"canonical\" href=\"https:\/\/laprensacristiana.com\/?p=10333\" \/>\n<meta property=\"og:locale\" content=\"es_ES\" \/>\n<meta property=\"og:type\" content=\"article\" \/>\n<meta property=\"og:title\" content=\"Aniversario 16 del Tabern\u00e1culo de Ilopango \u201cBajo la misericordia de Dios\u201d - La Prensa Cristiana\" \/>\n<meta property=\"og:description\" content=\"Cuando la noche marcaba las 7:00 pm del pasado mi\u00e9rcoles 30 de septiembre el Tabern\u00e1culo de Ilopango se visti\u00f3 de gala, en su ya tradicional celebraci\u00f3n de aniversario. A\u00fan marcados por la situaci\u00f3n de distanciamiento social que vive nuestro Pa\u00eds, Zona de Bendici\u00f3n celebr\u00f3 con humildad, disciplina y esperanza sus 16 a\u00f1os bajo la misericordia [&hellip;]\" \/>\n<meta property=\"og:url\" content=\"https:\/\/laprensacristiana.com\/?p=10333\" \/>\n<meta property=\"og:site_name\" content=\"La Prensa Cristiana\" \/>\n<meta property=\"article:published_time\" content=\"2020-10-01T16:27:24+00:00\" \/>\n<meta property=\"article:modified_time\" content=\"2020-10-01T16:27:25+00:00\" \/>\n<meta property=\"og:image\" content=\"https:\/\/laprensacristiana.com\/wp-content\/uploads\/2020\/10\/IMG-20200924-WA0026.jpg\" \/>\n\t<meta property=\"og:image:width\" content=\"1280\" \/>\n\t<meta property=\"og:image:height\" content=\"958\" \/>\n\t<meta property=\"og:image:type\" content=\"image\/jpeg\" \/>\n<meta name=\"author\" content=\"EDITOR\" \/>\n<meta name=\"twitter:card\" content=\"summary_large_image\" \/>\n<meta name=\"twitter:label1\" content=\"Escrito por\" \/>\n\t<meta name=\"twitter:data1\" content=\"EDITOR\" \/>\n\t<meta name=\"twitter:label2\" content=\"Tiempo de lectura\" \/>\n\t<meta name=\"twitter:data2\" content=\"2 minutos\" \/>\n<script type=\"application\/ld+json\" class=\"yoast-schema-graph\">{\"@context\":\"https:\/\/schema.org\",\"@graph\":[{\"@type\":\"WebPage\",\"@id\":\"https:\/\/laprensacristiana.com\/?p=10333\",\"url\":\"https:\/\/laprensacristiana.com\/?p=10333\",\"name\":\"Aniversario 16 del Tabern\u00e1culo de Ilopango \u201cBajo la misericordia de Dios\u201d - La Prensa Cristiana\",\"isPartOf\":{\"@id\":\"https:\/\/laprensacristiana.com\/#website\"},\"datePublished\":\"2020-10-01T16:27:24+00:00\",\"dateModified\":\"2020-10-01T16:27:25+00:00\",\"author\":{\"@id\":\"https:\/\/laprensacristiana.com\/#\/schema\/person\/3e7d82c6bfd6b1fa67010f8f7cd5256e\"},\"breadcrumb\":{\"@id\":\"https:\/\/laprensacristiana.com\/?p=10333#breadcrumb\"},\"inLanguage\":\"es\",\"potentialAction\":[{\"@type\":\"ReadAction\",\"target\":[\"https:\/\/laprensacristiana.com\/?p=10333\"]}]},{\"@type\":\"BreadcrumbList\",\"@id\":\"https:\/\/laprensacristiana.com\/?p=10333#breadcrumb\",\"itemListElement\":[{\"@type\":\"ListItem\",\"position\":1,\"name\":\"Portada\",\"item\":\"https:\/\/laprensacristiana.com\/\"},{\"@type\":\"ListItem\",\"position\":2,\"name\":\"Aniversario 16 del Tabern\u00e1culo de Ilopango \u201cBajo la misericordia de Dios\u201d\"}]},{\"@type\":\"WebSite\",\"@id\":\"https:\/\/laprensacristiana.com\/#website\",\"url\":\"https:\/\/laprensacristiana.com\/\",\"name\":\"La Prensa Cristiana\",\"description\":\"Anunciando Las Buenas Nuevas\",\"potentialAction\":[{\"@type\":\"SearchAction\",\"target\":{\"@type\":\"EntryPoint\",\"urlTemplate\":\"https:\/\/laprensacristiana.com\/?s={search_term_string}\"},\"query-input\":\"required name=search_term_string\"}],\"inLanguage\":\"es\"},{\"@type\":\"Person\",\"@id\":\"https:\/\/laprensacristiana.com\/#\/schema\/person\/3e7d82c6bfd6b1fa67010f8f7cd5256e\",\"name\":\"EDITOR\",\"image\":{\"@type\":\"ImageObject\",\"inLanguage\":\"es\",\"@id\":\"https:\/\/laprensacristiana.com\/#\/schema\/person\/image\/\",\"url\":\"https:\/\/secure.gravatar.com\/avatar\/72069dfb6c13772d9e8381e3638666d2?s=96&d=mm&r=g\",\"contentUrl\":\"https:\/\/secure.gravatar.com\/avatar\/72069dfb6c13772d9e8381e3638666d2?s=96&d=mm&r=g\",\"caption\":\"EDITOR\"},\"url\":\"https:\/\/laprensacristiana.com\/?author=3\"}]}<\/script>\n<!-- \/ Yoast SEO plugin. -->","yoast_head_json":{"title":"Aniversario 16 del Tabern\u00e1culo de Ilopango \u201cBajo la misericordia de Dios\u201d - La Prensa Cristiana","robots":{"index":"index","follow":"follow","max-snippet":"max-snippet:-1","max-image-preview":"max-image-preview:large","max-video-preview":"max-video-preview:-1"},"canonical":"https:\/\/laprensacristiana.com\/?p=10333","og_locale":"es_ES","og_type":"article","og_title":"Aniversario 16 del Tabern\u00e1culo de Ilopango \u201cBajo la misericordia de Dios\u201d - La Prensa Cristiana","og_description":"Cuando la noche marcaba las 7:00 pm del pasado mi\u00e9rcoles 30 de septiembre el Tabern\u00e1culo de Ilopango se visti\u00f3 de gala, en su ya tradicional celebraci\u00f3n de aniversario. A\u00fan marcados por la situaci\u00f3n de distanciamiento social que vive nuestro Pa\u00eds, Zona de Bendici\u00f3n celebr\u00f3 con humildad, disciplina y esperanza sus 16 a\u00f1os bajo la misericordia [&hellip;]","og_url":"https:\/\/laprensacristiana.com\/?p=10333","og_site_name":"La Prensa Cristiana","article_published_time":"2020-10-01T16:27:24+00:00","article_modified_time":"2020-10-01T16:27:25+00:00","og_image":[{"width":1280,"height":958,"url":"https:\/\/laprensacristiana.com\/wp-content\/uploads\/2020\/10\/IMG-20200924-WA0026.jpg","type":"image\/jpeg"}],"author":"EDITOR","twitter_card":"summary_large_image","twitter_misc":{"Escrito por":"EDITOR","Tiempo de lectura":"2 minutos"},"schema":{"@context":"https:\/\/schema.org","@graph":[{"@type":"WebPage","@id":"https:\/\/laprensacristiana.com\/?p=10333","url":"https:\/\/laprensacristiana.com\/?p=10333","name":"Aniversario 16 del Tabern\u00e1culo de Ilopango \u201cBajo la misericordia de Dios\u201d - La Prensa Cristiana","isPartOf":{"@id":"https:\/\/laprensacristiana.com\/#website"},"datePublished":"2020-10-01T16:27:24+00:00","dateModified":"2020-10-01T16:27:25+00:00","author":{"@id":"https:\/\/laprensacristiana.com\/#\/schema\/person\/3e7d82c6bfd6b1fa67010f8f7cd5256e"},"breadcrumb":{"@id":"https:\/\/laprensacristiana.com\/?p=10333#breadcrumb"},"inLanguage":"es","potentialAction":[{"@type":"ReadAction","target":["https:\/\/laprensacristiana.com\/?p=10333"]}]},{"@type":"BreadcrumbList","@id":"https:\/\/laprensacristiana.com\/?p=10333#breadcrumb","itemListElement":[{"@type":"ListItem","position":1,"name":"Portada","item":"https:\/\/laprensacristiana.com\/"},{"@type":"ListItem","position":2,"name":"Aniversario 16 del Tabern\u00e1culo de Ilopango \u201cBajo la misericordia de Dios\u201d"}]},{"@type":"WebSite","@id":"https:\/\/laprensacristiana.com\/#website","url":"https:\/\/laprensacristiana.com\/","name":"La Prensa Cristiana","description":"Anunciando Las Buenas Nuevas","potentialAction":[{"@type":"SearchAction","target":{"@type":"EntryPoint","urlTemplate":"https:\/\/laprensacristiana.com\/?s={search_term_string}"},"query-input":"required name=search_term_string"}],"inLanguage":"es"},{"@type":"Person","@id":"https:\/\/laprensacristiana.com\/#\/schema\/person\/3e7d82c6bfd6b1fa67010f8f7cd5256e","name":"EDITOR","image":{"@type":"ImageObject","inLanguage":"es","@id":"https:\/\/laprensacristiana.com\/#\/schema\/person\/image\/","url":"https:\/\/secure.gravatar.com\/avatar\/72069dfb6c13772d9e8381e3638666d2?s=96&d=mm&r=g","contentUrl":"https:\/\/secure.gravatar.com\/avatar\/72069dfb6c13772d9e8381e3638666d2?s=96&d=mm&r=g","caption":"EDITOR"},"url":"https:\/\/laprensacristiana.com\/?author=3"}]}},"_links":{"self":[{"href":"https:\/\/laprensacristiana.com\/index.php?rest_route=\/wp\/v2\/posts\/10333"}],"collection":[{"href":"https:\/\/laprensacristiana.com\/index.php?rest_route=\/wp\/v2\/posts"}],"about":[{"href":"https:\/\/laprensacristiana.com\/index.php?rest_route=\/wp\/v2\/types\/post"}],"author":[{"embeddable":true,"href":"https:\/\/laprensacristiana.com\/index.php?rest_route=\/wp\/v2\/users\/3"}],"replies":[{"embeddable":true,"href":"https:\/\/laprensacristiana.com\/index.php?rest_route=%2Fwp%2Fv2%2Fcomments&post=10333"}],"version-history":[{"count":1,"href":"https:\/\/laprensacristiana.com\/index.php?rest_route=\/wp\/v2\/posts\/10333\/revisions"}],"predecessor-version":[{"id":10340,"href":"https:\/\/laprensacristiana.com\/index.php?rest_route=\/wp\/v2\/posts\/10333\/revisions\/10340"}],"wp:featuredmedia":[{"embeddable":true,"href":"https:\/\/laprensacristiana.com\/index.php?rest_route=\/wp\/v2\/media\/10339"}],"wp:attachment":[{"href":"https:\/\/laprensacristiana.com\/index.php?rest_route=%2Fwp%2Fv2%2Fmedia&parent=10333"}],"wp:term":[{"taxonomy":"category","embeddable":true,"href":"https:\/\/laprensacristiana.com\/index.php?rest_route=%2Fwp%2Fv2%2Fcategories&post=10333"},{"taxonomy":"post_tag","embeddable":true,"href":"https:\/\/laprensacristiana.com\/index.php?rest_route=%2Fwp%2Fv2%2Ftags&post=10333"}],"curies":[{"name":"wp","href":"https:\/\/api.w.org\/{rel}","templated":true}]}}