{"id":10341,"date":"2020-10-02T20:39:40","date_gmt":"2020-10-02T20:39:40","guid":{"rendered":"https:\/\/laprensacristiana.com\/?p=10341"},"modified":"2020-10-02T20:59:02","modified_gmt":"2020-10-02T20:59:02","slug":"jesus-o-barrabas","status":"publish","type":"post","link":"https:\/\/laprensacristiana.com\/?p=10341","title":{"rendered":"Jes\u00fas o Barrab\u00e1s"},"content":{"rendered":"\n<p>Mateo 27:17 \u201c\u00bfA qui\u00e9n quer\u00e9is que os suelte: a Barrab\u00e1s o a Jes\u00fas?<\/p>\n\n\n\n<p>Si Josefo, el historiador jud\u00eco no hubiera existido, nunca habr\u00edamos sabido la diferencia entre Barrab\u00e1s y Jes\u00fas.\u00a0 Josefo nos cuenta la vida de Barrab\u00e1s. Fue un hombre que siempre se opuso al gobierno romano en el tiempo del Segundo Templo. Hab\u00eda asesinado a muchos soldados romanos en emboscadas, bares y callejuelas de Jerusalem.\u00a0 Hab\u00eda ganado muchos adeptos a su movimiento independentista y hab\u00edan terminado siendo parte de los disidentes pol\u00edticos de la ciudad.\u00a0 Barrab\u00e1s les promet\u00eda libertad pol\u00edtica a sus sicarios. Buscaba poder terrenal. Era s\u00e0dico.\u00a0 Parlanch\u00edn y vulgar. Asesino por antonomasia. El paradigma de la rebeli\u00f3n hecha hombre.\u00a0 Su anhelo era libertad del yugo romano.<\/p>\n\n\n\n<p>Jes\u00fas era manso, humilde, sencillo, callado, servicial.\u00a0 Detestaba las alabanzas del populacho. Daba de comer a los hambrientos. Sanaba a los enfermos y tocaba leprosos. Irradiaba amor a diestra y siniestra, ense\u00f1aba la Palabra de Dios lo m\u00e0s entendible posible. Nunca grit\u00f3 a nadie, excepto a la tormenta. Jesus no buscaba derrotar al Imperio romano. Su anhelo era derrotar el pecado en el hombre. No vino a libertarlos de la bota romana, vino a libertarlos de la esclavitud del pecado.<\/p>\n\n\n\n<p>Pero el pueblo no quiso eso. Ellos quer\u00edan libertad pol\u00edtica, quer\u00edan pan y circo. Quer\u00edan libertad para seguir con sus vicios, maldades y libertinajes. Los homosexuales quer\u00edan continuar con sus bajezas y los corruptos quer\u00edan seguir haciendo m\u00e0s dinero y amontonar m\u00e0s poder.\u00a0 Pilato lo sab\u00eca, por eso les puso a escoger: \u00bfQuieren al hijo del padre (eso significa Barrab\u00e1s) que les ofrece vicios, pecado, licor, drogas y lo m\u00e0s bajo del placer de la vida?\u00a0 \u00bfO quieren al Hijo del Padre (eso es Jes\u00fas), que les ofrece santidad, consagraci\u00f3n, vida eterna y perd\u00f3n de sus pecados?\u00a0 Usted sabe qu\u00e9 escogi\u00f3 la gente. Lo mismo que hoy: Muchos prefieren mensajes que no duelan, que no toquen sus llagas supurentas, que no les machuquen sus callos, que se les ense\u00f1e a hacer dinero y m\u00e1s dinero. Mensajes que no toquen el fondo del alma y descubran lo escondido dentro de ellos. Quieren chistes y carcajadas en vez de honestidad y quebrantamiento del coraz\u00f3n.\u00a0 Quieren ir el domingo a sus cultos y de lunes a s\u00e1bado a sus casinos, a sus loter\u00edas y a sus carnalidades.\u00a0<\/p>\n\n\n\n<p>Bueno, a todo esto: \u00bfA qui\u00e9n ha preferido usted?&nbsp;<\/p>\n\n\n\n<p>SOLI DEO GLORIA<\/p>\n","protected":false},"excerpt":{"rendered":"<p>Mateo 27:17 \u201c\u00bfA qui\u00e9n quer\u00e9is que os suelte: a Barrab\u00e1s o a Jes\u00fas? Si Josefo, el historiador jud\u00eco no hubiera existido, nunca habr\u00edamos sabido la diferencia entre Barrab\u00e1s y Jes\u00fas.\u00a0 Josefo nos cuenta la vida de Barrab\u00e1s. Fue un hombre que siempre se opuso al gobierno romano en el tiempo del Segundo Templo. Hab\u00eda asesinado [&hellip;]<\/p>\n","protected":false},"author":3,"featured_media":5592,"comment_status":"open","ping_status":"open","sticky":false,"template":"","format":"standard","meta":[],"categories":[36],"tags":[],"yoast_head":"<!-- This site is optimized with the Yoast SEO plugin v20.8 - https:\/\/yoast.com\/wordpress\/plugins\/seo\/ -->\n<title>Jes\u00fas o Barrab\u00e1s - La Prensa Cristiana<\/title>\n<meta name=\"robots\" content=\"index, follow, max-snippet:-1, max-image-preview:large, max-video-preview:-1\" \/>\n<link rel=\"canonical\" href=\"https:\/\/laprensacristiana.com\/?p=10341\" \/>\n<meta property=\"og:locale\" content=\"es_ES\" \/>\n<meta property=\"og:type\" content=\"article\" \/>\n<meta property=\"og:title\" content=\"Jes\u00fas o Barrab\u00e1s - La Prensa Cristiana\" \/>\n<meta property=\"og:description\" content=\"Mateo 27:17 \u201c\u00bfA qui\u00e9n quer\u00e9is que os suelte: a Barrab\u00e1s o a Jes\u00fas? Si Josefo, el historiador jud\u00eco no hubiera existido, nunca habr\u00edamos sabido la diferencia entre Barrab\u00e1s y Jes\u00fas.\u00a0 Josefo nos cuenta la vida de Barrab\u00e1s. Fue un hombre que siempre se opuso al gobierno romano en el tiempo del Segundo Templo. Hab\u00eda asesinado [&hellip;]\" \/>\n<meta property=\"og:url\" content=\"https:\/\/laprensacristiana.com\/?p=10341\" \/>\n<meta property=\"og:site_name\" content=\"La Prensa Cristiana\" \/>\n<meta property=\"article:published_time\" content=\"2020-10-02T20:39:40+00:00\" \/>\n<meta property=\"article:modified_time\" content=\"2020-10-02T20:59:02+00:00\" \/>\n<meta property=\"og:image\" content=\"https:\/\/laprensacristiana.com\/wp-content\/uploads\/2019\/04\/pastor-carlos.jpg\" \/>\n\t<meta property=\"og:image:width\" content=\"696\" \/>\n\t<meta property=\"og:image:height\" content=\"388\" \/>\n\t<meta property=\"og:image:type\" content=\"image\/jpeg\" \/>\n<meta name=\"author\" content=\"EDITOR\" \/>\n<meta name=\"twitter:card\" content=\"summary_large_image\" \/>\n<meta name=\"twitter:label1\" content=\"Escrito por\" \/>\n\t<meta name=\"twitter:data1\" content=\"EDITOR\" \/>\n\t<meta name=\"twitter:label2\" content=\"Tiempo de lectura\" \/>\n\t<meta name=\"twitter:data2\" content=\"2 minutos\" \/>\n<script type=\"application\/ld+json\" class=\"yoast-schema-graph\">{\"@context\":\"https:\/\/schema.org\",\"@graph\":[{\"@type\":\"WebPage\",\"@id\":\"https:\/\/laprensacristiana.com\/?p=10341\",\"url\":\"https:\/\/laprensacristiana.com\/?p=10341\",\"name\":\"Jes\u00fas o Barrab\u00e1s - La Prensa Cristiana\",\"isPartOf\":{\"@id\":\"https:\/\/laprensacristiana.com\/#website\"},\"datePublished\":\"2020-10-02T20:39:40+00:00\",\"dateModified\":\"2020-10-02T20:59:02+00:00\",\"author\":{\"@id\":\"https:\/\/laprensacristiana.com\/#\/schema\/person\/3e7d82c6bfd6b1fa67010f8f7cd5256e\"},\"breadcrumb\":{\"@id\":\"https:\/\/laprensacristiana.com\/?p=10341#breadcrumb\"},\"inLanguage\":\"es\",\"potentialAction\":[{\"@type\":\"ReadAction\",\"target\":[\"https:\/\/laprensacristiana.com\/?p=10341\"]}]},{\"@type\":\"BreadcrumbList\",\"@id\":\"https:\/\/laprensacristiana.com\/?p=10341#breadcrumb\",\"itemListElement\":[{\"@type\":\"ListItem\",\"position\":1,\"name\":\"Portada\",\"item\":\"https:\/\/laprensacristiana.com\/\"},{\"@type\":\"ListItem\",\"position\":2,\"name\":\"Jes\u00fas o Barrab\u00e1s\"}]},{\"@type\":\"WebSite\",\"@id\":\"https:\/\/laprensacristiana.com\/#website\",\"url\":\"https:\/\/laprensacristiana.com\/\",\"name\":\"La Prensa Cristiana\",\"description\":\"Anunciando Las Buenas Nuevas\",\"potentialAction\":[{\"@type\":\"SearchAction\",\"target\":{\"@type\":\"EntryPoint\",\"urlTemplate\":\"https:\/\/laprensacristiana.com\/?s={search_term_string}\"},\"query-input\":\"required name=search_term_string\"}],\"inLanguage\":\"es\"},{\"@type\":\"Person\",\"@id\":\"https:\/\/laprensacristiana.com\/#\/schema\/person\/3e7d82c6bfd6b1fa67010f8f7cd5256e\",\"name\":\"EDITOR\",\"image\":{\"@type\":\"ImageObject\",\"inLanguage\":\"es\",\"@id\":\"https:\/\/laprensacristiana.com\/#\/schema\/person\/image\/\",\"url\":\"https:\/\/secure.gravatar.com\/avatar\/72069dfb6c13772d9e8381e3638666d2?s=96&d=mm&r=g\",\"contentUrl\":\"https:\/\/secure.gravatar.com\/avatar\/72069dfb6c13772d9e8381e3638666d2?s=96&d=mm&r=g\",\"caption\":\"EDITOR\"},\"url\":\"https:\/\/laprensacristiana.com\/?author=3\"}]}<\/script>\n<!-- \/ Yoast SEO plugin. -->","yoast_head_json":{"title":"Jes\u00fas o Barrab\u00e1s - La Prensa Cristiana","robots":{"index":"index","follow":"follow","max-snippet":"max-snippet:-1","max-image-preview":"max-image-preview:large","max-video-preview":"max-video-preview:-1"},"canonical":"https:\/\/laprensacristiana.com\/?p=10341","og_locale":"es_ES","og_type":"article","og_title":"Jes\u00fas o Barrab\u00e1s - La Prensa Cristiana","og_description":"Mateo 27:17 \u201c\u00bfA qui\u00e9n quer\u00e9is que os suelte: a Barrab\u00e1s o a Jes\u00fas? Si Josefo, el historiador jud\u00eco no hubiera existido, nunca habr\u00edamos sabido la diferencia entre Barrab\u00e1s y Jes\u00fas.\u00a0 Josefo nos cuenta la vida de Barrab\u00e1s. Fue un hombre que siempre se opuso al gobierno romano en el tiempo del Segundo Templo. Hab\u00eda asesinado [&hellip;]","og_url":"https:\/\/laprensacristiana.com\/?p=10341","og_site_name":"La Prensa Cristiana","article_published_time":"2020-10-02T20:39:40+00:00","article_modified_time":"2020-10-02T20:59:02+00:00","og_image":[{"width":696,"height":388,"url":"https:\/\/laprensacristiana.com\/wp-content\/uploads\/2019\/04\/pastor-carlos.jpg","type":"image\/jpeg"}],"author":"EDITOR","twitter_card":"summary_large_image","twitter_misc":{"Escrito por":"EDITOR","Tiempo de lectura":"2 minutos"},"schema":{"@context":"https:\/\/schema.org","@graph":[{"@type":"WebPage","@id":"https:\/\/laprensacristiana.com\/?p=10341","url":"https:\/\/laprensacristiana.com\/?p=10341","name":"Jes\u00fas o Barrab\u00e1s - La Prensa Cristiana","isPartOf":{"@id":"https:\/\/laprensacristiana.com\/#website"},"datePublished":"2020-10-02T20:39:40+00:00","dateModified":"2020-10-02T20:59:02+00:00","author":{"@id":"https:\/\/laprensacristiana.com\/#\/schema\/person\/3e7d82c6bfd6b1fa67010f8f7cd5256e"},"breadcrumb":{"@id":"https:\/\/laprensacristiana.com\/?p=10341#breadcrumb"},"inLanguage":"es","potentialAction":[{"@type":"ReadAction","target":["https:\/\/laprensacristiana.com\/?p=10341"]}]},{"@type":"BreadcrumbList","@id":"https:\/\/laprensacristiana.com\/?p=10341#breadcrumb","itemListElement":[{"@type":"ListItem","position":1,"name":"Portada","item":"https:\/\/laprensacristiana.com\/"},{"@type":"ListItem","position":2,"name":"Jes\u00fas o Barrab\u00e1s"}]},{"@type":"WebSite","@id":"https:\/\/laprensacristiana.com\/#website","url":"https:\/\/laprensacristiana.com\/","name":"La Prensa Cristiana","description":"Anunciando Las Buenas Nuevas","potentialAction":[{"@type":"SearchAction","target":{"@type":"EntryPoint","urlTemplate":"https:\/\/laprensacristiana.com\/?s={search_term_string}"},"query-input":"required name=search_term_string"}],"inLanguage":"es"},{"@type":"Person","@id":"https:\/\/laprensacristiana.com\/#\/schema\/person\/3e7d82c6bfd6b1fa67010f8f7cd5256e","name":"EDITOR","image":{"@type":"ImageObject","inLanguage":"es","@id":"https:\/\/laprensacristiana.com\/#\/schema\/person\/image\/","url":"https:\/\/secure.gravatar.com\/avatar\/72069dfb6c13772d9e8381e3638666d2?s=96&d=mm&r=g","contentUrl":"https:\/\/secure.gravatar.com\/avatar\/72069dfb6c13772d9e8381e3638666d2?s=96&d=mm&r=g","caption":"EDITOR"},"url":"https:\/\/laprensacristiana.com\/?author=3"}]}},"_links":{"self":[{"href":"https:\/\/laprensacristiana.com\/index.php?rest_route=\/wp\/v2\/posts\/10341"}],"collection":[{"href":"https:\/\/laprensacristiana.com\/index.php?rest_route=\/wp\/v2\/posts"}],"about":[{"href":"https:\/\/laprensacristiana.com\/index.php?rest_route=\/wp\/v2\/types\/post"}],"author":[{"embeddable":true,"href":"https:\/\/laprensacristiana.com\/index.php?rest_route=\/wp\/v2\/users\/3"}],"replies":[{"embeddable":true,"href":"https:\/\/laprensacristiana.com\/index.php?rest_route=%2Fwp%2Fv2%2Fcomments&post=10341"}],"version-history":[{"count":2,"href":"https:\/\/laprensacristiana.com\/index.php?rest_route=\/wp\/v2\/posts\/10341\/revisions"}],"predecessor-version":[{"id":10343,"href":"https:\/\/laprensacristiana.com\/index.php?rest_route=\/wp\/v2\/posts\/10341\/revisions\/10343"}],"wp:featuredmedia":[{"embeddable":true,"href":"https:\/\/laprensacristiana.com\/index.php?rest_route=\/wp\/v2\/media\/5592"}],"wp:attachment":[{"href":"https:\/\/laprensacristiana.com\/index.php?rest_route=%2Fwp%2Fv2%2Fmedia&parent=10341"}],"wp:term":[{"taxonomy":"category","embeddable":true,"href":"https:\/\/laprensacristiana.com\/index.php?rest_route=%2Fwp%2Fv2%2Fcategories&post=10341"},{"taxonomy":"post_tag","embeddable":true,"href":"https:\/\/laprensacristiana.com\/index.php?rest_route=%2Fwp%2Fv2%2Ftags&post=10341"}],"curies":[{"name":"wp","href":"https:\/\/api.w.org\/{rel}","templated":true}]}}