{"id":10363,"date":"2020-10-05T15:47:26","date_gmt":"2020-10-05T15:47:26","guid":{"rendered":"https:\/\/laprensacristiana.com\/?p=10363"},"modified":"2020-10-15T21:30:36","modified_gmt":"2020-10-15T21:30:36","slug":"cristianos-en-elecciones-populares","status":"publish","type":"post","link":"https:\/\/laprensacristiana.com\/?p=10363","title":{"rendered":"Cristianos en elecciones populares"},"content":{"rendered":"\n<p>En las \u00faltimas semanas he visto como a trav\u00e9s de los distintos noticieros nacionales ya est\u00e1n casi&nbsp; finalizadas las listas de candidatos a participar en las elecciones de diputados y alcaldes en El Salvador para el 28 de febrero de 2021.<\/p>\n\n\n\n<p>Es sorprendente ver dentro de todas las listas de los institutos pol\u00edticos e independientes encontrar una cantidad alta de candidatos cristianos evang\u00e9licos que est\u00e1n participando. Es normal que exista un sesgo ideol\u00f3gico, de acuerdo a la estructura&nbsp; partidaria, sin embargo quiero llevar a consideraci\u00f3n algunos elementos necesarios que debe tener el postulante cristiano evang\u00e9lico:<\/p>\n\n\n\n<ol type=\"1\"><li>Hombres y mujeres con valores y principios: m\u00e1s all\u00e1 de la bandera o el partido a trav\u00e9s del cual est\u00e1n compitiendo, las personas con valores son aquellas son temerosas de Dios, que no piensan en hacer da\u00f1o al pr\u00f3jimo, &nbsp;que no tienen el ADN de mentir, ni enga\u00f1ar, tampoco act\u00faan de forma inapropiada y a su vez poseen un testimonio intachable.<\/li><li>Tienen una vida fundamentada en la fe cristiana: no solo deben ser cristianos profesantes sino tambi\u00e9n practicantes, es decir que se congregan, participan del que hacer de una iglesia, son obedientes a sus autoridades eclesiales, trabajan y est\u00e1n comprometidos con la labor de la iglesia.<\/li><li>Visualizan un cargo p\u00fablico como una oportunidad de servir y no de servirse: el fin de un cristiano al llegar a una diputaci\u00f3n o alcald\u00eda es sumar propuestas y soluciones a la poblaci\u00f3n, est\u00e1n preocupados por la superaci\u00f3n de las personas y ven la funci\u00f3n p\u00fablica como la palestra a trav\u00e9s de la cual pueden resolver y beneficiar a los habitantes.<\/li><\/ol>\n\n\n\n<p>La iglesia y el estado son 2 cosas que no se mezclan, est\u00e1 establecido as\u00ed por ley en nuestra Constituci\u00f3n de la Republica, sin embargo, es agradable ver cuanta participaci\u00f3n de cristianos existe, la iglesia debe estar al margen del ruido pol\u00edtico electoral, la iglesia no debe participar abanderando candidaturas de una manera directa, eso no resta que en estos tiempos de cambio que nos ha tocado vivir, muchos pastores se sientan dichosos de ver a miembros de su congregaci\u00f3n que han sido parte de la escuela dominical, activos en ministerios de alabanza u otra \u00e1rea de servicio dentro de la iglesia, y que ahora ese esp\u00edritu de servicio sea trasladado hac\u00eda un nuevo campo de acci\u00f3n. &nbsp;<\/p>\n\n\n\n<p>Si un pastor tiene incidencia o influencia en personas que han tomado decisi\u00f3n de participaci\u00f3n pol\u00edtica, debe motiv\u00e1rseles a mantener los preceptos b\u00edblicos, valores y principios. Al momento de legislar o dirigir una comuna, cuando deban tomar decisiones tengan la valent\u00eda de decir no a aquellas cosas que van en contra de Dios: El derecho a la vida, la relaci\u00f3n hombre y mujer, la protecci\u00f3n hacia la ni\u00f1ez, el hu\u00e9rfano, la viuda, no aceptar co hecho o soborno, a mantener firme su posici\u00f3n y convicci\u00f3n, tanto en lo privado como en lo p\u00fablico.<\/p>\n\n\n\n<p>\u201cCuando los justos gobiernan, el pueblo se alegra. Pero cuando los perversos est\u00e1n en el poder, el pueblo gime\u201d Proverbios 29:2<\/p>\n","protected":false},"excerpt":{"rendered":"<p>En las \u00faltimas semanas he visto como a trav\u00e9s de los distintos noticieros nacionales ya est\u00e1n casi&nbsp; finalizadas las listas de candidatos a participar en las elecciones de diputados y alcaldes en El Salvador para el 28 de febrero de 2021. Es sorprendente ver dentro de todas las listas de los institutos pol\u00edticos e independientes [&hellip;]<\/p>\n","protected":false},"author":3,"featured_media":9965,"comment_status":"open","ping_status":"open","sticky":false,"template":"","format":"standard","meta":[],"categories":[23],"tags":[],"yoast_head":"<!-- This site is optimized with the Yoast SEO plugin v20.8 - https:\/\/yoast.com\/wordpress\/plugins\/seo\/ -->\n<title>Cristianos en elecciones populares - La Prensa Cristiana<\/title>\n<meta name=\"robots\" content=\"index, follow, max-snippet:-1, max-image-preview:large, max-video-preview:-1\" \/>\n<link rel=\"canonical\" href=\"https:\/\/laprensacristiana.com\/?p=10363\" \/>\n<meta property=\"og:locale\" content=\"es_ES\" \/>\n<meta property=\"og:type\" content=\"article\" \/>\n<meta property=\"og:title\" content=\"Cristianos en elecciones populares - La Prensa Cristiana\" \/>\n<meta property=\"og:description\" content=\"En las \u00faltimas semanas he visto como a trav\u00e9s de los distintos noticieros nacionales ya est\u00e1n casi&nbsp; finalizadas las listas de candidatos a participar en las elecciones de diputados y alcaldes en El Salvador para el 28 de febrero de 2021. Es sorprendente ver dentro de todas las listas de los institutos pol\u00edticos e independientes [&hellip;]\" \/>\n<meta property=\"og:url\" content=\"https:\/\/laprensacristiana.com\/?p=10363\" \/>\n<meta property=\"og:site_name\" content=\"La Prensa Cristiana\" \/>\n<meta property=\"article:published_time\" content=\"2020-10-05T15:47:26+00:00\" \/>\n<meta property=\"article:modified_time\" content=\"2020-10-15T21:30:36+00:00\" \/>\n<meta property=\"og:image\" content=\"https:\/\/laprensacristiana.com\/wp-content\/uploads\/2020\/08\/IMG-20200806-WA0055.jpg\" \/>\n\t<meta property=\"og:image:width\" content=\"776\" \/>\n\t<meta property=\"og:image:height\" content=\"393\" \/>\n\t<meta property=\"og:image:type\" content=\"image\/jpeg\" \/>\n<meta name=\"author\" content=\"EDITOR\" \/>\n<meta name=\"twitter:card\" content=\"summary_large_image\" \/>\n<meta name=\"twitter:label1\" content=\"Escrito por\" \/>\n\t<meta name=\"twitter:data1\" content=\"EDITOR\" \/>\n\t<meta name=\"twitter:label2\" content=\"Tiempo de lectura\" \/>\n\t<meta name=\"twitter:data2\" content=\"3 minutos\" \/>\n<script type=\"application\/ld+json\" class=\"yoast-schema-graph\">{\"@context\":\"https:\/\/schema.org\",\"@graph\":[{\"@type\":\"WebPage\",\"@id\":\"https:\/\/laprensacristiana.com\/?p=10363\",\"url\":\"https:\/\/laprensacristiana.com\/?p=10363\",\"name\":\"Cristianos en elecciones populares - La Prensa Cristiana\",\"isPartOf\":{\"@id\":\"https:\/\/laprensacristiana.com\/#website\"},\"datePublished\":\"2020-10-05T15:47:26+00:00\",\"dateModified\":\"2020-10-15T21:30:36+00:00\",\"author\":{\"@id\":\"https:\/\/laprensacristiana.com\/#\/schema\/person\/3e7d82c6bfd6b1fa67010f8f7cd5256e\"},\"breadcrumb\":{\"@id\":\"https:\/\/laprensacristiana.com\/?p=10363#breadcrumb\"},\"inLanguage\":\"es\",\"potentialAction\":[{\"@type\":\"ReadAction\",\"target\":[\"https:\/\/laprensacristiana.com\/?p=10363\"]}]},{\"@type\":\"BreadcrumbList\",\"@id\":\"https:\/\/laprensacristiana.com\/?p=10363#breadcrumb\",\"itemListElement\":[{\"@type\":\"ListItem\",\"position\":1,\"name\":\"Portada\",\"item\":\"https:\/\/laprensacristiana.com\/\"},{\"@type\":\"ListItem\",\"position\":2,\"name\":\"Cristianos en elecciones populares\"}]},{\"@type\":\"WebSite\",\"@id\":\"https:\/\/laprensacristiana.com\/#website\",\"url\":\"https:\/\/laprensacristiana.com\/\",\"name\":\"La Prensa Cristiana\",\"description\":\"Anunciando Las Buenas Nuevas\",\"potentialAction\":[{\"@type\":\"SearchAction\",\"target\":{\"@type\":\"EntryPoint\",\"urlTemplate\":\"https:\/\/laprensacristiana.com\/?s={search_term_string}\"},\"query-input\":\"required name=search_term_string\"}],\"inLanguage\":\"es\"},{\"@type\":\"Person\",\"@id\":\"https:\/\/laprensacristiana.com\/#\/schema\/person\/3e7d82c6bfd6b1fa67010f8f7cd5256e\",\"name\":\"EDITOR\",\"image\":{\"@type\":\"ImageObject\",\"inLanguage\":\"es\",\"@id\":\"https:\/\/laprensacristiana.com\/#\/schema\/person\/image\/\",\"url\":\"https:\/\/secure.gravatar.com\/avatar\/72069dfb6c13772d9e8381e3638666d2?s=96&d=mm&r=g\",\"contentUrl\":\"https:\/\/secure.gravatar.com\/avatar\/72069dfb6c13772d9e8381e3638666d2?s=96&d=mm&r=g\",\"caption\":\"EDITOR\"},\"url\":\"https:\/\/laprensacristiana.com\/?author=3\"}]}<\/script>\n<!-- \/ Yoast SEO plugin. -->","yoast_head_json":{"title":"Cristianos en elecciones populares - La Prensa Cristiana","robots":{"index":"index","follow":"follow","max-snippet":"max-snippet:-1","max-image-preview":"max-image-preview:large","max-video-preview":"max-video-preview:-1"},"canonical":"https:\/\/laprensacristiana.com\/?p=10363","og_locale":"es_ES","og_type":"article","og_title":"Cristianos en elecciones populares - La Prensa Cristiana","og_description":"En las \u00faltimas semanas he visto como a trav\u00e9s de los distintos noticieros nacionales ya est\u00e1n casi&nbsp; finalizadas las listas de candidatos a participar en las elecciones de diputados y alcaldes en El Salvador para el 28 de febrero de 2021. Es sorprendente ver dentro de todas las listas de los institutos pol\u00edticos e independientes [&hellip;]","og_url":"https:\/\/laprensacristiana.com\/?p=10363","og_site_name":"La Prensa Cristiana","article_published_time":"2020-10-05T15:47:26+00:00","article_modified_time":"2020-10-15T21:30:36+00:00","og_image":[{"width":776,"height":393,"url":"https:\/\/laprensacristiana.com\/wp-content\/uploads\/2020\/08\/IMG-20200806-WA0055.jpg","type":"image\/jpeg"}],"author":"EDITOR","twitter_card":"summary_large_image","twitter_misc":{"Escrito por":"EDITOR","Tiempo de lectura":"3 minutos"},"schema":{"@context":"https:\/\/schema.org","@graph":[{"@type":"WebPage","@id":"https:\/\/laprensacristiana.com\/?p=10363","url":"https:\/\/laprensacristiana.com\/?p=10363","name":"Cristianos en elecciones populares - La Prensa Cristiana","isPartOf":{"@id":"https:\/\/laprensacristiana.com\/#website"},"datePublished":"2020-10-05T15:47:26+00:00","dateModified":"2020-10-15T21:30:36+00:00","author":{"@id":"https:\/\/laprensacristiana.com\/#\/schema\/person\/3e7d82c6bfd6b1fa67010f8f7cd5256e"},"breadcrumb":{"@id":"https:\/\/laprensacristiana.com\/?p=10363#breadcrumb"},"inLanguage":"es","potentialAction":[{"@type":"ReadAction","target":["https:\/\/laprensacristiana.com\/?p=10363"]}]},{"@type":"BreadcrumbList","@id":"https:\/\/laprensacristiana.com\/?p=10363#breadcrumb","itemListElement":[{"@type":"ListItem","position":1,"name":"Portada","item":"https:\/\/laprensacristiana.com\/"},{"@type":"ListItem","position":2,"name":"Cristianos en elecciones populares"}]},{"@type":"WebSite","@id":"https:\/\/laprensacristiana.com\/#website","url":"https:\/\/laprensacristiana.com\/","name":"La Prensa Cristiana","description":"Anunciando Las Buenas Nuevas","potentialAction":[{"@type":"SearchAction","target":{"@type":"EntryPoint","urlTemplate":"https:\/\/laprensacristiana.com\/?s={search_term_string}"},"query-input":"required name=search_term_string"}],"inLanguage":"es"},{"@type":"Person","@id":"https:\/\/laprensacristiana.com\/#\/schema\/person\/3e7d82c6bfd6b1fa67010f8f7cd5256e","name":"EDITOR","image":{"@type":"ImageObject","inLanguage":"es","@id":"https:\/\/laprensacristiana.com\/#\/schema\/person\/image\/","url":"https:\/\/secure.gravatar.com\/avatar\/72069dfb6c13772d9e8381e3638666d2?s=96&d=mm&r=g","contentUrl":"https:\/\/secure.gravatar.com\/avatar\/72069dfb6c13772d9e8381e3638666d2?s=96&d=mm&r=g","caption":"EDITOR"},"url":"https:\/\/laprensacristiana.com\/?author=3"}]}},"_links":{"self":[{"href":"https:\/\/laprensacristiana.com\/index.php?rest_route=\/wp\/v2\/posts\/10363"}],"collection":[{"href":"https:\/\/laprensacristiana.com\/index.php?rest_route=\/wp\/v2\/posts"}],"about":[{"href":"https:\/\/laprensacristiana.com\/index.php?rest_route=\/wp\/v2\/types\/post"}],"author":[{"embeddable":true,"href":"https:\/\/laprensacristiana.com\/index.php?rest_route=\/wp\/v2\/users\/3"}],"replies":[{"embeddable":true,"href":"https:\/\/laprensacristiana.com\/index.php?rest_route=%2Fwp%2Fv2%2Fcomments&post=10363"}],"version-history":[{"count":2,"href":"https:\/\/laprensacristiana.com\/index.php?rest_route=\/wp\/v2\/posts\/10363\/revisions"}],"predecessor-version":[{"id":10420,"href":"https:\/\/laprensacristiana.com\/index.php?rest_route=\/wp\/v2\/posts\/10363\/revisions\/10420"}],"wp:featuredmedia":[{"embeddable":true,"href":"https:\/\/laprensacristiana.com\/index.php?rest_route=\/wp\/v2\/media\/9965"}],"wp:attachment":[{"href":"https:\/\/laprensacristiana.com\/index.php?rest_route=%2Fwp%2Fv2%2Fmedia&parent=10363"}],"wp:term":[{"taxonomy":"category","embeddable":true,"href":"https:\/\/laprensacristiana.com\/index.php?rest_route=%2Fwp%2Fv2%2Fcategories&post=10363"},{"taxonomy":"post_tag","embeddable":true,"href":"https:\/\/laprensacristiana.com\/index.php?rest_route=%2Fwp%2Fv2%2Ftags&post=10363"}],"curies":[{"name":"wp","href":"https:\/\/api.w.org\/{rel}","templated":true}]}}