{"id":10365,"date":"2020-10-05T17:03:16","date_gmt":"2020-10-05T17:03:16","guid":{"rendered":"https:\/\/laprensacristiana.com\/?p=10365"},"modified":"2020-10-05T17:03:18","modified_gmt":"2020-10-05T17:03:18","slug":"ariel-valle-consul-de-es-en-new-jersey-entrega-mascarillas-a-personal-de-primera-linea","status":"publish","type":"post","link":"https:\/\/laprensacristiana.com\/?p=10365","title":{"rendered":"Ariel Valle, Consul de ES en New Jersey entrega mascarillas a personal de primera l\u00ednea"},"content":{"rendered":"\n<p>El d\u00eda viernes a trav\u00e9s del apoyo y gesti\u00f3n del C\u00f3nsul General de El Salvador en New Jersey Ariel Valle se realiz\u00f3 la entrega de mascarillas para el personal que est\u00e1 en primera linea de la batalla contra el Covid-19.<\/p>\n\n\n\n<figure class=\"wp-block-image size-large\"><img decoding=\"async\" loading=\"lazy\" width=\"1024\" height=\"682\" src=\"https:\/\/laprensacristiana.com\/wp-content\/uploads\/2020\/10\/IMG-20201005-WA0030-1024x682.jpg\" alt=\"\" class=\"wp-image-10367\" srcset=\"https:\/\/laprensacristiana.com\/wp-content\/uploads\/2020\/10\/IMG-20201005-WA0030-1024x682.jpg 1024w, https:\/\/laprensacristiana.com\/wp-content\/uploads\/2020\/10\/IMG-20201005-WA0030-300x200.jpg 300w, https:\/\/laprensacristiana.com\/wp-content\/uploads\/2020\/10\/IMG-20201005-WA0030-768x512.jpg 768w, https:\/\/laprensacristiana.com\/wp-content\/uploads\/2020\/10\/IMG-20201005-WA0030-696x464.jpg 696w, https:\/\/laprensacristiana.com\/wp-content\/uploads\/2020\/10\/IMG-20201005-WA0030-1068x712.jpg 1068w, https:\/\/laprensacristiana.com\/wp-content\/uploads\/2020\/10\/IMG-20201005-WA0030-600x400.jpg 600w, https:\/\/laprensacristiana.com\/wp-content\/uploads\/2020\/10\/IMG-20201005-WA0030.jpg 1280w\" sizes=\"(max-width: 1024px) 100vw, 1024px\" \/><figcaption>Ariel Valle, Consul de El Salvador en New Jersey firmando acuerdo de entendimiento ante entrega de mascarillas. <\/figcaption><\/figure>\n\n\n\n<p><br>Este es el segundo donativo de la comunidad de salvadore\u00f1os en el exterior de una serie que se est\u00e1 planificando, aunque residen en otro pa\u00eds, sus ra\u00edces, nobleza y solidaridad est\u00e1n enfocadas en El Salvador.<br>Esta idea nace bajo el esfuerzo de Juan Alvarado, CEO de Caribe Restaurant en coordinaci\u00f3n con Ariel Valle, C\u00f3nsul de El Salvador en Elizabeth. New Jersey quienes preocupados por sus compatriotas, se han unido para poder hacer este donativo posible.<\/p>\n\n\n\n<p><br>Desde primeras horas del d\u00eda se dio inicio a la entrega acompa\u00f1ados por el pastor Juan Carlos Hasbun de Iglesia Cristiana Kemuel, al gozar de total respeto y confianza por la comunidad salvadore\u00f1a en los Estados Unidos.<\/p>\n\n\n\n<p><br>Los beneficiados con el donativo fueron el Hospital Nacional Rosales recibiendo 10,000 mascarillas, el Ministerio de Defensa Nacional 10,000 mascarillas, Ministerio de Seguridad y Justicia 15,000 unidades, Hospital Nacional Regional San Juan de Dios 5,000 mascarillas, Bienestar Social Santa Ana 5,000 unidades.<\/p>\n\n\n\n<p><br>\u201cCuando estaba peque\u00f1o me atendieron aqu\u00ed en el hospital (Hospital Nacional Regional San Juan de Dios), casi pierdo mi dedo, pero por el buen trabajo de los doctores, lo reconstruyeron con excelencia, siempre so\u00f1\u00e9 con retribuirles de alguna forma parte de ese gran trabajo que hacen, y hoy a trav\u00e9s de las gestiones como c\u00f3nsul en New Jersey puedo dar de lo mucho que he recibido de ustedes\u201d expres\u00f3 Ariel Valle C\u00f3nsul General de El Salvador en New Jersey.<\/p>\n\n\n\n<figure class=\"wp-block-image size-large\"><img decoding=\"async\" loading=\"lazy\" width=\"1024\" height=\"682\" src=\"https:\/\/laprensacristiana.com\/wp-content\/uploads\/2020\/10\/IMG-20201005-WA0032-1024x682.jpg\" alt=\"\" class=\"wp-image-10368\" srcset=\"https:\/\/laprensacristiana.com\/wp-content\/uploads\/2020\/10\/IMG-20201005-WA0032-1024x682.jpg 1024w, https:\/\/laprensacristiana.com\/wp-content\/uploads\/2020\/10\/IMG-20201005-WA0032-300x200.jpg 300w, https:\/\/laprensacristiana.com\/wp-content\/uploads\/2020\/10\/IMG-20201005-WA0032-768x512.jpg 768w, https:\/\/laprensacristiana.com\/wp-content\/uploads\/2020\/10\/IMG-20201005-WA0032-696x464.jpg 696w, https:\/\/laprensacristiana.com\/wp-content\/uploads\/2020\/10\/IMG-20201005-WA0032-1068x712.jpg 1068w, https:\/\/laprensacristiana.com\/wp-content\/uploads\/2020\/10\/IMG-20201005-WA0032-600x400.jpg 600w, https:\/\/laprensacristiana.com\/wp-content\/uploads\/2020\/10\/IMG-20201005-WA0032.jpg 1280w\" sizes=\"(max-width: 1024px) 100vw, 1024px\" \/><figcaption>Consul Ariel Valle agradeciendo a personal de Hospital San Juan de Dios su esfuerzo. <\/figcaption><\/figure>\n\n\n\n<p><br>Por su parte el empresario Juan Alvarado se mostr\u00f3 complacido por la oportunidad que est\u00e1 teniendo de servir a su pa\u00eds, en la actualidad reside en Miami, pero siempre est\u00e1 pendiente del que hacer nacional y presto a servir cada vez que la oportunidad se presenta.<br>Cabe destacar que la gira de estos compatriotas Ariel Valle y Juan Alvarado continu\u00f3 durante el fin de semana, e inicios de esta semana para beneficiar a m\u00e1s personas con mascarillas para su protecci\u00f3n ante el virus.<\/p>\n","protected":false},"excerpt":{"rendered":"<p>El d\u00eda viernes a trav\u00e9s del apoyo y gesti\u00f3n del C\u00f3nsul General de El Salvador en New Jersey Ariel Valle se realiz\u00f3 la entrega de mascarillas para el personal que est\u00e1 en primera linea de la batalla contra el Covid-19. Este es el segundo donativo de la comunidad de salvadore\u00f1os en el exterior de una [&hellip;]<\/p>\n","protected":false},"author":3,"featured_media":10366,"comment_status":"open","ping_status":"open","sticky":false,"template":"","format":"standard","meta":[],"categories":[56],"tags":[],"yoast_head":"<!-- This site is optimized with the Yoast SEO plugin v20.8 - https:\/\/yoast.com\/wordpress\/plugins\/seo\/ -->\n<title>Ariel Valle, Consul de ES en New Jersey entrega mascarillas a personal de primera l\u00ednea - La Prensa Cristiana<\/title>\n<meta name=\"robots\" content=\"index, follow, max-snippet:-1, max-image-preview:large, max-video-preview:-1\" \/>\n<link rel=\"canonical\" href=\"https:\/\/laprensacristiana.com\/?p=10365\" \/>\n<meta property=\"og:locale\" content=\"es_ES\" \/>\n<meta property=\"og:type\" content=\"article\" \/>\n<meta property=\"og:title\" content=\"Ariel Valle, Consul de ES en New Jersey entrega mascarillas a personal de primera l\u00ednea - La Prensa Cristiana\" \/>\n<meta property=\"og:description\" content=\"El d\u00eda viernes a trav\u00e9s del apoyo y gesti\u00f3n del C\u00f3nsul General de El Salvador en New Jersey Ariel Valle se realiz\u00f3 la entrega de mascarillas para el personal que est\u00e1 en primera linea de la batalla contra el Covid-19. Este es el segundo donativo de la comunidad de salvadore\u00f1os en el exterior de una [&hellip;]\" \/>\n<meta property=\"og:url\" content=\"https:\/\/laprensacristiana.com\/?p=10365\" \/>\n<meta property=\"og:site_name\" content=\"La Prensa Cristiana\" \/>\n<meta property=\"article:published_time\" content=\"2020-10-05T17:03:16+00:00\" \/>\n<meta property=\"article:modified_time\" content=\"2020-10-05T17:03:18+00:00\" \/>\n<meta property=\"og:image\" content=\"https:\/\/laprensacristiana.com\/wp-content\/uploads\/2020\/10\/IMG-20201005-WA0031.jpg\" \/>\n\t<meta property=\"og:image:width\" content=\"1280\" \/>\n\t<meta property=\"og:image:height\" content=\"853\" \/>\n\t<meta property=\"og:image:type\" content=\"image\/jpeg\" \/>\n<meta name=\"author\" content=\"EDITOR\" \/>\n<meta name=\"twitter:card\" content=\"summary_large_image\" \/>\n<meta name=\"twitter:label1\" content=\"Escrito por\" \/>\n\t<meta name=\"twitter:data1\" content=\"EDITOR\" \/>\n\t<meta name=\"twitter:label2\" content=\"Tiempo de lectura\" \/>\n\t<meta name=\"twitter:data2\" content=\"2 minutos\" \/>\n<script type=\"application\/ld+json\" class=\"yoast-schema-graph\">{\"@context\":\"https:\/\/schema.org\",\"@graph\":[{\"@type\":\"WebPage\",\"@id\":\"https:\/\/laprensacristiana.com\/?p=10365\",\"url\":\"https:\/\/laprensacristiana.com\/?p=10365\",\"name\":\"Ariel Valle, Consul de ES en New Jersey entrega mascarillas a personal de primera l\u00ednea - La Prensa Cristiana\",\"isPartOf\":{\"@id\":\"https:\/\/laprensacristiana.com\/#website\"},\"datePublished\":\"2020-10-05T17:03:16+00:00\",\"dateModified\":\"2020-10-05T17:03:18+00:00\",\"author\":{\"@id\":\"https:\/\/laprensacristiana.com\/#\/schema\/person\/3e7d82c6bfd6b1fa67010f8f7cd5256e\"},\"breadcrumb\":{\"@id\":\"https:\/\/laprensacristiana.com\/?p=10365#breadcrumb\"},\"inLanguage\":\"es\",\"potentialAction\":[{\"@type\":\"ReadAction\",\"target\":[\"https:\/\/laprensacristiana.com\/?p=10365\"]}]},{\"@type\":\"BreadcrumbList\",\"@id\":\"https:\/\/laprensacristiana.com\/?p=10365#breadcrumb\",\"itemListElement\":[{\"@type\":\"ListItem\",\"position\":1,\"name\":\"Portada\",\"item\":\"https:\/\/laprensacristiana.com\/\"},{\"@type\":\"ListItem\",\"position\":2,\"name\":\"Ariel Valle, Consul de ES en New Jersey entrega mascarillas a personal de primera l\u00ednea\"}]},{\"@type\":\"WebSite\",\"@id\":\"https:\/\/laprensacristiana.com\/#website\",\"url\":\"https:\/\/laprensacristiana.com\/\",\"name\":\"La Prensa Cristiana\",\"description\":\"Anunciando Las Buenas Nuevas\",\"potentialAction\":[{\"@type\":\"SearchAction\",\"target\":{\"@type\":\"EntryPoint\",\"urlTemplate\":\"https:\/\/laprensacristiana.com\/?s={search_term_string}\"},\"query-input\":\"required name=search_term_string\"}],\"inLanguage\":\"es\"},{\"@type\":\"Person\",\"@id\":\"https:\/\/laprensacristiana.com\/#\/schema\/person\/3e7d82c6bfd6b1fa67010f8f7cd5256e\",\"name\":\"EDITOR\",\"image\":{\"@type\":\"ImageObject\",\"inLanguage\":\"es\",\"@id\":\"https:\/\/laprensacristiana.com\/#\/schema\/person\/image\/\",\"url\":\"https:\/\/secure.gravatar.com\/avatar\/72069dfb6c13772d9e8381e3638666d2?s=96&d=mm&r=g\",\"contentUrl\":\"https:\/\/secure.gravatar.com\/avatar\/72069dfb6c13772d9e8381e3638666d2?s=96&d=mm&r=g\",\"caption\":\"EDITOR\"},\"url\":\"https:\/\/laprensacristiana.com\/?author=3\"}]}<\/script>\n<!-- \/ Yoast SEO plugin. -->","yoast_head_json":{"title":"Ariel Valle, Consul de ES en New Jersey entrega mascarillas a personal de primera l\u00ednea - La Prensa Cristiana","robots":{"index":"index","follow":"follow","max-snippet":"max-snippet:-1","max-image-preview":"max-image-preview:large","max-video-preview":"max-video-preview:-1"},"canonical":"https:\/\/laprensacristiana.com\/?p=10365","og_locale":"es_ES","og_type":"article","og_title":"Ariel Valle, Consul de ES en New Jersey entrega mascarillas a personal de primera l\u00ednea - La Prensa Cristiana","og_description":"El d\u00eda viernes a trav\u00e9s del apoyo y gesti\u00f3n del C\u00f3nsul General de El Salvador en New Jersey Ariel Valle se realiz\u00f3 la entrega de mascarillas para el personal que est\u00e1 en primera linea de la batalla contra el Covid-19. Este es el segundo donativo de la comunidad de salvadore\u00f1os en el exterior de una [&hellip;]","og_url":"https:\/\/laprensacristiana.com\/?p=10365","og_site_name":"La Prensa Cristiana","article_published_time":"2020-10-05T17:03:16+00:00","article_modified_time":"2020-10-05T17:03:18+00:00","og_image":[{"width":1280,"height":853,"url":"https:\/\/laprensacristiana.com\/wp-content\/uploads\/2020\/10\/IMG-20201005-WA0031.jpg","type":"image\/jpeg"}],"author":"EDITOR","twitter_card":"summary_large_image","twitter_misc":{"Escrito por":"EDITOR","Tiempo de lectura":"2 minutos"},"schema":{"@context":"https:\/\/schema.org","@graph":[{"@type":"WebPage","@id":"https:\/\/laprensacristiana.com\/?p=10365","url":"https:\/\/laprensacristiana.com\/?p=10365","name":"Ariel Valle, Consul de ES en New Jersey entrega mascarillas a personal de primera l\u00ednea - La Prensa Cristiana","isPartOf":{"@id":"https:\/\/laprensacristiana.com\/#website"},"datePublished":"2020-10-05T17:03:16+00:00","dateModified":"2020-10-05T17:03:18+00:00","author":{"@id":"https:\/\/laprensacristiana.com\/#\/schema\/person\/3e7d82c6bfd6b1fa67010f8f7cd5256e"},"breadcrumb":{"@id":"https:\/\/laprensacristiana.com\/?p=10365#breadcrumb"},"inLanguage":"es","potentialAction":[{"@type":"ReadAction","target":["https:\/\/laprensacristiana.com\/?p=10365"]}]},{"@type":"BreadcrumbList","@id":"https:\/\/laprensacristiana.com\/?p=10365#breadcrumb","itemListElement":[{"@type":"ListItem","position":1,"name":"Portada","item":"https:\/\/laprensacristiana.com\/"},{"@type":"ListItem","position":2,"name":"Ariel Valle, Consul de ES en New Jersey entrega mascarillas a personal de primera l\u00ednea"}]},{"@type":"WebSite","@id":"https:\/\/laprensacristiana.com\/#website","url":"https:\/\/laprensacristiana.com\/","name":"La Prensa Cristiana","description":"Anunciando Las Buenas Nuevas","potentialAction":[{"@type":"SearchAction","target":{"@type":"EntryPoint","urlTemplate":"https:\/\/laprensacristiana.com\/?s={search_term_string}"},"query-input":"required name=search_term_string"}],"inLanguage":"es"},{"@type":"Person","@id":"https:\/\/laprensacristiana.com\/#\/schema\/person\/3e7d82c6bfd6b1fa67010f8f7cd5256e","name":"EDITOR","image":{"@type":"ImageObject","inLanguage":"es","@id":"https:\/\/laprensacristiana.com\/#\/schema\/person\/image\/","url":"https:\/\/secure.gravatar.com\/avatar\/72069dfb6c13772d9e8381e3638666d2?s=96&d=mm&r=g","contentUrl":"https:\/\/secure.gravatar.com\/avatar\/72069dfb6c13772d9e8381e3638666d2?s=96&d=mm&r=g","caption":"EDITOR"},"url":"https:\/\/laprensacristiana.com\/?author=3"}]}},"_links":{"self":[{"href":"https:\/\/laprensacristiana.com\/index.php?rest_route=\/wp\/v2\/posts\/10365"}],"collection":[{"href":"https:\/\/laprensacristiana.com\/index.php?rest_route=\/wp\/v2\/posts"}],"about":[{"href":"https:\/\/laprensacristiana.com\/index.php?rest_route=\/wp\/v2\/types\/post"}],"author":[{"embeddable":true,"href":"https:\/\/laprensacristiana.com\/index.php?rest_route=\/wp\/v2\/users\/3"}],"replies":[{"embeddable":true,"href":"https:\/\/laprensacristiana.com\/index.php?rest_route=%2Fwp%2Fv2%2Fcomments&post=10365"}],"version-history":[{"count":1,"href":"https:\/\/laprensacristiana.com\/index.php?rest_route=\/wp\/v2\/posts\/10365\/revisions"}],"predecessor-version":[{"id":10369,"href":"https:\/\/laprensacristiana.com\/index.php?rest_route=\/wp\/v2\/posts\/10365\/revisions\/10369"}],"wp:featuredmedia":[{"embeddable":true,"href":"https:\/\/laprensacristiana.com\/index.php?rest_route=\/wp\/v2\/media\/10366"}],"wp:attachment":[{"href":"https:\/\/laprensacristiana.com\/index.php?rest_route=%2Fwp%2Fv2%2Fmedia&parent=10365"}],"wp:term":[{"taxonomy":"category","embeddable":true,"href":"https:\/\/laprensacristiana.com\/index.php?rest_route=%2Fwp%2Fv2%2Fcategories&post=10365"},{"taxonomy":"post_tag","embeddable":true,"href":"https:\/\/laprensacristiana.com\/index.php?rest_route=%2Fwp%2Fv2%2Ftags&post=10365"}],"curies":[{"name":"wp","href":"https:\/\/api.w.org\/{rel}","templated":true}]}}