{"id":10370,"date":"2020-10-07T21:38:20","date_gmt":"2020-10-07T21:38:20","guid":{"rendered":"https:\/\/laprensacristiana.com\/?p=10370"},"modified":"2020-10-08T13:46:46","modified_gmt":"2020-10-08T13:46:46","slug":"ministerio-cristiano-policial-agradece-a-pastores-de-zacatecoluca-servicio-a-traves-de-la-oracion","status":"publish","type":"post","link":"https:\/\/laprensacristiana.com\/?p=10370","title":{"rendered":"Ministerio Cristiano Policial agradece a pastores de Zacatecoluca servicio a trav\u00e9s de la oraci\u00f3n"},"content":{"rendered":"\n<p>El dia hoy el Ministerio Cristiano Policial del Municipio de Zacatecoluca realiz\u00f3 una reuni\u00f3n para agradecer y homenajear a todos los pastores que en el marco de la cuarentena brindaron su tiempo para orar por su departamento (La Paz) en los diferentes municipios.<\/p>\n\n\n\n<p>Cada viernes se desarrollaron las jornadas de oraci\u00f3n y difusi\u00f3n por la salud y tranquilidad social denomidas \u00abOrando por nuestra naci\u00f3n\u00bb realizadas del 8 de abril hasta el 21 de agosto 2020.<\/p>\n\n\n\n<figure class=\"wp-block-image size-large\"><img decoding=\"async\" src=\"blob:https:\/\/laprensacristiana.com\/be9a5a23-cde8-48a1-ab47-fa8c75cd81bb\" alt=\"\"\/><\/figure>\n\n\n\n<p>El evento tuvo lugar en las instalaciones de Iglesia Elim Zacatecoluca, dirigida por el pastor Omar Diaz, quien comparti\u00f3 una reflexi\u00f3n en la cual desafi\u00f3 al liderazgo a seguir sirviendo: \u00abLas pregunta de fuego es \u00bfC\u00f3mo quiere ser recordado? Para ello es importante que se dedique a servir y no ha ser servido\u00bb expres\u00f3 el pastor Diaz.<\/p>\n\n\n\n<p>En el acto realizar\u00f3n la entrega de diplomas fe reconocimiento a cada uno de los pastores que fueron fieles en llevar palabras de esperanza en un tiempo donde el temor y la depresi\u00f3n estaban formando parte de muchas personas.<br>\u00a0<br>En el evento se hicieron presente las altas autoridades que representan al Ministerio Cristiano Policial a nivel nacional como departamental. Tambien estuvo presente el alcalde de Zacatecoluca Dr. Francisco Salvador Hirez\u00ed quien se refiri\u00f3 a los asistentes agradeciendoles por la labor que rea\u00f1izan: \u00abEstoy aqu\u00ed para darle gracias al rey de reyes, al medico de medicos, al Dios todopoderoso, como humanos somos polvo, pero debemos orar a Dios y dar palmas porque \u00c9l nos tiene aqu\u00ed\u00bb acot\u00f3 el Dr. Hirezi.<\/p>\n\n\n\n<p>La reuni\u00f3n concluy\u00f3 con la oraci\u00f3n del pastor Jacobo Palacios.<\/p>\n\n\n\n<figure class=\"wp-block-image size-large\"><img decoding=\"async\" loading=\"lazy\" width=\"1024\" height=\"768\" src=\"https:\/\/laprensacristiana.com\/wp-content\/uploads\/2020\/10\/IMG-20201007-WA0065-1024x768.jpg\" alt=\"\" class=\"wp-image-10372\" srcset=\"https:\/\/laprensacristiana.com\/wp-content\/uploads\/2020\/10\/IMG-20201007-WA0065-1024x768.jpg 1024w, https:\/\/laprensacristiana.com\/wp-content\/uploads\/2020\/10\/IMG-20201007-WA0065-300x225.jpg 300w, https:\/\/laprensacristiana.com\/wp-content\/uploads\/2020\/10\/IMG-20201007-WA0065-768x576.jpg 768w, https:\/\/laprensacristiana.com\/wp-content\/uploads\/2020\/10\/IMG-20201007-WA0065-696x522.jpg 696w, https:\/\/laprensacristiana.com\/wp-content\/uploads\/2020\/10\/IMG-20201007-WA0065-600x450.jpg 600w, https:\/\/laprensacristiana.com\/wp-content\/uploads\/2020\/10\/IMG-20201007-WA0065.jpg 1032w\" sizes=\"(max-width: 1024px) 100vw, 1024px\" \/><\/figure>\n","protected":false},"excerpt":{"rendered":"<p>El dia hoy el Ministerio Cristiano Policial del Municipio de Zacatecoluca realiz\u00f3 una reuni\u00f3n para agradecer y homenajear a todos los pastores que en el marco de la cuarentena brindaron su tiempo para orar por su departamento (La Paz) en los diferentes municipios. Cada viernes se desarrollaron las jornadas de oraci\u00f3n y difusi\u00f3n por la [&hellip;]<\/p>\n","protected":false},"author":3,"featured_media":10371,"comment_status":"open","ping_status":"open","sticky":false,"template":"","format":"standard","meta":[],"categories":[56],"tags":[],"yoast_head":"<!-- This site is optimized with the Yoast SEO plugin v20.8 - https:\/\/yoast.com\/wordpress\/plugins\/seo\/ -->\n<title>Ministerio Cristiano Policial agradece a pastores de Zacatecoluca servicio a trav\u00e9s de la oraci\u00f3n - La Prensa Cristiana<\/title>\n<meta name=\"robots\" content=\"index, follow, max-snippet:-1, max-image-preview:large, max-video-preview:-1\" \/>\n<link rel=\"canonical\" href=\"https:\/\/laprensacristiana.com\/?p=10370\" \/>\n<meta property=\"og:locale\" content=\"es_ES\" \/>\n<meta property=\"og:type\" content=\"article\" \/>\n<meta property=\"og:title\" content=\"Ministerio Cristiano Policial agradece a pastores de Zacatecoluca servicio a trav\u00e9s de la oraci\u00f3n - La Prensa Cristiana\" \/>\n<meta property=\"og:description\" content=\"El dia hoy el Ministerio Cristiano Policial del Municipio de Zacatecoluca realiz\u00f3 una reuni\u00f3n para agradecer y homenajear a todos los pastores que en el marco de la cuarentena brindaron su tiempo para orar por su departamento (La Paz) en los diferentes municipios. Cada viernes se desarrollaron las jornadas de oraci\u00f3n y difusi\u00f3n por la [&hellip;]\" \/>\n<meta property=\"og:url\" content=\"https:\/\/laprensacristiana.com\/?p=10370\" \/>\n<meta property=\"og:site_name\" content=\"La Prensa Cristiana\" \/>\n<meta property=\"article:published_time\" content=\"2020-10-07T21:38:20+00:00\" \/>\n<meta property=\"article:modified_time\" content=\"2020-10-08T13:46:46+00:00\" \/>\n<meta property=\"og:image\" content=\"https:\/\/laprensacristiana.com\/wp-content\/uploads\/2020\/10\/IMG-20201007-WA0063.jpg\" \/>\n\t<meta property=\"og:image:width\" content=\"1280\" \/>\n\t<meta property=\"og:image:height\" content=\"960\" \/>\n\t<meta property=\"og:image:type\" content=\"image\/jpeg\" \/>\n<meta name=\"author\" content=\"EDITOR\" \/>\n<meta name=\"twitter:card\" content=\"summary_large_image\" \/>\n<meta name=\"twitter:label1\" content=\"Escrito por\" \/>\n\t<meta name=\"twitter:data1\" content=\"EDITOR\" \/>\n\t<meta name=\"twitter:label2\" content=\"Tiempo de lectura\" \/>\n\t<meta name=\"twitter:data2\" content=\"1 minuto\" \/>\n<script type=\"application\/ld+json\" class=\"yoast-schema-graph\">{\"@context\":\"https:\/\/schema.org\",\"@graph\":[{\"@type\":\"WebPage\",\"@id\":\"https:\/\/laprensacristiana.com\/?p=10370\",\"url\":\"https:\/\/laprensacristiana.com\/?p=10370\",\"name\":\"Ministerio Cristiano Policial agradece a pastores de Zacatecoluca servicio a trav\u00e9s de la oraci\u00f3n - La Prensa Cristiana\",\"isPartOf\":{\"@id\":\"https:\/\/laprensacristiana.com\/#website\"},\"datePublished\":\"2020-10-07T21:38:20+00:00\",\"dateModified\":\"2020-10-08T13:46:46+00:00\",\"author\":{\"@id\":\"https:\/\/laprensacristiana.com\/#\/schema\/person\/3e7d82c6bfd6b1fa67010f8f7cd5256e\"},\"breadcrumb\":{\"@id\":\"https:\/\/laprensacristiana.com\/?p=10370#breadcrumb\"},\"inLanguage\":\"es\",\"potentialAction\":[{\"@type\":\"ReadAction\",\"target\":[\"https:\/\/laprensacristiana.com\/?p=10370\"]}]},{\"@type\":\"BreadcrumbList\",\"@id\":\"https:\/\/laprensacristiana.com\/?p=10370#breadcrumb\",\"itemListElement\":[{\"@type\":\"ListItem\",\"position\":1,\"name\":\"Portada\",\"item\":\"https:\/\/laprensacristiana.com\/\"},{\"@type\":\"ListItem\",\"position\":2,\"name\":\"Ministerio Cristiano Policial agradece a pastores de Zacatecoluca servicio a trav\u00e9s de la oraci\u00f3n\"}]},{\"@type\":\"WebSite\",\"@id\":\"https:\/\/laprensacristiana.com\/#website\",\"url\":\"https:\/\/laprensacristiana.com\/\",\"name\":\"La Prensa Cristiana\",\"description\":\"Anunciando Las Buenas Nuevas\",\"potentialAction\":[{\"@type\":\"SearchAction\",\"target\":{\"@type\":\"EntryPoint\",\"urlTemplate\":\"https:\/\/laprensacristiana.com\/?s={search_term_string}\"},\"query-input\":\"required name=search_term_string\"}],\"inLanguage\":\"es\"},{\"@type\":\"Person\",\"@id\":\"https:\/\/laprensacristiana.com\/#\/schema\/person\/3e7d82c6bfd6b1fa67010f8f7cd5256e\",\"name\":\"EDITOR\",\"image\":{\"@type\":\"ImageObject\",\"inLanguage\":\"es\",\"@id\":\"https:\/\/laprensacristiana.com\/#\/schema\/person\/image\/\",\"url\":\"https:\/\/secure.gravatar.com\/avatar\/72069dfb6c13772d9e8381e3638666d2?s=96&d=mm&r=g\",\"contentUrl\":\"https:\/\/secure.gravatar.com\/avatar\/72069dfb6c13772d9e8381e3638666d2?s=96&d=mm&r=g\",\"caption\":\"EDITOR\"},\"url\":\"https:\/\/laprensacristiana.com\/?author=3\"}]}<\/script>\n<!-- \/ Yoast SEO plugin. -->","yoast_head_json":{"title":"Ministerio Cristiano Policial agradece a pastores de Zacatecoluca servicio a trav\u00e9s de la oraci\u00f3n - La Prensa Cristiana","robots":{"index":"index","follow":"follow","max-snippet":"max-snippet:-1","max-image-preview":"max-image-preview:large","max-video-preview":"max-video-preview:-1"},"canonical":"https:\/\/laprensacristiana.com\/?p=10370","og_locale":"es_ES","og_type":"article","og_title":"Ministerio Cristiano Policial agradece a pastores de Zacatecoluca servicio a trav\u00e9s de la oraci\u00f3n - La Prensa Cristiana","og_description":"El dia hoy el Ministerio Cristiano Policial del Municipio de Zacatecoluca realiz\u00f3 una reuni\u00f3n para agradecer y homenajear a todos los pastores que en el marco de la cuarentena brindaron su tiempo para orar por su departamento (La Paz) en los diferentes municipios. Cada viernes se desarrollaron las jornadas de oraci\u00f3n y difusi\u00f3n por la [&hellip;]","og_url":"https:\/\/laprensacristiana.com\/?p=10370","og_site_name":"La Prensa Cristiana","article_published_time":"2020-10-07T21:38:20+00:00","article_modified_time":"2020-10-08T13:46:46+00:00","og_image":[{"width":1280,"height":960,"url":"https:\/\/laprensacristiana.com\/wp-content\/uploads\/2020\/10\/IMG-20201007-WA0063.jpg","type":"image\/jpeg"}],"author":"EDITOR","twitter_card":"summary_large_image","twitter_misc":{"Escrito por":"EDITOR","Tiempo de lectura":"1 minuto"},"schema":{"@context":"https:\/\/schema.org","@graph":[{"@type":"WebPage","@id":"https:\/\/laprensacristiana.com\/?p=10370","url":"https:\/\/laprensacristiana.com\/?p=10370","name":"Ministerio Cristiano Policial agradece a pastores de Zacatecoluca servicio a trav\u00e9s de la oraci\u00f3n - La Prensa Cristiana","isPartOf":{"@id":"https:\/\/laprensacristiana.com\/#website"},"datePublished":"2020-10-07T21:38:20+00:00","dateModified":"2020-10-08T13:46:46+00:00","author":{"@id":"https:\/\/laprensacristiana.com\/#\/schema\/person\/3e7d82c6bfd6b1fa67010f8f7cd5256e"},"breadcrumb":{"@id":"https:\/\/laprensacristiana.com\/?p=10370#breadcrumb"},"inLanguage":"es","potentialAction":[{"@type":"ReadAction","target":["https:\/\/laprensacristiana.com\/?p=10370"]}]},{"@type":"BreadcrumbList","@id":"https:\/\/laprensacristiana.com\/?p=10370#breadcrumb","itemListElement":[{"@type":"ListItem","position":1,"name":"Portada","item":"https:\/\/laprensacristiana.com\/"},{"@type":"ListItem","position":2,"name":"Ministerio Cristiano Policial agradece a pastores de Zacatecoluca servicio a trav\u00e9s de la oraci\u00f3n"}]},{"@type":"WebSite","@id":"https:\/\/laprensacristiana.com\/#website","url":"https:\/\/laprensacristiana.com\/","name":"La Prensa Cristiana","description":"Anunciando Las Buenas Nuevas","potentialAction":[{"@type":"SearchAction","target":{"@type":"EntryPoint","urlTemplate":"https:\/\/laprensacristiana.com\/?s={search_term_string}"},"query-input":"required name=search_term_string"}],"inLanguage":"es"},{"@type":"Person","@id":"https:\/\/laprensacristiana.com\/#\/schema\/person\/3e7d82c6bfd6b1fa67010f8f7cd5256e","name":"EDITOR","image":{"@type":"ImageObject","inLanguage":"es","@id":"https:\/\/laprensacristiana.com\/#\/schema\/person\/image\/","url":"https:\/\/secure.gravatar.com\/avatar\/72069dfb6c13772d9e8381e3638666d2?s=96&d=mm&r=g","contentUrl":"https:\/\/secure.gravatar.com\/avatar\/72069dfb6c13772d9e8381e3638666d2?s=96&d=mm&r=g","caption":"EDITOR"},"url":"https:\/\/laprensacristiana.com\/?author=3"}]}},"_links":{"self":[{"href":"https:\/\/laprensacristiana.com\/index.php?rest_route=\/wp\/v2\/posts\/10370"}],"collection":[{"href":"https:\/\/laprensacristiana.com\/index.php?rest_route=\/wp\/v2\/posts"}],"about":[{"href":"https:\/\/laprensacristiana.com\/index.php?rest_route=\/wp\/v2\/types\/post"}],"author":[{"embeddable":true,"href":"https:\/\/laprensacristiana.com\/index.php?rest_route=\/wp\/v2\/users\/3"}],"replies":[{"embeddable":true,"href":"https:\/\/laprensacristiana.com\/index.php?rest_route=%2Fwp%2Fv2%2Fcomments&post=10370"}],"version-history":[{"count":2,"href":"https:\/\/laprensacristiana.com\/index.php?rest_route=\/wp\/v2\/posts\/10370\/revisions"}],"predecessor-version":[{"id":10381,"href":"https:\/\/laprensacristiana.com\/index.php?rest_route=\/wp\/v2\/posts\/10370\/revisions\/10381"}],"wp:featuredmedia":[{"embeddable":true,"href":"https:\/\/laprensacristiana.com\/index.php?rest_route=\/wp\/v2\/media\/10371"}],"wp:attachment":[{"href":"https:\/\/laprensacristiana.com\/index.php?rest_route=%2Fwp%2Fv2%2Fmedia&parent=10370"}],"wp:term":[{"taxonomy":"category","embeddable":true,"href":"https:\/\/laprensacristiana.com\/index.php?rest_route=%2Fwp%2Fv2%2Fcategories&post=10370"},{"taxonomy":"post_tag","embeddable":true,"href":"https:\/\/laprensacristiana.com\/index.php?rest_route=%2Fwp%2Fv2%2Ftags&post=10370"}],"curies":[{"name":"wp","href":"https:\/\/api.w.org\/{rel}","templated":true}]}}