{"id":10375,"date":"2020-10-07T21:48:41","date_gmt":"2020-10-07T21:48:41","guid":{"rendered":"https:\/\/laprensacristiana.com\/?p=10375"},"modified":"2020-10-07T21:48:43","modified_gmt":"2020-10-07T21:48:43","slug":"impaciencia","status":"publish","type":"post","link":"https:\/\/laprensacristiana.com\/?p=10375","title":{"rendered":"Impaciencia"},"content":{"rendered":"\n<p>Rut 1:3-5 \u201cY muri\u00f3 Elimelec, marido de Noem\u00ed, y qued\u00f3 ella con sus dos hijos\u2026 Murieron tambi\u00e9n los dos, Mahl\u00f3n y Queli\u00f3n, y la mujer qued\u00f3 privada de sus dos hijos y de su marido\u201d<\/p>\n\n\n\n<p>La Biblia tiene un poder asombroso para sintetizar las historias. En dos versos resume la tragedia in\u00e9dita de una mujer que, siguiendo a su esposo, salen huyendo de su pueblo porque se hab\u00eda acabado el pan. \u00bfResultado? Muerte de tres varones. Los que ten\u00edan que sustentar a su esposa y madre quedan postrados en la tierra de Moab. A Noem\u00ed no le gustaba el hambre. Pudo luchar contra la voluntad de su esposo para no dejar su tierra. La mujer sabia edifica su casa. Pudo insistir en creerle a Dios para que no hicieran esa locura. Pudo orar, pudo clamar, pero sobre, todo, pudo esperar mejores tiempos. No le gust\u00f2 el hambre.<\/p>\n\n\n\n<p>Desde mis comienzos en la vida cristiana, siempre tuve el privilegio de levantarme de madrugada a platicar con el Se\u00f1or. Al principio, unos diez a\u00f1os quiz\u00e1, \u00c8l tuvo la bondad de darme visiones. Me hablaba fisicamente al o\u00eddo. Aprend\u00ed a escuchar su dulce Voz. Me daba respuestas inmediatas. Me hacia sentir su Presencia y me ense\u00f1\u00f2 a que cada madrugada siempre hab\u00eda algo nuevo para mi vida.<\/p>\n\n\n\n<p>De pronto, como se cierne una tormenta sobre nuestros cielos, su Voz se qued\u00f3 callada. Ya no hubo visiones. Ya no hubo respuestas inmediatas. Ya no hubo sensaciones de que su Presencia estaba all\u00ed. Todo se qued\u00f3 callado. Su Voz se hab\u00eda apagado. Hubo momentos en que pens\u00e9 que ya hab\u00eda perdido mi comuni\u00f3n con \u00c8l. Se acab\u00f3 el pan. Ya no hubo man\u00e1. Ya no hab\u00eda Roca que me diera agua. Y entonces entend\u00ed la lecci\u00f3n: El Se\u00f1or me estaba madurando. Ahora ten\u00eda que orar con fe. Ahora ten\u00eda que entrar a mi tierra prometida y buscar en otro nivel mi pan y mi agua. Era hora de cambiar de altura. Era momento de esforzarme en creer que \u00c8l segu\u00eda siendo fiel y que, aunque ya no sintiera esos movimientos a mi lado, \u00c8l estaba all\u00ed, escuchando mis oraciones y limpiando mis l\u00e1grimas. Y fue entonces cuando cambi\u00f3 de direcci\u00f3n mi devocional. Ahora, a\u00f1os despu\u00e9s, sigo visit\u00e1ndolo de madrugada pero aprend\u00ed que sin que se haga sentir, siempre me escucha, me responde y me consuela.<\/p>\n\n\n\n<p>Porque en mi Belen siempre ha habido Pan. Aunque no lo vea, siempre hay Pan, hay respuestas, hay sanidad y hay Agua. Eso fue lo que no pudieron entender Noem\u00ed y su esposo. Ahora s\u00e9 que \u201caunque la higuera no florezca\u201d, no me faltar\u00e1 su Deliciosa Presencia. Eso ha hecho que ya en mi tercera etapa de mi vida, siga visitando mi lugar secreto aunque a veces no sienta ni un toque de su Bondadosa Mano. No tiene por que hacerlo. Lo creo y punto.<\/p>\n","protected":false},"excerpt":{"rendered":"<p>Rut 1:3-5 \u201cY muri\u00f3 Elimelec, marido de Noem\u00ed, y qued\u00f3 ella con sus dos hijos\u2026 Murieron tambi\u00e9n los dos, Mahl\u00f3n y Queli\u00f3n, y la mujer qued\u00f3 privada de sus dos hijos y de su marido\u201d La Biblia tiene un poder asombroso para sintetizar las historias. En dos versos resume la tragedia in\u00e9dita de una mujer [&hellip;]<\/p>\n","protected":false},"author":3,"featured_media":7949,"comment_status":"open","ping_status":"open","sticky":false,"template":"","format":"standard","meta":[],"categories":[36],"tags":[],"yoast_head":"<!-- This site is optimized with the Yoast SEO plugin v20.8 - https:\/\/yoast.com\/wordpress\/plugins\/seo\/ -->\n<title>Impaciencia - La Prensa Cristiana<\/title>\n<meta name=\"robots\" content=\"index, follow, max-snippet:-1, max-image-preview:large, max-video-preview:-1\" \/>\n<link rel=\"canonical\" href=\"https:\/\/laprensacristiana.com\/?p=10375\" \/>\n<meta property=\"og:locale\" content=\"es_ES\" \/>\n<meta property=\"og:type\" content=\"article\" \/>\n<meta property=\"og:title\" content=\"Impaciencia - La Prensa Cristiana\" \/>\n<meta property=\"og:description\" content=\"Rut 1:3-5 \u201cY muri\u00f3 Elimelec, marido de Noem\u00ed, y qued\u00f3 ella con sus dos hijos\u2026 Murieron tambi\u00e9n los dos, Mahl\u00f3n y Queli\u00f3n, y la mujer qued\u00f3 privada de sus dos hijos y de su marido\u201d La Biblia tiene un poder asombroso para sintetizar las historias. En dos versos resume la tragedia in\u00e9dita de una mujer [&hellip;]\" \/>\n<meta property=\"og:url\" content=\"https:\/\/laprensacristiana.com\/?p=10375\" \/>\n<meta property=\"og:site_name\" content=\"La Prensa Cristiana\" \/>\n<meta property=\"article:published_time\" content=\"2020-10-07T21:48:41+00:00\" \/>\n<meta property=\"article:modified_time\" content=\"2020-10-07T21:48:43+00:00\" \/>\n<meta property=\"og:image\" content=\"https:\/\/laprensacristiana.com\/wp-content\/uploads\/2020\/01\/2017-11-23-PHOTO-00003245-1.jpg\" \/>\n\t<meta property=\"og:image:width\" content=\"1280\" \/>\n\t<meta property=\"og:image:height\" content=\"714\" \/>\n\t<meta property=\"og:image:type\" content=\"image\/jpeg\" \/>\n<meta name=\"author\" content=\"EDITOR\" \/>\n<meta name=\"twitter:card\" content=\"summary_large_image\" \/>\n<meta name=\"twitter:label1\" content=\"Escrito por\" \/>\n\t<meta name=\"twitter:data1\" content=\"EDITOR\" \/>\n\t<meta name=\"twitter:label2\" content=\"Tiempo de lectura\" \/>\n\t<meta name=\"twitter:data2\" content=\"2 minutos\" \/>\n<script type=\"application\/ld+json\" class=\"yoast-schema-graph\">{\"@context\":\"https:\/\/schema.org\",\"@graph\":[{\"@type\":\"WebPage\",\"@id\":\"https:\/\/laprensacristiana.com\/?p=10375\",\"url\":\"https:\/\/laprensacristiana.com\/?p=10375\",\"name\":\"Impaciencia - La Prensa Cristiana\",\"isPartOf\":{\"@id\":\"https:\/\/laprensacristiana.com\/#website\"},\"datePublished\":\"2020-10-07T21:48:41+00:00\",\"dateModified\":\"2020-10-07T21:48:43+00:00\",\"author\":{\"@id\":\"https:\/\/laprensacristiana.com\/#\/schema\/person\/3e7d82c6bfd6b1fa67010f8f7cd5256e\"},\"breadcrumb\":{\"@id\":\"https:\/\/laprensacristiana.com\/?p=10375#breadcrumb\"},\"inLanguage\":\"es\",\"potentialAction\":[{\"@type\":\"ReadAction\",\"target\":[\"https:\/\/laprensacristiana.com\/?p=10375\"]}]},{\"@type\":\"BreadcrumbList\",\"@id\":\"https:\/\/laprensacristiana.com\/?p=10375#breadcrumb\",\"itemListElement\":[{\"@type\":\"ListItem\",\"position\":1,\"name\":\"Portada\",\"item\":\"https:\/\/laprensacristiana.com\/\"},{\"@type\":\"ListItem\",\"position\":2,\"name\":\"Impaciencia\"}]},{\"@type\":\"WebSite\",\"@id\":\"https:\/\/laprensacristiana.com\/#website\",\"url\":\"https:\/\/laprensacristiana.com\/\",\"name\":\"La Prensa Cristiana\",\"description\":\"Anunciando Las Buenas Nuevas\",\"potentialAction\":[{\"@type\":\"SearchAction\",\"target\":{\"@type\":\"EntryPoint\",\"urlTemplate\":\"https:\/\/laprensacristiana.com\/?s={search_term_string}\"},\"query-input\":\"required name=search_term_string\"}],\"inLanguage\":\"es\"},{\"@type\":\"Person\",\"@id\":\"https:\/\/laprensacristiana.com\/#\/schema\/person\/3e7d82c6bfd6b1fa67010f8f7cd5256e\",\"name\":\"EDITOR\",\"image\":{\"@type\":\"ImageObject\",\"inLanguage\":\"es\",\"@id\":\"https:\/\/laprensacristiana.com\/#\/schema\/person\/image\/\",\"url\":\"https:\/\/secure.gravatar.com\/avatar\/72069dfb6c13772d9e8381e3638666d2?s=96&d=mm&r=g\",\"contentUrl\":\"https:\/\/secure.gravatar.com\/avatar\/72069dfb6c13772d9e8381e3638666d2?s=96&d=mm&r=g\",\"caption\":\"EDITOR\"},\"url\":\"https:\/\/laprensacristiana.com\/?author=3\"}]}<\/script>\n<!-- \/ Yoast SEO plugin. -->","yoast_head_json":{"title":"Impaciencia - La Prensa Cristiana","robots":{"index":"index","follow":"follow","max-snippet":"max-snippet:-1","max-image-preview":"max-image-preview:large","max-video-preview":"max-video-preview:-1"},"canonical":"https:\/\/laprensacristiana.com\/?p=10375","og_locale":"es_ES","og_type":"article","og_title":"Impaciencia - La Prensa Cristiana","og_description":"Rut 1:3-5 \u201cY muri\u00f3 Elimelec, marido de Noem\u00ed, y qued\u00f3 ella con sus dos hijos\u2026 Murieron tambi\u00e9n los dos, Mahl\u00f3n y Queli\u00f3n, y la mujer qued\u00f3 privada de sus dos hijos y de su marido\u201d La Biblia tiene un poder asombroso para sintetizar las historias. En dos versos resume la tragedia in\u00e9dita de una mujer [&hellip;]","og_url":"https:\/\/laprensacristiana.com\/?p=10375","og_site_name":"La Prensa Cristiana","article_published_time":"2020-10-07T21:48:41+00:00","article_modified_time":"2020-10-07T21:48:43+00:00","og_image":[{"width":1280,"height":714,"url":"https:\/\/laprensacristiana.com\/wp-content\/uploads\/2020\/01\/2017-11-23-PHOTO-00003245-1.jpg","type":"image\/jpeg"}],"author":"EDITOR","twitter_card":"summary_large_image","twitter_misc":{"Escrito por":"EDITOR","Tiempo de lectura":"2 minutos"},"schema":{"@context":"https:\/\/schema.org","@graph":[{"@type":"WebPage","@id":"https:\/\/laprensacristiana.com\/?p=10375","url":"https:\/\/laprensacristiana.com\/?p=10375","name":"Impaciencia - La Prensa Cristiana","isPartOf":{"@id":"https:\/\/laprensacristiana.com\/#website"},"datePublished":"2020-10-07T21:48:41+00:00","dateModified":"2020-10-07T21:48:43+00:00","author":{"@id":"https:\/\/laprensacristiana.com\/#\/schema\/person\/3e7d82c6bfd6b1fa67010f8f7cd5256e"},"breadcrumb":{"@id":"https:\/\/laprensacristiana.com\/?p=10375#breadcrumb"},"inLanguage":"es","potentialAction":[{"@type":"ReadAction","target":["https:\/\/laprensacristiana.com\/?p=10375"]}]},{"@type":"BreadcrumbList","@id":"https:\/\/laprensacristiana.com\/?p=10375#breadcrumb","itemListElement":[{"@type":"ListItem","position":1,"name":"Portada","item":"https:\/\/laprensacristiana.com\/"},{"@type":"ListItem","position":2,"name":"Impaciencia"}]},{"@type":"WebSite","@id":"https:\/\/laprensacristiana.com\/#website","url":"https:\/\/laprensacristiana.com\/","name":"La Prensa Cristiana","description":"Anunciando Las Buenas Nuevas","potentialAction":[{"@type":"SearchAction","target":{"@type":"EntryPoint","urlTemplate":"https:\/\/laprensacristiana.com\/?s={search_term_string}"},"query-input":"required name=search_term_string"}],"inLanguage":"es"},{"@type":"Person","@id":"https:\/\/laprensacristiana.com\/#\/schema\/person\/3e7d82c6bfd6b1fa67010f8f7cd5256e","name":"EDITOR","image":{"@type":"ImageObject","inLanguage":"es","@id":"https:\/\/laprensacristiana.com\/#\/schema\/person\/image\/","url":"https:\/\/secure.gravatar.com\/avatar\/72069dfb6c13772d9e8381e3638666d2?s=96&d=mm&r=g","contentUrl":"https:\/\/secure.gravatar.com\/avatar\/72069dfb6c13772d9e8381e3638666d2?s=96&d=mm&r=g","caption":"EDITOR"},"url":"https:\/\/laprensacristiana.com\/?author=3"}]}},"_links":{"self":[{"href":"https:\/\/laprensacristiana.com\/index.php?rest_route=\/wp\/v2\/posts\/10375"}],"collection":[{"href":"https:\/\/laprensacristiana.com\/index.php?rest_route=\/wp\/v2\/posts"}],"about":[{"href":"https:\/\/laprensacristiana.com\/index.php?rest_route=\/wp\/v2\/types\/post"}],"author":[{"embeddable":true,"href":"https:\/\/laprensacristiana.com\/index.php?rest_route=\/wp\/v2\/users\/3"}],"replies":[{"embeddable":true,"href":"https:\/\/laprensacristiana.com\/index.php?rest_route=%2Fwp%2Fv2%2Fcomments&post=10375"}],"version-history":[{"count":1,"href":"https:\/\/laprensacristiana.com\/index.php?rest_route=\/wp\/v2\/posts\/10375\/revisions"}],"predecessor-version":[{"id":10376,"href":"https:\/\/laprensacristiana.com\/index.php?rest_route=\/wp\/v2\/posts\/10375\/revisions\/10376"}],"wp:featuredmedia":[{"embeddable":true,"href":"https:\/\/laprensacristiana.com\/index.php?rest_route=\/wp\/v2\/media\/7949"}],"wp:attachment":[{"href":"https:\/\/laprensacristiana.com\/index.php?rest_route=%2Fwp%2Fv2%2Fmedia&parent=10375"}],"wp:term":[{"taxonomy":"category","embeddable":true,"href":"https:\/\/laprensacristiana.com\/index.php?rest_route=%2Fwp%2Fv2%2Fcategories&post=10375"},{"taxonomy":"post_tag","embeddable":true,"href":"https:\/\/laprensacristiana.com\/index.php?rest_route=%2Fwp%2Fv2%2Ftags&post=10375"}],"curies":[{"name":"wp","href":"https:\/\/api.w.org\/{rel}","templated":true}]}}