{"id":10384,"date":"2020-10-09T00:22:55","date_gmt":"2020-10-09T00:22:55","guid":{"rendered":"https:\/\/laprensacristiana.com\/?p=10384"},"modified":"2020-10-09T00:22:57","modified_gmt":"2020-10-09T00:22:57","slug":"asamblea-legislativa-realiza-minuto-de-silencio-por-pastores-fallecidos-por-covid-19","status":"publish","type":"post","link":"https:\/\/laprensacristiana.com\/?p=10384","title":{"rendered":"Asamblea Legislativa realiza minuto de silencio por pastores fallecidos por Covid-19"},"content":{"rendered":"\n<p>El dia de hoy durante la plenaria realizada por la Asamblea Legislativa se tom\u00f3 un minuto de silencio para conmemorar a los pastores fallecidos a causa de Covid-19.<\/p>\n\n\n\n<p>La iniciativa fue impulsada por la Union de Iglesias Cristianas Salvadore\u00f1as (UNICSAL) dirigida por el pastor Edwin Guzm\u00e1n, en compa\u00f1ia del pastor Eleazar Aguilar de la Oficina para la Asistencia de las Iglesias de Soyapango (OAPLIS). La mocion fue presentada por el diputado Jose Andr\u00e9s Hernandez.<\/p>\n\n\n\n<p>\u00abA los pastores que fallecieron sirviendo a sus comunidades hasta el ultimo aliento; no pudimos despedirlos como se lo merec\u00edan,&nbsp; nos toc\u00f3 llorarlos en nuestras habitaciones,&nbsp; no pudimos depositar una ofrenda floral,&nbsp; no pudimos abrazar a sus hu\u00e9rfanos y a sus viudas, fallecieron como verdaderos h\u00e9roes de la fe,&nbsp; de la patria y de sus comunidades\u00bb expres\u00f3 el pastor Eleazar Aguilar.<\/p>\n\n\n\n<figure class=\"wp-block-image size-large\"><img decoding=\"async\" loading=\"lazy\" width=\"720\" height=\"540\" src=\"https:\/\/laprensacristiana.com\/wp-content\/uploads\/2020\/10\/IMG-20201008-WA0024.jpg\" alt=\"\" class=\"wp-image-10385\" srcset=\"https:\/\/laprensacristiana.com\/wp-content\/uploads\/2020\/10\/IMG-20201008-WA0024.jpg 720w, https:\/\/laprensacristiana.com\/wp-content\/uploads\/2020\/10\/IMG-20201008-WA0024-300x225.jpg 300w, https:\/\/laprensacristiana.com\/wp-content\/uploads\/2020\/10\/IMG-20201008-WA0024-696x522.jpg 696w, https:\/\/laprensacristiana.com\/wp-content\/uploads\/2020\/10\/IMG-20201008-WA0024-600x450.jpg 600w\" sizes=\"(max-width: 720px) 100vw, 720px\" \/><figcaption>De izquierda a derecha: Pastor Eleazar Aguilar, pastor Edwin Guzman, diputado Jose Andres Hern\u00e1ndez. <\/figcaption><\/figure>\n","protected":false},"excerpt":{"rendered":"<p>El dia de hoy durante la plenaria realizada por la Asamblea Legislativa se tom\u00f3 un minuto de silencio para conmemorar a los pastores fallecidos a causa de Covid-19. La iniciativa fue impulsada por la Union de Iglesias Cristianas Salvadore\u00f1as (UNICSAL) dirigida por el pastor Edwin Guzm\u00e1n, en compa\u00f1ia del pastor Eleazar Aguilar de la Oficina [&hellip;]<\/p>\n","protected":false},"author":3,"featured_media":10386,"comment_status":"open","ping_status":"open","sticky":false,"template":"","format":"standard","meta":[],"categories":[56],"tags":[],"yoast_head":"<!-- This site is optimized with the Yoast SEO plugin v20.8 - https:\/\/yoast.com\/wordpress\/plugins\/seo\/ -->\n<title>Asamblea Legislativa realiza minuto de silencio por pastores fallecidos por Covid-19 - La Prensa Cristiana<\/title>\n<meta name=\"robots\" content=\"index, follow, max-snippet:-1, max-image-preview:large, max-video-preview:-1\" \/>\n<link rel=\"canonical\" href=\"https:\/\/laprensacristiana.com\/?p=10384\" \/>\n<meta property=\"og:locale\" content=\"es_ES\" \/>\n<meta property=\"og:type\" content=\"article\" \/>\n<meta property=\"og:title\" content=\"Asamblea Legislativa realiza minuto de silencio por pastores fallecidos por Covid-19 - La Prensa Cristiana\" \/>\n<meta property=\"og:description\" content=\"El dia de hoy durante la plenaria realizada por la Asamblea Legislativa se tom\u00f3 un minuto de silencio para conmemorar a los pastores fallecidos a causa de Covid-19. La iniciativa fue impulsada por la Union de Iglesias Cristianas Salvadore\u00f1as (UNICSAL) dirigida por el pastor Edwin Guzm\u00e1n, en compa\u00f1ia del pastor Eleazar Aguilar de la Oficina [&hellip;]\" \/>\n<meta property=\"og:url\" content=\"https:\/\/laprensacristiana.com\/?p=10384\" \/>\n<meta property=\"og:site_name\" content=\"La Prensa Cristiana\" \/>\n<meta property=\"article:published_time\" content=\"2020-10-09T00:22:55+00:00\" \/>\n<meta property=\"article:modified_time\" content=\"2020-10-09T00:22:57+00:00\" \/>\n<meta property=\"og:image\" content=\"https:\/\/laprensacristiana.com\/wp-content\/uploads\/2020\/10\/IMG-20201008-WA0023.jpg\" \/>\n\t<meta property=\"og:image:width\" content=\"721\" \/>\n\t<meta property=\"og:image:height\" content=\"296\" \/>\n\t<meta property=\"og:image:type\" content=\"image\/jpeg\" \/>\n<meta name=\"author\" content=\"EDITOR\" \/>\n<meta name=\"twitter:card\" content=\"summary_large_image\" \/>\n<meta name=\"twitter:label1\" content=\"Escrito por\" \/>\n\t<meta name=\"twitter:data1\" content=\"EDITOR\" \/>\n\t<meta name=\"twitter:label2\" content=\"Tiempo de lectura\" \/>\n\t<meta name=\"twitter:data2\" content=\"1 minuto\" \/>\n<script type=\"application\/ld+json\" class=\"yoast-schema-graph\">{\"@context\":\"https:\/\/schema.org\",\"@graph\":[{\"@type\":\"WebPage\",\"@id\":\"https:\/\/laprensacristiana.com\/?p=10384\",\"url\":\"https:\/\/laprensacristiana.com\/?p=10384\",\"name\":\"Asamblea Legislativa realiza minuto de silencio por pastores fallecidos por Covid-19 - La Prensa Cristiana\",\"isPartOf\":{\"@id\":\"https:\/\/laprensacristiana.com\/#website\"},\"datePublished\":\"2020-10-09T00:22:55+00:00\",\"dateModified\":\"2020-10-09T00:22:57+00:00\",\"author\":{\"@id\":\"https:\/\/laprensacristiana.com\/#\/schema\/person\/3e7d82c6bfd6b1fa67010f8f7cd5256e\"},\"breadcrumb\":{\"@id\":\"https:\/\/laprensacristiana.com\/?p=10384#breadcrumb\"},\"inLanguage\":\"es\",\"potentialAction\":[{\"@type\":\"ReadAction\",\"target\":[\"https:\/\/laprensacristiana.com\/?p=10384\"]}]},{\"@type\":\"BreadcrumbList\",\"@id\":\"https:\/\/laprensacristiana.com\/?p=10384#breadcrumb\",\"itemListElement\":[{\"@type\":\"ListItem\",\"position\":1,\"name\":\"Portada\",\"item\":\"https:\/\/laprensacristiana.com\/\"},{\"@type\":\"ListItem\",\"position\":2,\"name\":\"Asamblea Legislativa realiza minuto de silencio por pastores fallecidos por Covid-19\"}]},{\"@type\":\"WebSite\",\"@id\":\"https:\/\/laprensacristiana.com\/#website\",\"url\":\"https:\/\/laprensacristiana.com\/\",\"name\":\"La Prensa Cristiana\",\"description\":\"Anunciando Las Buenas Nuevas\",\"potentialAction\":[{\"@type\":\"SearchAction\",\"target\":{\"@type\":\"EntryPoint\",\"urlTemplate\":\"https:\/\/laprensacristiana.com\/?s={search_term_string}\"},\"query-input\":\"required name=search_term_string\"}],\"inLanguage\":\"es\"},{\"@type\":\"Person\",\"@id\":\"https:\/\/laprensacristiana.com\/#\/schema\/person\/3e7d82c6bfd6b1fa67010f8f7cd5256e\",\"name\":\"EDITOR\",\"image\":{\"@type\":\"ImageObject\",\"inLanguage\":\"es\",\"@id\":\"https:\/\/laprensacristiana.com\/#\/schema\/person\/image\/\",\"url\":\"https:\/\/secure.gravatar.com\/avatar\/72069dfb6c13772d9e8381e3638666d2?s=96&d=mm&r=g\",\"contentUrl\":\"https:\/\/secure.gravatar.com\/avatar\/72069dfb6c13772d9e8381e3638666d2?s=96&d=mm&r=g\",\"caption\":\"EDITOR\"},\"url\":\"https:\/\/laprensacristiana.com\/?author=3\"}]}<\/script>\n<!-- \/ Yoast SEO plugin. -->","yoast_head_json":{"title":"Asamblea Legislativa realiza minuto de silencio por pastores fallecidos por Covid-19 - La Prensa Cristiana","robots":{"index":"index","follow":"follow","max-snippet":"max-snippet:-1","max-image-preview":"max-image-preview:large","max-video-preview":"max-video-preview:-1"},"canonical":"https:\/\/laprensacristiana.com\/?p=10384","og_locale":"es_ES","og_type":"article","og_title":"Asamblea Legislativa realiza minuto de silencio por pastores fallecidos por Covid-19 - La Prensa Cristiana","og_description":"El dia de hoy durante la plenaria realizada por la Asamblea Legislativa se tom\u00f3 un minuto de silencio para conmemorar a los pastores fallecidos a causa de Covid-19. La iniciativa fue impulsada por la Union de Iglesias Cristianas Salvadore\u00f1as (UNICSAL) dirigida por el pastor Edwin Guzm\u00e1n, en compa\u00f1ia del pastor Eleazar Aguilar de la Oficina [&hellip;]","og_url":"https:\/\/laprensacristiana.com\/?p=10384","og_site_name":"La Prensa Cristiana","article_published_time":"2020-10-09T00:22:55+00:00","article_modified_time":"2020-10-09T00:22:57+00:00","og_image":[{"width":721,"height":296,"url":"https:\/\/laprensacristiana.com\/wp-content\/uploads\/2020\/10\/IMG-20201008-WA0023.jpg","type":"image\/jpeg"}],"author":"EDITOR","twitter_card":"summary_large_image","twitter_misc":{"Escrito por":"EDITOR","Tiempo de lectura":"1 minuto"},"schema":{"@context":"https:\/\/schema.org","@graph":[{"@type":"WebPage","@id":"https:\/\/laprensacristiana.com\/?p=10384","url":"https:\/\/laprensacristiana.com\/?p=10384","name":"Asamblea Legislativa realiza minuto de silencio por pastores fallecidos por Covid-19 - La Prensa Cristiana","isPartOf":{"@id":"https:\/\/laprensacristiana.com\/#website"},"datePublished":"2020-10-09T00:22:55+00:00","dateModified":"2020-10-09T00:22:57+00:00","author":{"@id":"https:\/\/laprensacristiana.com\/#\/schema\/person\/3e7d82c6bfd6b1fa67010f8f7cd5256e"},"breadcrumb":{"@id":"https:\/\/laprensacristiana.com\/?p=10384#breadcrumb"},"inLanguage":"es","potentialAction":[{"@type":"ReadAction","target":["https:\/\/laprensacristiana.com\/?p=10384"]}]},{"@type":"BreadcrumbList","@id":"https:\/\/laprensacristiana.com\/?p=10384#breadcrumb","itemListElement":[{"@type":"ListItem","position":1,"name":"Portada","item":"https:\/\/laprensacristiana.com\/"},{"@type":"ListItem","position":2,"name":"Asamblea Legislativa realiza minuto de silencio por pastores fallecidos por Covid-19"}]},{"@type":"WebSite","@id":"https:\/\/laprensacristiana.com\/#website","url":"https:\/\/laprensacristiana.com\/","name":"La Prensa Cristiana","description":"Anunciando Las Buenas Nuevas","potentialAction":[{"@type":"SearchAction","target":{"@type":"EntryPoint","urlTemplate":"https:\/\/laprensacristiana.com\/?s={search_term_string}"},"query-input":"required name=search_term_string"}],"inLanguage":"es"},{"@type":"Person","@id":"https:\/\/laprensacristiana.com\/#\/schema\/person\/3e7d82c6bfd6b1fa67010f8f7cd5256e","name":"EDITOR","image":{"@type":"ImageObject","inLanguage":"es","@id":"https:\/\/laprensacristiana.com\/#\/schema\/person\/image\/","url":"https:\/\/secure.gravatar.com\/avatar\/72069dfb6c13772d9e8381e3638666d2?s=96&d=mm&r=g","contentUrl":"https:\/\/secure.gravatar.com\/avatar\/72069dfb6c13772d9e8381e3638666d2?s=96&d=mm&r=g","caption":"EDITOR"},"url":"https:\/\/laprensacristiana.com\/?author=3"}]}},"_links":{"self":[{"href":"https:\/\/laprensacristiana.com\/index.php?rest_route=\/wp\/v2\/posts\/10384"}],"collection":[{"href":"https:\/\/laprensacristiana.com\/index.php?rest_route=\/wp\/v2\/posts"}],"about":[{"href":"https:\/\/laprensacristiana.com\/index.php?rest_route=\/wp\/v2\/types\/post"}],"author":[{"embeddable":true,"href":"https:\/\/laprensacristiana.com\/index.php?rest_route=\/wp\/v2\/users\/3"}],"replies":[{"embeddable":true,"href":"https:\/\/laprensacristiana.com\/index.php?rest_route=%2Fwp%2Fv2%2Fcomments&post=10384"}],"version-history":[{"count":1,"href":"https:\/\/laprensacristiana.com\/index.php?rest_route=\/wp\/v2\/posts\/10384\/revisions"}],"predecessor-version":[{"id":10387,"href":"https:\/\/laprensacristiana.com\/index.php?rest_route=\/wp\/v2\/posts\/10384\/revisions\/10387"}],"wp:featuredmedia":[{"embeddable":true,"href":"https:\/\/laprensacristiana.com\/index.php?rest_route=\/wp\/v2\/media\/10386"}],"wp:attachment":[{"href":"https:\/\/laprensacristiana.com\/index.php?rest_route=%2Fwp%2Fv2%2Fmedia&parent=10384"}],"wp:term":[{"taxonomy":"category","embeddable":true,"href":"https:\/\/laprensacristiana.com\/index.php?rest_route=%2Fwp%2Fv2%2Fcategories&post=10384"},{"taxonomy":"post_tag","embeddable":true,"href":"https:\/\/laprensacristiana.com\/index.php?rest_route=%2Fwp%2Fv2%2Ftags&post=10384"}],"curies":[{"name":"wp","href":"https:\/\/api.w.org\/{rel}","templated":true}]}}