{"id":10390,"date":"2020-10-09T15:41:01","date_gmt":"2020-10-09T15:41:01","guid":{"rendered":"https:\/\/laprensacristiana.com\/?p=10390"},"modified":"2020-10-09T15:41:02","modified_gmt":"2020-10-09T15:41:02","slug":"la-iglesia","status":"publish","type":"post","link":"https:\/\/laprensacristiana.com\/?p=10390","title":{"rendered":"La iglesia"},"content":{"rendered":"\n<p>Lucas 22:42 \u201cPadre, si es tu voluntad\u2026\u201d<\/p>\n\n\n\n<p>Bueno, las cosas est\u00e1n mejorando. Cada d\u00eca hay menos contagiados, menos muertos y parece que todo est\u00e1 volviendo a la normalidad. Los negocios est\u00e1n abriendo sus puertas. Las empresas est\u00e1n volviendo a recibir a sus empleados, las oficinas nuevamente est\u00e1n limpiando sus escritorios y los vendedores est\u00e1n regresando a las calles. Ah, y las iglesias tambi\u00e9n est\u00e1n abriendo.<\/p>\n\n\n\n<p>\u00bfLas iglesias est\u00e1n abriendo tambi\u00e9n? \u00bfO sea que la Iglesia estuvo cerrada todo este tiempo?<br>Y entonces, \u00bfqu\u00e9 hicimos mientras nuestro local estuvo cerrado? Porque a mi entender, la Iglesia que tenemos el privilegio de pastorear con mi esposa, nunca estuvo \u201ccerrada\u201d. La Iglesia estuvo en sus hogares, viviendo lo que se ha aprendido durante 25 a\u00f1os continuos. Viviendo la fe que hemos aprendido a practicar, la santidad que se nos ha exigido, la alta moral que ri\u00f1e con la del mundo. La Iglesia ha permanecido oculta en sus cuatro paredes en donde las esposas tuvieron la bendici\u00f3n de compartir con sus esposos, sus hijos y sus familias m\u00e0s cercanas. Lo que estuvo cerrado fue el edificio, mis amigos, pero no la iglesia. Porque Iglesia es un Cuerpo. Y aunque no haya edificio donde albergar el Cuerpo, este sigue siendo lo que es. A menos, claro est\u00e1, que usted haya equivocado los t\u00e9rminos y haya dejado de orar, de practicar la fe, de compartir el pan, de enviar uno que otro mensaje de aliento a alguien, que haya dejado de enviar sus ofrendas para cumplir sus deberes cristianos, que haya dejado de practicar sus desaf\u00edos espirituales. O sus ejercicios de fe.<\/p>\n\n\n\n<p>Disculpe, pero si usted dej\u00f3 de hacer lo que ten\u00eda que hacer mientras el edificio estuvo cerrado porque pens\u00f2 que al \u201cregresar a la iglesia\u201d voy a recomenzar, mmmm, o no le hemos ense\u00f1ado bien o usted no ha aprendido bien.<\/p>\n\n\n\n<p>La Iglesia nunca se cerro, mis queridos lectores. Lo que estuvo cerrado fue el edificio donde se re\u00fane la Iglesia, as\u00ed, con may\u00fasculas. Porque la Iglesia somos aquellos que hemos cre\u00eddo en Jesus, que tratamos de honrarlo, obedecerlo y apartarnos para \u00c8l. Los que comprendimos que el vestido es una cosa y el Cuerpo es otra. Eso fue lo que pidi\u00f3 Jesus aquella noche en el Huerto: Padre, voy a dejar este mundo, pero no dejare a los que est\u00e1n en el mundo. Entonces, \u00bfva usted a \u201cregresar\u201d a la iglesia o al edificio? \u00bfLa pandemia los hizo abandonar la Iglesia? Lo lamento por ustedes. Los amo, pero lo lamento. No es as\u00ed la cosa.<\/p>\n","protected":false},"excerpt":{"rendered":"<p>Lucas 22:42 \u201cPadre, si es tu voluntad\u2026\u201d Bueno, las cosas est\u00e1n mejorando. Cada d\u00eca hay menos contagiados, menos muertos y parece que todo est\u00e1 volviendo a la normalidad. Los negocios est\u00e1n abriendo sus puertas. Las empresas est\u00e1n volviendo a recibir a sus empleados, las oficinas nuevamente est\u00e1n limpiando sus escritorios y los vendedores est\u00e1n regresando [&hellip;]<\/p>\n","protected":false},"author":3,"featured_media":7949,"comment_status":"open","ping_status":"open","sticky":false,"template":"","format":"standard","meta":[],"categories":[36],"tags":[],"yoast_head":"<!-- This site is optimized with the Yoast SEO plugin v20.8 - https:\/\/yoast.com\/wordpress\/plugins\/seo\/ -->\n<title>La iglesia - La Prensa Cristiana<\/title>\n<meta name=\"robots\" content=\"index, follow, max-snippet:-1, max-image-preview:large, max-video-preview:-1\" \/>\n<link rel=\"canonical\" href=\"https:\/\/laprensacristiana.com\/?p=10390\" \/>\n<meta property=\"og:locale\" content=\"es_ES\" \/>\n<meta property=\"og:type\" content=\"article\" \/>\n<meta property=\"og:title\" content=\"La iglesia - La Prensa Cristiana\" \/>\n<meta property=\"og:description\" content=\"Lucas 22:42 \u201cPadre, si es tu voluntad\u2026\u201d Bueno, las cosas est\u00e1n mejorando. Cada d\u00eca hay menos contagiados, menos muertos y parece que todo est\u00e1 volviendo a la normalidad. Los negocios est\u00e1n abriendo sus puertas. Las empresas est\u00e1n volviendo a recibir a sus empleados, las oficinas nuevamente est\u00e1n limpiando sus escritorios y los vendedores est\u00e1n regresando [&hellip;]\" \/>\n<meta property=\"og:url\" content=\"https:\/\/laprensacristiana.com\/?p=10390\" \/>\n<meta property=\"og:site_name\" content=\"La Prensa Cristiana\" \/>\n<meta property=\"article:published_time\" content=\"2020-10-09T15:41:01+00:00\" \/>\n<meta property=\"article:modified_time\" content=\"2020-10-09T15:41:02+00:00\" \/>\n<meta property=\"og:image\" content=\"https:\/\/laprensacristiana.com\/wp-content\/uploads\/2020\/01\/2017-11-23-PHOTO-00003245-1.jpg\" \/>\n\t<meta property=\"og:image:width\" content=\"1280\" \/>\n\t<meta property=\"og:image:height\" content=\"714\" \/>\n\t<meta property=\"og:image:type\" content=\"image\/jpeg\" \/>\n<meta name=\"author\" content=\"EDITOR\" \/>\n<meta name=\"twitter:card\" content=\"summary_large_image\" \/>\n<meta name=\"twitter:label1\" content=\"Escrito por\" \/>\n\t<meta name=\"twitter:data1\" content=\"EDITOR\" \/>\n\t<meta name=\"twitter:label2\" content=\"Tiempo de lectura\" \/>\n\t<meta name=\"twitter:data2\" content=\"2 minutos\" \/>\n<script type=\"application\/ld+json\" class=\"yoast-schema-graph\">{\"@context\":\"https:\/\/schema.org\",\"@graph\":[{\"@type\":\"WebPage\",\"@id\":\"https:\/\/laprensacristiana.com\/?p=10390\",\"url\":\"https:\/\/laprensacristiana.com\/?p=10390\",\"name\":\"La iglesia - La Prensa Cristiana\",\"isPartOf\":{\"@id\":\"https:\/\/laprensacristiana.com\/#website\"},\"datePublished\":\"2020-10-09T15:41:01+00:00\",\"dateModified\":\"2020-10-09T15:41:02+00:00\",\"author\":{\"@id\":\"https:\/\/laprensacristiana.com\/#\/schema\/person\/3e7d82c6bfd6b1fa67010f8f7cd5256e\"},\"breadcrumb\":{\"@id\":\"https:\/\/laprensacristiana.com\/?p=10390#breadcrumb\"},\"inLanguage\":\"es\",\"potentialAction\":[{\"@type\":\"ReadAction\",\"target\":[\"https:\/\/laprensacristiana.com\/?p=10390\"]}]},{\"@type\":\"BreadcrumbList\",\"@id\":\"https:\/\/laprensacristiana.com\/?p=10390#breadcrumb\",\"itemListElement\":[{\"@type\":\"ListItem\",\"position\":1,\"name\":\"Portada\",\"item\":\"https:\/\/laprensacristiana.com\/\"},{\"@type\":\"ListItem\",\"position\":2,\"name\":\"La iglesia\"}]},{\"@type\":\"WebSite\",\"@id\":\"https:\/\/laprensacristiana.com\/#website\",\"url\":\"https:\/\/laprensacristiana.com\/\",\"name\":\"La Prensa Cristiana\",\"description\":\"Anunciando Las Buenas Nuevas\",\"potentialAction\":[{\"@type\":\"SearchAction\",\"target\":{\"@type\":\"EntryPoint\",\"urlTemplate\":\"https:\/\/laprensacristiana.com\/?s={search_term_string}\"},\"query-input\":\"required name=search_term_string\"}],\"inLanguage\":\"es\"},{\"@type\":\"Person\",\"@id\":\"https:\/\/laprensacristiana.com\/#\/schema\/person\/3e7d82c6bfd6b1fa67010f8f7cd5256e\",\"name\":\"EDITOR\",\"image\":{\"@type\":\"ImageObject\",\"inLanguage\":\"es\",\"@id\":\"https:\/\/laprensacristiana.com\/#\/schema\/person\/image\/\",\"url\":\"https:\/\/secure.gravatar.com\/avatar\/72069dfb6c13772d9e8381e3638666d2?s=96&d=mm&r=g\",\"contentUrl\":\"https:\/\/secure.gravatar.com\/avatar\/72069dfb6c13772d9e8381e3638666d2?s=96&d=mm&r=g\",\"caption\":\"EDITOR\"},\"url\":\"https:\/\/laprensacristiana.com\/?author=3\"}]}<\/script>\n<!-- \/ Yoast SEO plugin. -->","yoast_head_json":{"title":"La iglesia - La Prensa Cristiana","robots":{"index":"index","follow":"follow","max-snippet":"max-snippet:-1","max-image-preview":"max-image-preview:large","max-video-preview":"max-video-preview:-1"},"canonical":"https:\/\/laprensacristiana.com\/?p=10390","og_locale":"es_ES","og_type":"article","og_title":"La iglesia - La Prensa Cristiana","og_description":"Lucas 22:42 \u201cPadre, si es tu voluntad\u2026\u201d Bueno, las cosas est\u00e1n mejorando. Cada d\u00eca hay menos contagiados, menos muertos y parece que todo est\u00e1 volviendo a la normalidad. Los negocios est\u00e1n abriendo sus puertas. Las empresas est\u00e1n volviendo a recibir a sus empleados, las oficinas nuevamente est\u00e1n limpiando sus escritorios y los vendedores est\u00e1n regresando [&hellip;]","og_url":"https:\/\/laprensacristiana.com\/?p=10390","og_site_name":"La Prensa Cristiana","article_published_time":"2020-10-09T15:41:01+00:00","article_modified_time":"2020-10-09T15:41:02+00:00","og_image":[{"width":1280,"height":714,"url":"https:\/\/laprensacristiana.com\/wp-content\/uploads\/2020\/01\/2017-11-23-PHOTO-00003245-1.jpg","type":"image\/jpeg"}],"author":"EDITOR","twitter_card":"summary_large_image","twitter_misc":{"Escrito por":"EDITOR","Tiempo de lectura":"2 minutos"},"schema":{"@context":"https:\/\/schema.org","@graph":[{"@type":"WebPage","@id":"https:\/\/laprensacristiana.com\/?p=10390","url":"https:\/\/laprensacristiana.com\/?p=10390","name":"La iglesia - La Prensa Cristiana","isPartOf":{"@id":"https:\/\/laprensacristiana.com\/#website"},"datePublished":"2020-10-09T15:41:01+00:00","dateModified":"2020-10-09T15:41:02+00:00","author":{"@id":"https:\/\/laprensacristiana.com\/#\/schema\/person\/3e7d82c6bfd6b1fa67010f8f7cd5256e"},"breadcrumb":{"@id":"https:\/\/laprensacristiana.com\/?p=10390#breadcrumb"},"inLanguage":"es","potentialAction":[{"@type":"ReadAction","target":["https:\/\/laprensacristiana.com\/?p=10390"]}]},{"@type":"BreadcrumbList","@id":"https:\/\/laprensacristiana.com\/?p=10390#breadcrumb","itemListElement":[{"@type":"ListItem","position":1,"name":"Portada","item":"https:\/\/laprensacristiana.com\/"},{"@type":"ListItem","position":2,"name":"La iglesia"}]},{"@type":"WebSite","@id":"https:\/\/laprensacristiana.com\/#website","url":"https:\/\/laprensacristiana.com\/","name":"La Prensa Cristiana","description":"Anunciando Las Buenas Nuevas","potentialAction":[{"@type":"SearchAction","target":{"@type":"EntryPoint","urlTemplate":"https:\/\/laprensacristiana.com\/?s={search_term_string}"},"query-input":"required name=search_term_string"}],"inLanguage":"es"},{"@type":"Person","@id":"https:\/\/laprensacristiana.com\/#\/schema\/person\/3e7d82c6bfd6b1fa67010f8f7cd5256e","name":"EDITOR","image":{"@type":"ImageObject","inLanguage":"es","@id":"https:\/\/laprensacristiana.com\/#\/schema\/person\/image\/","url":"https:\/\/secure.gravatar.com\/avatar\/72069dfb6c13772d9e8381e3638666d2?s=96&d=mm&r=g","contentUrl":"https:\/\/secure.gravatar.com\/avatar\/72069dfb6c13772d9e8381e3638666d2?s=96&d=mm&r=g","caption":"EDITOR"},"url":"https:\/\/laprensacristiana.com\/?author=3"}]}},"_links":{"self":[{"href":"https:\/\/laprensacristiana.com\/index.php?rest_route=\/wp\/v2\/posts\/10390"}],"collection":[{"href":"https:\/\/laprensacristiana.com\/index.php?rest_route=\/wp\/v2\/posts"}],"about":[{"href":"https:\/\/laprensacristiana.com\/index.php?rest_route=\/wp\/v2\/types\/post"}],"author":[{"embeddable":true,"href":"https:\/\/laprensacristiana.com\/index.php?rest_route=\/wp\/v2\/users\/3"}],"replies":[{"embeddable":true,"href":"https:\/\/laprensacristiana.com\/index.php?rest_route=%2Fwp%2Fv2%2Fcomments&post=10390"}],"version-history":[{"count":1,"href":"https:\/\/laprensacristiana.com\/index.php?rest_route=\/wp\/v2\/posts\/10390\/revisions"}],"predecessor-version":[{"id":10391,"href":"https:\/\/laprensacristiana.com\/index.php?rest_route=\/wp\/v2\/posts\/10390\/revisions\/10391"}],"wp:featuredmedia":[{"embeddable":true,"href":"https:\/\/laprensacristiana.com\/index.php?rest_route=\/wp\/v2\/media\/7949"}],"wp:attachment":[{"href":"https:\/\/laprensacristiana.com\/index.php?rest_route=%2Fwp%2Fv2%2Fmedia&parent=10390"}],"wp:term":[{"taxonomy":"category","embeddable":true,"href":"https:\/\/laprensacristiana.com\/index.php?rest_route=%2Fwp%2Fv2%2Fcategories&post=10390"},{"taxonomy":"post_tag","embeddable":true,"href":"https:\/\/laprensacristiana.com\/index.php?rest_route=%2Fwp%2Fv2%2Ftags&post=10390"}],"curies":[{"name":"wp","href":"https:\/\/api.w.org\/{rel}","templated":true}]}}