{"id":10395,"date":"2020-10-09T17:25:13","date_gmt":"2020-10-09T17:25:13","guid":{"rendered":"https:\/\/laprensacristiana.com\/?p=10395"},"modified":"2020-10-09T17:25:14","modified_gmt":"2020-10-09T17:25:14","slug":"la-alianza-iglesia-estado","status":"publish","type":"post","link":"https:\/\/laprensacristiana.com\/?p=10395","title":{"rendered":"La alianza Iglesia-Estado"},"content":{"rendered":"\n<p>Las religiones siempre han estado ligadas a los intereses de los gobernantes terrenales en todo el mundo. Religiones tan antiguas como la de los pueblos caldeos y asirios han marcado fuertemente las culturas y han heredado suficientes elementos arqueol\u00f3gicos para poder comprobar su influencia.Los griegos y los romanos tambi\u00e9n fueron influenciados grandemente por las religiones que ellos mismos inventaron.<br>El cristianismo no ha sido la excepci\u00f3n. La gran apostas\u00eda del siglo IV, dio inicio al triste sincretismo entre el poder del imperio romano y el evangelio que hasta esa \u00e9poca se hab\u00eda mantenido puro, a causa de la persecuci\u00f3n que oblig\u00f3 a una unidad cristiana como nunca m\u00e1s se volvi\u00f3 a ver en la historia de la iglesia.<br>Pero el modelo demostr\u00f3 que la alianza iglesia estado robustece grandemente al estado, pero debilita grandemente a la iglesia porque no le deja opci\u00f3n m\u00e1s que ser instrumento de los poderosos a cambio de beneficios monetarios. Eso es lo que la Biblia llama la Gran Ramera, porque equivale a la mujer que se vende por dinero.<br>Hubo otra \u00e9poca en la que la iglesia de Roma cumpli\u00f3 con ese triste oficio y fue en tiempos de Carlomagno,en el a\u00f1o 800 cuando el papa romano viaj\u00f3 hasta la sede del emperador en Aquisgran, Alemania, para coronar al monarca y asegurar de \u00e9l la protecci\u00f3n de los nacientes estados pontificios que eran el inter\u00e9s verdadero del papa y no el cuidado de las almas.<br>Hacemos menci\u00f3n de este hecho hist\u00f3rico porque marc\u00f3 el comienzo del Sacro Imperio Romano Germ\u00e1nico, de gran significado para el origen de las naciones europeas, pero tambi\u00e9n del comienzo de una de las etapas m\u00e1s corruptas del papado. Los pr\u00f3ximos dos siglos fueron de un avance, lento quiz\u00e1, pero avance en materia de desarrollo social e intelectual en plena Edad Media o Edad oscura como se le conoce.<br>La oscuridad vino por causa de la prostitucion de la iglesia romana, que ya ni siquiera escond\u00eda sus esc\u00e1ndalos llenos de inmoralidad, codicia y falsa doctrina. Nuestro amado Salvador nos ense\u00f1\u00f3 que no se puede servir a dos se\u00f1ores. Y la verdadera iglesia cristiana se reconoce por su fidelidad s\u00f3lo a Cristo, aunque eso signifique enemistad con el mundo y su gobernante. Cuando el cristianismo reconocido es puro, limpio, sin contaminaci\u00f3n es cuando puede ser luz del mundo y sal de la tierra. Pero el falso cristianismo trae oscuridad, pobreza moral y material, adem\u00e1s de ense\u00f1ar un camino equivocado al cielo.<br>La Biblia ense\u00f1a que todo aquel que quiera ser amigo del mundo, se constituye en enemigo de Dios. El falso cristianismo fortalece al mundo, del que se supone enemigo. La Historia nos deja ense\u00f1anzas claras de c\u00f3mo la falsa religi\u00f3n cristiana, no s\u00f3lo la romana, sino la incontable cantidad de sectas, fortalecen al mundo y se oponen al avance del bendito Evangelio de Jesucristo. Permitiendo que el mundo llame cristianos a quienes no lo son y evitando que el nombre del Se\u00f1or sea honrado por el mal testimonio de los falsos creyentes.<br>Hemos llegado al tiempo final de la Historia, y la verdadera iglesia hoy debe reconocer que el enga\u00f1o est\u00e1 abiertamente ofrecido por muchos que dicen servir a Dios. Necesitamos un correcto entendimiento de la obra del Esp\u00edritu Santo para que no seamos enga\u00f1ados, El Esp\u00edritu Santo es Dios y \u00c9l es el \u00fanico que nos guiar\u00e1 a la verdad. La Iglesia no necesita hacer alianzas con pol\u00edticos, gobernantes o poderosos de la tierra. Cristo es la \u00fanica cabeza de la Iglesia, y el camino que \u00c9l indique es el \u00fanico correcto, aunque lo veamos muy angosto.<br>Qu\u00e9 Dios nos ayude a evitar coqueteos con los gobernantes de turno.<\/p>\n","protected":false},"excerpt":{"rendered":"<p>Las religiones siempre han estado ligadas a los intereses de los gobernantes terrenales en todo el mundo. Religiones tan antiguas como la de los pueblos caldeos y asirios han marcado fuertemente las culturas y han heredado suficientes elementos arqueol\u00f3gicos para poder comprobar su influencia.Los griegos y los romanos tambi\u00e9n fueron influenciados grandemente por las religiones [&hellip;]<\/p>\n","protected":false},"author":3,"featured_media":7743,"comment_status":"open","ping_status":"open","sticky":false,"template":"","format":"standard","meta":[],"categories":[69],"tags":[],"yoast_head":"<!-- This site is optimized with the Yoast SEO plugin v20.8 - https:\/\/yoast.com\/wordpress\/plugins\/seo\/ -->\n<title>La alianza Iglesia-Estado - La Prensa Cristiana<\/title>\n<meta name=\"robots\" content=\"index, follow, max-snippet:-1, max-image-preview:large, max-video-preview:-1\" \/>\n<link rel=\"canonical\" href=\"https:\/\/laprensacristiana.com\/?p=10395\" \/>\n<meta property=\"og:locale\" content=\"es_ES\" \/>\n<meta property=\"og:type\" content=\"article\" \/>\n<meta property=\"og:title\" content=\"La alianza Iglesia-Estado - La Prensa Cristiana\" \/>\n<meta property=\"og:description\" content=\"Las religiones siempre han estado ligadas a los intereses de los gobernantes terrenales en todo el mundo. Religiones tan antiguas como la de los pueblos caldeos y asirios han marcado fuertemente las culturas y han heredado suficientes elementos arqueol\u00f3gicos para poder comprobar su influencia.Los griegos y los romanos tambi\u00e9n fueron influenciados grandemente por las religiones [&hellip;]\" \/>\n<meta property=\"og:url\" content=\"https:\/\/laprensacristiana.com\/?p=10395\" \/>\n<meta property=\"og:site_name\" content=\"La Prensa Cristiana\" \/>\n<meta property=\"article:published_time\" content=\"2020-10-09T17:25:13+00:00\" \/>\n<meta property=\"article:modified_time\" content=\"2020-10-09T17:25:14+00:00\" \/>\n<meta property=\"og:image\" content=\"https:\/\/laprensacristiana.com\/wp-content\/uploads\/2020\/01\/WhatsApp-Image-2019-08-21-at-10.53.02.jpeg\" \/>\n\t<meta property=\"og:image:width\" content=\"1280\" \/>\n\t<meta property=\"og:image:height\" content=\"647\" \/>\n\t<meta property=\"og:image:type\" content=\"image\/jpeg\" \/>\n<meta name=\"author\" content=\"EDITOR\" \/>\n<meta name=\"twitter:card\" content=\"summary_large_image\" \/>\n<meta name=\"twitter:label1\" content=\"Escrito por\" \/>\n\t<meta name=\"twitter:data1\" content=\"EDITOR\" \/>\n\t<meta name=\"twitter:label2\" content=\"Tiempo de lectura\" \/>\n\t<meta name=\"twitter:data2\" content=\"3 minutos\" \/>\n<script type=\"application\/ld+json\" class=\"yoast-schema-graph\">{\"@context\":\"https:\/\/schema.org\",\"@graph\":[{\"@type\":\"WebPage\",\"@id\":\"https:\/\/laprensacristiana.com\/?p=10395\",\"url\":\"https:\/\/laprensacristiana.com\/?p=10395\",\"name\":\"La alianza Iglesia-Estado - La Prensa Cristiana\",\"isPartOf\":{\"@id\":\"https:\/\/laprensacristiana.com\/#website\"},\"datePublished\":\"2020-10-09T17:25:13+00:00\",\"dateModified\":\"2020-10-09T17:25:14+00:00\",\"author\":{\"@id\":\"https:\/\/laprensacristiana.com\/#\/schema\/person\/3e7d82c6bfd6b1fa67010f8f7cd5256e\"},\"breadcrumb\":{\"@id\":\"https:\/\/laprensacristiana.com\/?p=10395#breadcrumb\"},\"inLanguage\":\"es\",\"potentialAction\":[{\"@type\":\"ReadAction\",\"target\":[\"https:\/\/laprensacristiana.com\/?p=10395\"]}]},{\"@type\":\"BreadcrumbList\",\"@id\":\"https:\/\/laprensacristiana.com\/?p=10395#breadcrumb\",\"itemListElement\":[{\"@type\":\"ListItem\",\"position\":1,\"name\":\"Portada\",\"item\":\"https:\/\/laprensacristiana.com\/\"},{\"@type\":\"ListItem\",\"position\":2,\"name\":\"La alianza Iglesia-Estado\"}]},{\"@type\":\"WebSite\",\"@id\":\"https:\/\/laprensacristiana.com\/#website\",\"url\":\"https:\/\/laprensacristiana.com\/\",\"name\":\"La Prensa Cristiana\",\"description\":\"Anunciando Las Buenas Nuevas\",\"potentialAction\":[{\"@type\":\"SearchAction\",\"target\":{\"@type\":\"EntryPoint\",\"urlTemplate\":\"https:\/\/laprensacristiana.com\/?s={search_term_string}\"},\"query-input\":\"required name=search_term_string\"}],\"inLanguage\":\"es\"},{\"@type\":\"Person\",\"@id\":\"https:\/\/laprensacristiana.com\/#\/schema\/person\/3e7d82c6bfd6b1fa67010f8f7cd5256e\",\"name\":\"EDITOR\",\"image\":{\"@type\":\"ImageObject\",\"inLanguage\":\"es\",\"@id\":\"https:\/\/laprensacristiana.com\/#\/schema\/person\/image\/\",\"url\":\"https:\/\/secure.gravatar.com\/avatar\/72069dfb6c13772d9e8381e3638666d2?s=96&d=mm&r=g\",\"contentUrl\":\"https:\/\/secure.gravatar.com\/avatar\/72069dfb6c13772d9e8381e3638666d2?s=96&d=mm&r=g\",\"caption\":\"EDITOR\"},\"url\":\"https:\/\/laprensacristiana.com\/?author=3\"}]}<\/script>\n<!-- \/ Yoast SEO plugin. -->","yoast_head_json":{"title":"La alianza Iglesia-Estado - La Prensa Cristiana","robots":{"index":"index","follow":"follow","max-snippet":"max-snippet:-1","max-image-preview":"max-image-preview:large","max-video-preview":"max-video-preview:-1"},"canonical":"https:\/\/laprensacristiana.com\/?p=10395","og_locale":"es_ES","og_type":"article","og_title":"La alianza Iglesia-Estado - La Prensa Cristiana","og_description":"Las religiones siempre han estado ligadas a los intereses de los gobernantes terrenales en todo el mundo. Religiones tan antiguas como la de los pueblos caldeos y asirios han marcado fuertemente las culturas y han heredado suficientes elementos arqueol\u00f3gicos para poder comprobar su influencia.Los griegos y los romanos tambi\u00e9n fueron influenciados grandemente por las religiones [&hellip;]","og_url":"https:\/\/laprensacristiana.com\/?p=10395","og_site_name":"La Prensa Cristiana","article_published_time":"2020-10-09T17:25:13+00:00","article_modified_time":"2020-10-09T17:25:14+00:00","og_image":[{"width":1280,"height":647,"url":"https:\/\/laprensacristiana.com\/wp-content\/uploads\/2020\/01\/WhatsApp-Image-2019-08-21-at-10.53.02.jpeg","type":"image\/jpeg"}],"author":"EDITOR","twitter_card":"summary_large_image","twitter_misc":{"Escrito por":"EDITOR","Tiempo de lectura":"3 minutos"},"schema":{"@context":"https:\/\/schema.org","@graph":[{"@type":"WebPage","@id":"https:\/\/laprensacristiana.com\/?p=10395","url":"https:\/\/laprensacristiana.com\/?p=10395","name":"La alianza Iglesia-Estado - La Prensa Cristiana","isPartOf":{"@id":"https:\/\/laprensacristiana.com\/#website"},"datePublished":"2020-10-09T17:25:13+00:00","dateModified":"2020-10-09T17:25:14+00:00","author":{"@id":"https:\/\/laprensacristiana.com\/#\/schema\/person\/3e7d82c6bfd6b1fa67010f8f7cd5256e"},"breadcrumb":{"@id":"https:\/\/laprensacristiana.com\/?p=10395#breadcrumb"},"inLanguage":"es","potentialAction":[{"@type":"ReadAction","target":["https:\/\/laprensacristiana.com\/?p=10395"]}]},{"@type":"BreadcrumbList","@id":"https:\/\/laprensacristiana.com\/?p=10395#breadcrumb","itemListElement":[{"@type":"ListItem","position":1,"name":"Portada","item":"https:\/\/laprensacristiana.com\/"},{"@type":"ListItem","position":2,"name":"La alianza Iglesia-Estado"}]},{"@type":"WebSite","@id":"https:\/\/laprensacristiana.com\/#website","url":"https:\/\/laprensacristiana.com\/","name":"La Prensa Cristiana","description":"Anunciando Las Buenas Nuevas","potentialAction":[{"@type":"SearchAction","target":{"@type":"EntryPoint","urlTemplate":"https:\/\/laprensacristiana.com\/?s={search_term_string}"},"query-input":"required name=search_term_string"}],"inLanguage":"es"},{"@type":"Person","@id":"https:\/\/laprensacristiana.com\/#\/schema\/person\/3e7d82c6bfd6b1fa67010f8f7cd5256e","name":"EDITOR","image":{"@type":"ImageObject","inLanguage":"es","@id":"https:\/\/laprensacristiana.com\/#\/schema\/person\/image\/","url":"https:\/\/secure.gravatar.com\/avatar\/72069dfb6c13772d9e8381e3638666d2?s=96&d=mm&r=g","contentUrl":"https:\/\/secure.gravatar.com\/avatar\/72069dfb6c13772d9e8381e3638666d2?s=96&d=mm&r=g","caption":"EDITOR"},"url":"https:\/\/laprensacristiana.com\/?author=3"}]}},"_links":{"self":[{"href":"https:\/\/laprensacristiana.com\/index.php?rest_route=\/wp\/v2\/posts\/10395"}],"collection":[{"href":"https:\/\/laprensacristiana.com\/index.php?rest_route=\/wp\/v2\/posts"}],"about":[{"href":"https:\/\/laprensacristiana.com\/index.php?rest_route=\/wp\/v2\/types\/post"}],"author":[{"embeddable":true,"href":"https:\/\/laprensacristiana.com\/index.php?rest_route=\/wp\/v2\/users\/3"}],"replies":[{"embeddable":true,"href":"https:\/\/laprensacristiana.com\/index.php?rest_route=%2Fwp%2Fv2%2Fcomments&post=10395"}],"version-history":[{"count":1,"href":"https:\/\/laprensacristiana.com\/index.php?rest_route=\/wp\/v2\/posts\/10395\/revisions"}],"predecessor-version":[{"id":10396,"href":"https:\/\/laprensacristiana.com\/index.php?rest_route=\/wp\/v2\/posts\/10395\/revisions\/10396"}],"wp:featuredmedia":[{"embeddable":true,"href":"https:\/\/laprensacristiana.com\/index.php?rest_route=\/wp\/v2\/media\/7743"}],"wp:attachment":[{"href":"https:\/\/laprensacristiana.com\/index.php?rest_route=%2Fwp%2Fv2%2Fmedia&parent=10395"}],"wp:term":[{"taxonomy":"category","embeddable":true,"href":"https:\/\/laprensacristiana.com\/index.php?rest_route=%2Fwp%2Fv2%2Fcategories&post=10395"},{"taxonomy":"post_tag","embeddable":true,"href":"https:\/\/laprensacristiana.com\/index.php?rest_route=%2Fwp%2Fv2%2Ftags&post=10395"}],"curies":[{"name":"wp","href":"https:\/\/api.w.org\/{rel}","templated":true}]}}