{"id":10401,"date":"2020-10-12T16:03:50","date_gmt":"2020-10-12T16:03:50","guid":{"rendered":"https:\/\/laprensacristiana.com\/?p=10401"},"modified":"2020-10-12T16:03:51","modified_gmt":"2020-10-12T16:03:51","slug":"los-cristianos-y-la-politica-ii","status":"publish","type":"post","link":"https:\/\/laprensacristiana.com\/?p=10401","title":{"rendered":"Los cristianos y la pol\u00edtica (II)"},"content":{"rendered":"\n<p>Por: Mario Vega \/ Pastor General de Misi\u00f3n Cristiana Elim <\/p>\n\n\n\n<p>La incidencia pol\u00edtica de los cristianos, y sobre todo de la iglesia, es esencialmente no partidaria porque se basa en los principios del reinado de Dios, tal como se exponen en las Escrituras. Siendo Dios soberano, su reinado es absoluto y exhaustivo; de manera que sus propuestas no pueden ser contenidas plenamente en ning\u00fan programa de ning\u00fan partido pol\u00edtico. Lo que puede suceder es que un partido pol\u00edtico se acerque o se aleje de sus principios, pero nunca podr\u00e1 incluirlos completamente. La palabra partido, que viene del lat\u00edn \u00abpart\u00efre\u00bb, expresa una divisi\u00f3n de la totalidad. Por el contrario, el reino de Dios es abarcador de la totalidad y, por eso, es una propuesta antit\u00e9tica a la naturaleza de los partidos pol\u00edticos. Esa oposici\u00f3n fundamental es la que el cristiano no debe perder de vista bajo pena de ser infiel a la causa que Jes\u00fas encarn\u00f3.<\/p>\n\n\n\n<p>Algunos de los elementos b\u00e1sicos del reino de Dios que son aplicables a la acci\u00f3n social son: En primer lugar, el hecho de que el ser humano ha sido creado a imagen y semejanza de Dios, lo que le dota de una dignidad intr\u00ednseca e inalienable. En defensa de la persona humana la iglesia asume, por ejemplo, la defensa de los derechos humanos, tal como fueron expresados en su Convenci\u00f3n Universal; y la coloca por arriba de cualquier otro inter\u00e9s. En segundo lugar y como resultado de lo anterior, reconocer el car\u00e1cter sagrado de la vida que se traduce en una identificaci\u00f3n con todo tipo de esfuerzo para la mitigaci\u00f3n de la violencia y la abolici\u00f3n de las armas. En tercer lugar, la naturaleza como creaci\u00f3n de Dios y, en consecuencia, la mayordom\u00eda de la creaci\u00f3n entregada especialmente a su iglesia. Raz\u00f3n suficiente para asumir el cuidado de los ecosistemas y la lucha en contra del calentamiento global. Una lucha que no debe limitarse a aspectos simples como barrer las calles o reciclar corcholatas sino incidir en las fuerzas econ\u00f3micas que subyacen la depredaci\u00f3n ambiental. Eso implica habilidad de cabildeo, construcci\u00f3n de alianzas estrat\u00e9gicas, conocimiento docto y audacia. Es decir, pol\u00edtica de la buena. En cuarto lugar, los hijos de Dios son pacificadores y tambi\u00e9n llamados \u00abembajadores de la reconciliaci\u00f3n\u00bb y, como tales, deben abogar por la paz, el di\u00e1logo, la negociaci\u00f3n y la resoluci\u00f3n pac\u00edfica de los conflictos. La iglesia propone y acompa\u00f1a la construcci\u00f3n de entendimientos para parar la guerra, la violencia homicida, la violencia estructural y toda amenaza a la vida y la persona humana. En quinto lugar, el cuidado de los pobres como mandato apost\u00f3lico. Trascendiendo el asistencialismo, debe enfocarse en la elaboraci\u00f3n de pol\u00edticas econ\u00f3micas que den respuesta a los males sist\u00e9micos que afectan a las mayor\u00edas. Eso supone, conocimiento notorio de las ciencias sociales y la capacidad de concordar esfuerzos para implementar medidas efectivas de desarrollo.<\/p>\n\n\n\n<p>Por ahora, hasta all\u00ed los ejemplos; de ellos, se puede comprender que la iglesia posee una enorme responsabilidad misionera de permear todos los \u00e1mbitos de la vida. Incluyendo la pol\u00edtica y, ella, con especial \u00e9nfasis, ya que de ella derivan los beneficios m\u00e1s inclusivos que terminar\u00e1n por dar gloria a Dios. El cristiano estar\u00e1 yendo de m\u00e1s a menos cuando su fidelidad, dedicaci\u00f3n y trabajo los ofrenda a un partido pol\u00edtico o a una ideolog\u00eda. Su primera responsabilidad debe ser hacia el reino de Dios y su justicia, y desde all\u00ed, iluminar todas las esferas de la vida, incluidas las din\u00e1micas sociales.<\/p>\n","protected":false},"excerpt":{"rendered":"<p>Por: Mario Vega \/ Pastor General de Misi\u00f3n Cristiana Elim La incidencia pol\u00edtica de los cristianos, y sobre todo de la iglesia, es esencialmente no partidaria porque se basa en los principios del reinado de Dios, tal como se exponen en las Escrituras. Siendo Dios soberano, su reinado es absoluto y exhaustivo; de manera que [&hellip;]<\/p>\n","protected":false},"author":3,"featured_media":6072,"comment_status":"open","ping_status":"open","sticky":false,"template":"","format":"standard","meta":[],"categories":[23],"tags":[],"yoast_head":"<!-- This site is optimized with the Yoast SEO plugin v20.8 - https:\/\/yoast.com\/wordpress\/plugins\/seo\/ -->\n<title>Los cristianos y la pol\u00edtica (II) - La Prensa Cristiana<\/title>\n<meta name=\"robots\" content=\"index, follow, max-snippet:-1, max-image-preview:large, max-video-preview:-1\" \/>\n<link rel=\"canonical\" href=\"https:\/\/laprensacristiana.com\/?p=10401\" \/>\n<meta property=\"og:locale\" content=\"es_ES\" \/>\n<meta property=\"og:type\" content=\"article\" \/>\n<meta property=\"og:title\" content=\"Los cristianos y la pol\u00edtica (II) - La Prensa Cristiana\" \/>\n<meta property=\"og:description\" content=\"Por: Mario Vega \/ Pastor General de Misi\u00f3n Cristiana Elim La incidencia pol\u00edtica de los cristianos, y sobre todo de la iglesia, es esencialmente no partidaria porque se basa en los principios del reinado de Dios, tal como se exponen en las Escrituras. Siendo Dios soberano, su reinado es absoluto y exhaustivo; de manera que [&hellip;]\" \/>\n<meta property=\"og:url\" content=\"https:\/\/laprensacristiana.com\/?p=10401\" \/>\n<meta property=\"og:site_name\" content=\"La Prensa Cristiana\" \/>\n<meta property=\"article:published_time\" content=\"2020-10-12T16:03:50+00:00\" \/>\n<meta property=\"article:modified_time\" content=\"2020-10-12T16:03:51+00:00\" \/>\n<meta property=\"og:image\" content=\"https:\/\/laprensacristiana.com\/wp-content\/uploads\/2019\/06\/OPINION-01-scaled.jpg\" \/>\n\t<meta property=\"og:image:width\" content=\"2560\" \/>\n\t<meta property=\"og:image:height\" content=\"1429\" \/>\n\t<meta property=\"og:image:type\" content=\"image\/jpeg\" \/>\n<meta name=\"author\" content=\"EDITOR\" \/>\n<meta name=\"twitter:card\" content=\"summary_large_image\" \/>\n<meta name=\"twitter:label1\" content=\"Escrito por\" \/>\n\t<meta name=\"twitter:data1\" content=\"EDITOR\" \/>\n\t<meta name=\"twitter:label2\" content=\"Tiempo de lectura\" \/>\n\t<meta name=\"twitter:data2\" content=\"3 minutos\" \/>\n<script type=\"application\/ld+json\" class=\"yoast-schema-graph\">{\"@context\":\"https:\/\/schema.org\",\"@graph\":[{\"@type\":\"WebPage\",\"@id\":\"https:\/\/laprensacristiana.com\/?p=10401\",\"url\":\"https:\/\/laprensacristiana.com\/?p=10401\",\"name\":\"Los cristianos y la pol\u00edtica (II) - La Prensa Cristiana\",\"isPartOf\":{\"@id\":\"https:\/\/laprensacristiana.com\/#website\"},\"datePublished\":\"2020-10-12T16:03:50+00:00\",\"dateModified\":\"2020-10-12T16:03:51+00:00\",\"author\":{\"@id\":\"https:\/\/laprensacristiana.com\/#\/schema\/person\/3e7d82c6bfd6b1fa67010f8f7cd5256e\"},\"breadcrumb\":{\"@id\":\"https:\/\/laprensacristiana.com\/?p=10401#breadcrumb\"},\"inLanguage\":\"es\",\"potentialAction\":[{\"@type\":\"ReadAction\",\"target\":[\"https:\/\/laprensacristiana.com\/?p=10401\"]}]},{\"@type\":\"BreadcrumbList\",\"@id\":\"https:\/\/laprensacristiana.com\/?p=10401#breadcrumb\",\"itemListElement\":[{\"@type\":\"ListItem\",\"position\":1,\"name\":\"Portada\",\"item\":\"https:\/\/laprensacristiana.com\/\"},{\"@type\":\"ListItem\",\"position\":2,\"name\":\"Los cristianos y la pol\u00edtica (II)\"}]},{\"@type\":\"WebSite\",\"@id\":\"https:\/\/laprensacristiana.com\/#website\",\"url\":\"https:\/\/laprensacristiana.com\/\",\"name\":\"La Prensa Cristiana\",\"description\":\"Anunciando Las Buenas Nuevas\",\"potentialAction\":[{\"@type\":\"SearchAction\",\"target\":{\"@type\":\"EntryPoint\",\"urlTemplate\":\"https:\/\/laprensacristiana.com\/?s={search_term_string}\"},\"query-input\":\"required name=search_term_string\"}],\"inLanguage\":\"es\"},{\"@type\":\"Person\",\"@id\":\"https:\/\/laprensacristiana.com\/#\/schema\/person\/3e7d82c6bfd6b1fa67010f8f7cd5256e\",\"name\":\"EDITOR\",\"image\":{\"@type\":\"ImageObject\",\"inLanguage\":\"es\",\"@id\":\"https:\/\/laprensacristiana.com\/#\/schema\/person\/image\/\",\"url\":\"https:\/\/secure.gravatar.com\/avatar\/72069dfb6c13772d9e8381e3638666d2?s=96&d=mm&r=g\",\"contentUrl\":\"https:\/\/secure.gravatar.com\/avatar\/72069dfb6c13772d9e8381e3638666d2?s=96&d=mm&r=g\",\"caption\":\"EDITOR\"},\"url\":\"https:\/\/laprensacristiana.com\/?author=3\"}]}<\/script>\n<!-- \/ Yoast SEO plugin. -->","yoast_head_json":{"title":"Los cristianos y la pol\u00edtica (II) - La Prensa Cristiana","robots":{"index":"index","follow":"follow","max-snippet":"max-snippet:-1","max-image-preview":"max-image-preview:large","max-video-preview":"max-video-preview:-1"},"canonical":"https:\/\/laprensacristiana.com\/?p=10401","og_locale":"es_ES","og_type":"article","og_title":"Los cristianos y la pol\u00edtica (II) - La Prensa Cristiana","og_description":"Por: Mario Vega \/ Pastor General de Misi\u00f3n Cristiana Elim La incidencia pol\u00edtica de los cristianos, y sobre todo de la iglesia, es esencialmente no partidaria porque se basa en los principios del reinado de Dios, tal como se exponen en las Escrituras. Siendo Dios soberano, su reinado es absoluto y exhaustivo; de manera que [&hellip;]","og_url":"https:\/\/laprensacristiana.com\/?p=10401","og_site_name":"La Prensa Cristiana","article_published_time":"2020-10-12T16:03:50+00:00","article_modified_time":"2020-10-12T16:03:51+00:00","og_image":[{"width":2560,"height":1429,"url":"https:\/\/laprensacristiana.com\/wp-content\/uploads\/2019\/06\/OPINION-01-scaled.jpg","type":"image\/jpeg"}],"author":"EDITOR","twitter_card":"summary_large_image","twitter_misc":{"Escrito por":"EDITOR","Tiempo de lectura":"3 minutos"},"schema":{"@context":"https:\/\/schema.org","@graph":[{"@type":"WebPage","@id":"https:\/\/laprensacristiana.com\/?p=10401","url":"https:\/\/laprensacristiana.com\/?p=10401","name":"Los cristianos y la pol\u00edtica (II) - La Prensa Cristiana","isPartOf":{"@id":"https:\/\/laprensacristiana.com\/#website"},"datePublished":"2020-10-12T16:03:50+00:00","dateModified":"2020-10-12T16:03:51+00:00","author":{"@id":"https:\/\/laprensacristiana.com\/#\/schema\/person\/3e7d82c6bfd6b1fa67010f8f7cd5256e"},"breadcrumb":{"@id":"https:\/\/laprensacristiana.com\/?p=10401#breadcrumb"},"inLanguage":"es","potentialAction":[{"@type":"ReadAction","target":["https:\/\/laprensacristiana.com\/?p=10401"]}]},{"@type":"BreadcrumbList","@id":"https:\/\/laprensacristiana.com\/?p=10401#breadcrumb","itemListElement":[{"@type":"ListItem","position":1,"name":"Portada","item":"https:\/\/laprensacristiana.com\/"},{"@type":"ListItem","position":2,"name":"Los cristianos y la pol\u00edtica (II)"}]},{"@type":"WebSite","@id":"https:\/\/laprensacristiana.com\/#website","url":"https:\/\/laprensacristiana.com\/","name":"La Prensa Cristiana","description":"Anunciando Las Buenas Nuevas","potentialAction":[{"@type":"SearchAction","target":{"@type":"EntryPoint","urlTemplate":"https:\/\/laprensacristiana.com\/?s={search_term_string}"},"query-input":"required name=search_term_string"}],"inLanguage":"es"},{"@type":"Person","@id":"https:\/\/laprensacristiana.com\/#\/schema\/person\/3e7d82c6bfd6b1fa67010f8f7cd5256e","name":"EDITOR","image":{"@type":"ImageObject","inLanguage":"es","@id":"https:\/\/laprensacristiana.com\/#\/schema\/person\/image\/","url":"https:\/\/secure.gravatar.com\/avatar\/72069dfb6c13772d9e8381e3638666d2?s=96&d=mm&r=g","contentUrl":"https:\/\/secure.gravatar.com\/avatar\/72069dfb6c13772d9e8381e3638666d2?s=96&d=mm&r=g","caption":"EDITOR"},"url":"https:\/\/laprensacristiana.com\/?author=3"}]}},"_links":{"self":[{"href":"https:\/\/laprensacristiana.com\/index.php?rest_route=\/wp\/v2\/posts\/10401"}],"collection":[{"href":"https:\/\/laprensacristiana.com\/index.php?rest_route=\/wp\/v2\/posts"}],"about":[{"href":"https:\/\/laprensacristiana.com\/index.php?rest_route=\/wp\/v2\/types\/post"}],"author":[{"embeddable":true,"href":"https:\/\/laprensacristiana.com\/index.php?rest_route=\/wp\/v2\/users\/3"}],"replies":[{"embeddable":true,"href":"https:\/\/laprensacristiana.com\/index.php?rest_route=%2Fwp%2Fv2%2Fcomments&post=10401"}],"version-history":[{"count":1,"href":"https:\/\/laprensacristiana.com\/index.php?rest_route=\/wp\/v2\/posts\/10401\/revisions"}],"predecessor-version":[{"id":10402,"href":"https:\/\/laprensacristiana.com\/index.php?rest_route=\/wp\/v2\/posts\/10401\/revisions\/10402"}],"wp:featuredmedia":[{"embeddable":true,"href":"https:\/\/laprensacristiana.com\/index.php?rest_route=\/wp\/v2\/media\/6072"}],"wp:attachment":[{"href":"https:\/\/laprensacristiana.com\/index.php?rest_route=%2Fwp%2Fv2%2Fmedia&parent=10401"}],"wp:term":[{"taxonomy":"category","embeddable":true,"href":"https:\/\/laprensacristiana.com\/index.php?rest_route=%2Fwp%2Fv2%2Fcategories&post=10401"},{"taxonomy":"post_tag","embeddable":true,"href":"https:\/\/laprensacristiana.com\/index.php?rest_route=%2Fwp%2Fv2%2Ftags&post=10401"}],"curies":[{"name":"wp","href":"https:\/\/api.w.org\/{rel}","templated":true}]}}