{"id":10405,"date":"2020-10-12T16:19:54","date_gmt":"2020-10-12T16:19:54","guid":{"rendered":"https:\/\/laprensacristiana.com\/?p=10405"},"modified":"2020-10-12T16:19:55","modified_gmt":"2020-10-12T16:19:55","slug":"dos-decadas-despues","status":"publish","type":"post","link":"https:\/\/laprensacristiana.com\/?p=10405","title":{"rendered":"Dos d\u00e9cadas despu\u00e9s\u2026"},"content":{"rendered":"\n<p>Nacimos el primer domingo de octubre de 1998 en la sala de una casa donde viv\u00eda (Residencial Santa Teresa, Santa Tecla), con un grupo de 7 adultos y 5 ni\u00f1os, con un poco de incertidumbre pero sabedores que Dios estaba con nosotros. Kemuel es una palabra hebrea que aparece en la biblia, cuyo significado es Levantados por Dios, y esta palabra nos ha sostenido hasta este d\u00eda, porque quien es levantado por Dios nunca va a caer.<\/p>\n\n\n\n<p>Ninguna iglesia debe sentirse una m\u00e1s, la raz\u00f3n de ser de una iglesia es ser relevante, nacimos en una etapa de inicio del nuevo siglo, cuando nuestra mayor responsabilidad era ser relevante, con un mensaje fresco, aplicado a toda persona de una manera \u00fatil, din\u00e1mica, y pr\u00e1ctica.&nbsp; Los comienzos no son faciles, debimos enfrentar muchos desaf\u00edos, el m\u00e1s grande ha sido poder trascender.<\/p>\n\n\n\n<p>Desde la apertura hemos sido respetuosos de todas las iglesias y denominaciones. Hemos sido la primera iglesia en establecernos en un hotel de manera permanente, alcanzando a personas que por ning\u00fan motivo asist\u00edan a una iglesia, pero si les agrada escuchar ense\u00f1anza o palabra desde la satisfacci\u00f3n de un hotel.&nbsp;<\/p>\n\n\n\n<p>Tuvimos la oportunidad de establecer \u201cNoches de Alabanza\u201d con m\u00e1s de 100 ediciones a trav\u00e9s de las cuales se pudo ser pioneros en la transformaci\u00f3n del pensamiento de la alabanza y adoraci\u00f3n en El Salvador, no eran eventos desarrollados con cantantes famosos solamente, sino m\u00e1s bien buscaba poder acercar a la iglesia local a una renovaci\u00f3n de la alabanza, estableciendo un antes y un despu\u00e9s, cuando la juventud asist\u00eda, apreciaba una nueva experiencia en adoraci\u00f3n y se convert\u00eda en un agente de cambio para su entorno cristiano, a trav\u00e9s del uso de ciertos instrumentos, nuevas t\u00e9cnicas musicales, y esto agrad\u00f3 a las congregaciones porque les hizo sentir una relaci\u00f3n con Dios mucho m\u00e1s intensa.<\/p>\n\n\n\n<p>M\u00e1s all\u00e1 de ser iglesia, Dios nos ha dado la oportunidad de ejecutar proyectos, como \u201cNoches de alabanza\u201d, ser herramientas para la realizaci\u00f3n de cruzadas como las del pastor Cash Luna, el evangelista Franklin Graham, el teleevangelista Benny Hinn entre otros. Jornadas de liderazgo y capacitaci\u00f3n como el proyecto \u201cUn mill\u00f3n de l\u00edderes\u201d tanto para El Salvador y para Barcelona, Espa\u00f1a durante un periodo de 3 a\u00f1os. La Cumbre Global de Liderazgo, durante los primeros 6 a\u00f1os de producci\u00f3n, COICOM, impactando a una nueva generaci\u00f3n de comunicadores y l\u00edderes cristianos. Tambi\u00e9n Dios nos ha permitido incidir en distintas leyes de la Republica, ante los \u00f3rganos de estado, aquellos temas que tienen que ver con la vida, con valores y principios, que deben inculcarse en las nuevas generaciones.<\/p>\n\n\n\n<p>Se ha establecido una congregaci\u00f3n capaz de interpretar los tiempos, \u00e1gil para reaccionar ante circunstancias de cualquier \u00edndole, todos llegan a su casa espiritual sin diferencias de ninguna naturaleza.<\/p>\n\n\n\n<p>Quiero agradecer a mi esposa Ana Guadalupe de Hasbun, mis hijos, mi mam\u00e1, mis hermanas, administrativos, liderazgo, y a cada miembro de la iglesia, porque hemos aprendido juntos a no rendirnos, a saber que por dif\u00edcil que sean los d\u00edas, vendr\u00e1n d\u00edas mejores, d\u00edas de expansi\u00f3n, d\u00edas de paz, d\u00edas de bonanza, y as\u00ed ha sido. Nunca ha sido f\u00e1cil, pero tampoco ha sido imposible, porque Dios todo lo hace posible. &nbsp;&nbsp;<\/p>\n\n\n\n<p>Siempre hacemos un llamado a respetar la sana doctrina, no prestarnos a vientos y corrientes de doctrinas nuevas que se ven bonitas, suenan bonitas, pero al final son destructivas, mantenemos una doctrina sana, Cristocentrica, respetuosa de Dios y su palabra.<\/p>\n\n\n\n<p>La bendici\u00f3n m\u00e1s grande que un ser humano puede tener es servir a Dios en la obra, el crecimiento lo da \u00c9l, uno siembra, otro riega, otro cosecha, pero el crecimiento es de Dios, todo pastor debe mantener cercan\u00eda con su congregaci\u00f3n, el distanciamiento afecta mucho, vivimos en una \u00e9poca donde la gente est\u00e1 muy necesitada de Dios, acompa\u00f1ados del consejo y la palabra del pastor. Tanto Dios nos prospere, debemos mantener la humildad y sencillez, es importante que los logros ministeriales no nos envanezcan, manteng\u00e1monos siempre al pie de la cruz.<\/p>\n","protected":false},"excerpt":{"rendered":"<p>Nacimos el primer domingo de octubre de 1998 en la sala de una casa donde viv\u00eda (Residencial Santa Teresa, Santa Tecla), con un grupo de 7 adultos y 5 ni\u00f1os, con un poco de incertidumbre pero sabedores que Dios estaba con nosotros. Kemuel es una palabra hebrea que aparece en la biblia, cuyo significado es [&hellip;]<\/p>\n","protected":false},"author":3,"featured_media":9965,"comment_status":"open","ping_status":"open","sticky":false,"template":"","format":"standard","meta":[],"categories":[23],"tags":[],"yoast_head":"<!-- This site is optimized with the Yoast SEO plugin v20.8 - https:\/\/yoast.com\/wordpress\/plugins\/seo\/ -->\n<title>Dos d\u00e9cadas despu\u00e9s\u2026 - La Prensa Cristiana<\/title>\n<meta name=\"robots\" content=\"index, follow, max-snippet:-1, max-image-preview:large, max-video-preview:-1\" \/>\n<link rel=\"canonical\" href=\"https:\/\/laprensacristiana.com\/?p=10405\" \/>\n<meta property=\"og:locale\" content=\"es_ES\" \/>\n<meta property=\"og:type\" content=\"article\" \/>\n<meta property=\"og:title\" content=\"Dos d\u00e9cadas despu\u00e9s\u2026 - La Prensa Cristiana\" \/>\n<meta property=\"og:description\" content=\"Nacimos el primer domingo de octubre de 1998 en la sala de una casa donde viv\u00eda (Residencial Santa Teresa, Santa Tecla), con un grupo de 7 adultos y 5 ni\u00f1os, con un poco de incertidumbre pero sabedores que Dios estaba con nosotros. Kemuel es una palabra hebrea que aparece en la biblia, cuyo significado es [&hellip;]\" \/>\n<meta property=\"og:url\" content=\"https:\/\/laprensacristiana.com\/?p=10405\" \/>\n<meta property=\"og:site_name\" content=\"La Prensa Cristiana\" \/>\n<meta property=\"article:published_time\" content=\"2020-10-12T16:19:54+00:00\" \/>\n<meta property=\"article:modified_time\" content=\"2020-10-12T16:19:55+00:00\" \/>\n<meta property=\"og:image\" content=\"https:\/\/laprensacristiana.com\/wp-content\/uploads\/2020\/08\/IMG-20200806-WA0055.jpg\" \/>\n\t<meta property=\"og:image:width\" content=\"776\" \/>\n\t<meta property=\"og:image:height\" content=\"393\" \/>\n\t<meta property=\"og:image:type\" content=\"image\/jpeg\" \/>\n<meta name=\"author\" content=\"EDITOR\" \/>\n<meta name=\"twitter:card\" content=\"summary_large_image\" \/>\n<meta name=\"twitter:label1\" content=\"Escrito por\" \/>\n\t<meta name=\"twitter:data1\" content=\"EDITOR\" \/>\n\t<meta name=\"twitter:label2\" content=\"Tiempo de lectura\" \/>\n\t<meta name=\"twitter:data2\" content=\"4 minutos\" \/>\n<script type=\"application\/ld+json\" class=\"yoast-schema-graph\">{\"@context\":\"https:\/\/schema.org\",\"@graph\":[{\"@type\":\"WebPage\",\"@id\":\"https:\/\/laprensacristiana.com\/?p=10405\",\"url\":\"https:\/\/laprensacristiana.com\/?p=10405\",\"name\":\"Dos d\u00e9cadas despu\u00e9s\u2026 - La Prensa Cristiana\",\"isPartOf\":{\"@id\":\"https:\/\/laprensacristiana.com\/#website\"},\"datePublished\":\"2020-10-12T16:19:54+00:00\",\"dateModified\":\"2020-10-12T16:19:55+00:00\",\"author\":{\"@id\":\"https:\/\/laprensacristiana.com\/#\/schema\/person\/3e7d82c6bfd6b1fa67010f8f7cd5256e\"},\"breadcrumb\":{\"@id\":\"https:\/\/laprensacristiana.com\/?p=10405#breadcrumb\"},\"inLanguage\":\"es\",\"potentialAction\":[{\"@type\":\"ReadAction\",\"target\":[\"https:\/\/laprensacristiana.com\/?p=10405\"]}]},{\"@type\":\"BreadcrumbList\",\"@id\":\"https:\/\/laprensacristiana.com\/?p=10405#breadcrumb\",\"itemListElement\":[{\"@type\":\"ListItem\",\"position\":1,\"name\":\"Portada\",\"item\":\"https:\/\/laprensacristiana.com\/\"},{\"@type\":\"ListItem\",\"position\":2,\"name\":\"Dos d\u00e9cadas despu\u00e9s\u2026\"}]},{\"@type\":\"WebSite\",\"@id\":\"https:\/\/laprensacristiana.com\/#website\",\"url\":\"https:\/\/laprensacristiana.com\/\",\"name\":\"La Prensa Cristiana\",\"description\":\"Anunciando Las Buenas Nuevas\",\"potentialAction\":[{\"@type\":\"SearchAction\",\"target\":{\"@type\":\"EntryPoint\",\"urlTemplate\":\"https:\/\/laprensacristiana.com\/?s={search_term_string}\"},\"query-input\":\"required name=search_term_string\"}],\"inLanguage\":\"es\"},{\"@type\":\"Person\",\"@id\":\"https:\/\/laprensacristiana.com\/#\/schema\/person\/3e7d82c6bfd6b1fa67010f8f7cd5256e\",\"name\":\"EDITOR\",\"image\":{\"@type\":\"ImageObject\",\"inLanguage\":\"es\",\"@id\":\"https:\/\/laprensacristiana.com\/#\/schema\/person\/image\/\",\"url\":\"https:\/\/secure.gravatar.com\/avatar\/72069dfb6c13772d9e8381e3638666d2?s=96&d=mm&r=g\",\"contentUrl\":\"https:\/\/secure.gravatar.com\/avatar\/72069dfb6c13772d9e8381e3638666d2?s=96&d=mm&r=g\",\"caption\":\"EDITOR\"},\"url\":\"https:\/\/laprensacristiana.com\/?author=3\"}]}<\/script>\n<!-- \/ Yoast SEO plugin. -->","yoast_head_json":{"title":"Dos d\u00e9cadas despu\u00e9s\u2026 - La Prensa Cristiana","robots":{"index":"index","follow":"follow","max-snippet":"max-snippet:-1","max-image-preview":"max-image-preview:large","max-video-preview":"max-video-preview:-1"},"canonical":"https:\/\/laprensacristiana.com\/?p=10405","og_locale":"es_ES","og_type":"article","og_title":"Dos d\u00e9cadas despu\u00e9s\u2026 - La Prensa Cristiana","og_description":"Nacimos el primer domingo de octubre de 1998 en la sala de una casa donde viv\u00eda (Residencial Santa Teresa, Santa Tecla), con un grupo de 7 adultos y 5 ni\u00f1os, con un poco de incertidumbre pero sabedores que Dios estaba con nosotros. Kemuel es una palabra hebrea que aparece en la biblia, cuyo significado es [&hellip;]","og_url":"https:\/\/laprensacristiana.com\/?p=10405","og_site_name":"La Prensa Cristiana","article_published_time":"2020-10-12T16:19:54+00:00","article_modified_time":"2020-10-12T16:19:55+00:00","og_image":[{"width":776,"height":393,"url":"https:\/\/laprensacristiana.com\/wp-content\/uploads\/2020\/08\/IMG-20200806-WA0055.jpg","type":"image\/jpeg"}],"author":"EDITOR","twitter_card":"summary_large_image","twitter_misc":{"Escrito por":"EDITOR","Tiempo de lectura":"4 minutos"},"schema":{"@context":"https:\/\/schema.org","@graph":[{"@type":"WebPage","@id":"https:\/\/laprensacristiana.com\/?p=10405","url":"https:\/\/laprensacristiana.com\/?p=10405","name":"Dos d\u00e9cadas despu\u00e9s\u2026 - La Prensa Cristiana","isPartOf":{"@id":"https:\/\/laprensacristiana.com\/#website"},"datePublished":"2020-10-12T16:19:54+00:00","dateModified":"2020-10-12T16:19:55+00:00","author":{"@id":"https:\/\/laprensacristiana.com\/#\/schema\/person\/3e7d82c6bfd6b1fa67010f8f7cd5256e"},"breadcrumb":{"@id":"https:\/\/laprensacristiana.com\/?p=10405#breadcrumb"},"inLanguage":"es","potentialAction":[{"@type":"ReadAction","target":["https:\/\/laprensacristiana.com\/?p=10405"]}]},{"@type":"BreadcrumbList","@id":"https:\/\/laprensacristiana.com\/?p=10405#breadcrumb","itemListElement":[{"@type":"ListItem","position":1,"name":"Portada","item":"https:\/\/laprensacristiana.com\/"},{"@type":"ListItem","position":2,"name":"Dos d\u00e9cadas despu\u00e9s\u2026"}]},{"@type":"WebSite","@id":"https:\/\/laprensacristiana.com\/#website","url":"https:\/\/laprensacristiana.com\/","name":"La Prensa Cristiana","description":"Anunciando Las Buenas Nuevas","potentialAction":[{"@type":"SearchAction","target":{"@type":"EntryPoint","urlTemplate":"https:\/\/laprensacristiana.com\/?s={search_term_string}"},"query-input":"required name=search_term_string"}],"inLanguage":"es"},{"@type":"Person","@id":"https:\/\/laprensacristiana.com\/#\/schema\/person\/3e7d82c6bfd6b1fa67010f8f7cd5256e","name":"EDITOR","image":{"@type":"ImageObject","inLanguage":"es","@id":"https:\/\/laprensacristiana.com\/#\/schema\/person\/image\/","url":"https:\/\/secure.gravatar.com\/avatar\/72069dfb6c13772d9e8381e3638666d2?s=96&d=mm&r=g","contentUrl":"https:\/\/secure.gravatar.com\/avatar\/72069dfb6c13772d9e8381e3638666d2?s=96&d=mm&r=g","caption":"EDITOR"},"url":"https:\/\/laprensacristiana.com\/?author=3"}]}},"_links":{"self":[{"href":"https:\/\/laprensacristiana.com\/index.php?rest_route=\/wp\/v2\/posts\/10405"}],"collection":[{"href":"https:\/\/laprensacristiana.com\/index.php?rest_route=\/wp\/v2\/posts"}],"about":[{"href":"https:\/\/laprensacristiana.com\/index.php?rest_route=\/wp\/v2\/types\/post"}],"author":[{"embeddable":true,"href":"https:\/\/laprensacristiana.com\/index.php?rest_route=\/wp\/v2\/users\/3"}],"replies":[{"embeddable":true,"href":"https:\/\/laprensacristiana.com\/index.php?rest_route=%2Fwp%2Fv2%2Fcomments&post=10405"}],"version-history":[{"count":1,"href":"https:\/\/laprensacristiana.com\/index.php?rest_route=\/wp\/v2\/posts\/10405\/revisions"}],"predecessor-version":[{"id":10406,"href":"https:\/\/laprensacristiana.com\/index.php?rest_route=\/wp\/v2\/posts\/10405\/revisions\/10406"}],"wp:featuredmedia":[{"embeddable":true,"href":"https:\/\/laprensacristiana.com\/index.php?rest_route=\/wp\/v2\/media\/9965"}],"wp:attachment":[{"href":"https:\/\/laprensacristiana.com\/index.php?rest_route=%2Fwp%2Fv2%2Fmedia&parent=10405"}],"wp:term":[{"taxonomy":"category","embeddable":true,"href":"https:\/\/laprensacristiana.com\/index.php?rest_route=%2Fwp%2Fv2%2Fcategories&post=10405"},{"taxonomy":"post_tag","embeddable":true,"href":"https:\/\/laprensacristiana.com\/index.php?rest_route=%2Fwp%2Fv2%2Ftags&post=10405"}],"curies":[{"name":"wp","href":"https:\/\/api.w.org\/{rel}","templated":true}]}}