{"id":10427,"date":"2020-10-16T23:20:16","date_gmt":"2020-10-16T23:20:16","guid":{"rendered":"https:\/\/laprensacristiana.com\/?p=10427"},"modified":"2020-10-16T23:20:17","modified_gmt":"2020-10-16T23:20:17","slug":"presidente-de-alianza-evangelica-diserta-sobre-erradicacion-de-violencia-contra-la-ninez","status":"publish","type":"post","link":"https:\/\/laprensacristiana.com\/?p=10427","title":{"rendered":"Presidente de Alianza Evang\u00e9lica diserta sobre erradicaci\u00f3n de violencia contra la ni\u00f1ez"},"content":{"rendered":"\n<p>Por: Alianza Evang\u00e9lica de El Salvador<\/p>\n\n\n\n<p>El presidente de Alianza Evang\u00e9lica de El Salvador, Mauricio Castell\u00f3n, form\u00f3 parte este viernes del foro \u201cRetos y estrategias para erradicar la violencia contra la ni\u00f1ez y la adolescencia a 30 a\u00f1os de la entrada en vigencia de la Convenci\u00f3n sobre los Derechos del Ni\u00f1o\u201d, organizado por World Vision El Salvador.<\/p>\n\n\n\n<p>El pastor Castell\u00f3n comparti\u00f3 la ponencia \u201cRol de las Iglesias en la protecci\u00f3n de la ni\u00f1ez\u201d en el que habl\u00f3 de la articulaci\u00f3n y el asocio dentro del cuerpo de Cristo como elementos claves para crear una cultura en la que se dignifique a la ni\u00f1ez y se erradique la violencia que sufren.<\/p>\n\n\n\n<p>\u201cHay una comunidad de Fe del 90% de poblaci\u00f3n salvadore\u00f1a y es por ello que el asocio son elementos clave para el tema de violencia de la ni\u00f1ez\u201d, manifest\u00f3 durante su ponencia.<\/p>\n\n\n\n<p>Adem\u00e1s agreg\u00f3 que la iglesia no debe solapar ning\u00fan tipo de violencia y que cada miembro debe jugar un rol activo como pacificadores, de la misma forma como llama Cristo en la Biblia.<\/p>\n\n\n\n<p>La actividad se realiz\u00f3 en el marco de los 30 a\u00f1os de la entrada en vigencia de la Convenci\u00f3n sobre los Derechos del Ni\u00f1o, y cont\u00f3 con el apoyo de entidades que velan por la protecci\u00f3n y desarrollo integral de la ni\u00f1ez en el pa\u00eds, como la Procuradur\u00eda para la Defensa de los Derechos Humanos (PDDH), representada en el procurador Apolonio Tobar, quien dio palabras alusivas durante el evento.<\/p>\n","protected":false},"excerpt":{"rendered":"<p>Por: Alianza Evang\u00e9lica de El Salvador El presidente de Alianza Evang\u00e9lica de El Salvador, Mauricio Castell\u00f3n, form\u00f3 parte este viernes del foro \u201cRetos y estrategias para erradicar la violencia contra la ni\u00f1ez y la adolescencia a 30 a\u00f1os de la entrada en vigencia de la Convenci\u00f3n sobre los Derechos del Ni\u00f1o\u201d, organizado por World Vision [&hellip;]<\/p>\n","protected":false},"author":3,"featured_media":10428,"comment_status":"open","ping_status":"open","sticky":false,"template":"","format":"standard","meta":[],"categories":[56],"tags":[],"yoast_head":"<!-- This site is optimized with the Yoast SEO plugin v20.8 - https:\/\/yoast.com\/wordpress\/plugins\/seo\/ -->\n<title>Presidente de Alianza Evang\u00e9lica diserta sobre erradicaci\u00f3n de violencia contra la ni\u00f1ez - La Prensa Cristiana<\/title>\n<meta name=\"robots\" content=\"index, follow, max-snippet:-1, max-image-preview:large, max-video-preview:-1\" \/>\n<link rel=\"canonical\" href=\"https:\/\/laprensacristiana.com\/?p=10427\" \/>\n<meta property=\"og:locale\" content=\"es_ES\" \/>\n<meta property=\"og:type\" content=\"article\" \/>\n<meta property=\"og:title\" content=\"Presidente de Alianza Evang\u00e9lica diserta sobre erradicaci\u00f3n de violencia contra la ni\u00f1ez - La Prensa Cristiana\" \/>\n<meta property=\"og:description\" content=\"Por: Alianza Evang\u00e9lica de El Salvador El presidente de Alianza Evang\u00e9lica de El Salvador, Mauricio Castell\u00f3n, form\u00f3 parte este viernes del foro \u201cRetos y estrategias para erradicar la violencia contra la ni\u00f1ez y la adolescencia a 30 a\u00f1os de la entrada en vigencia de la Convenci\u00f3n sobre los Derechos del Ni\u00f1o\u201d, organizado por World Vision [&hellip;]\" \/>\n<meta property=\"og:url\" content=\"https:\/\/laprensacristiana.com\/?p=10427\" \/>\n<meta property=\"og:site_name\" content=\"La Prensa Cristiana\" \/>\n<meta property=\"article:published_time\" content=\"2020-10-16T23:20:16+00:00\" \/>\n<meta property=\"article:modified_time\" content=\"2020-10-16T23:20:17+00:00\" \/>\n<meta property=\"og:image\" content=\"https:\/\/laprensacristiana.com\/wp-content\/uploads\/2020\/10\/IMG-20201016-WA0049.jpg\" \/>\n\t<meta property=\"og:image:width\" content=\"719\" \/>\n\t<meta property=\"og:image:height\" content=\"402\" \/>\n\t<meta property=\"og:image:type\" content=\"image\/jpeg\" \/>\n<meta name=\"author\" content=\"EDITOR\" \/>\n<meta name=\"twitter:card\" content=\"summary_large_image\" \/>\n<meta name=\"twitter:label1\" content=\"Escrito por\" \/>\n\t<meta name=\"twitter:data1\" content=\"EDITOR\" \/>\n\t<meta name=\"twitter:label2\" content=\"Tiempo de lectura\" \/>\n\t<meta name=\"twitter:data2\" content=\"1 minuto\" \/>\n<script type=\"application\/ld+json\" class=\"yoast-schema-graph\">{\"@context\":\"https:\/\/schema.org\",\"@graph\":[{\"@type\":\"WebPage\",\"@id\":\"https:\/\/laprensacristiana.com\/?p=10427\",\"url\":\"https:\/\/laprensacristiana.com\/?p=10427\",\"name\":\"Presidente de Alianza Evang\u00e9lica diserta sobre erradicaci\u00f3n de violencia contra la ni\u00f1ez - La Prensa Cristiana\",\"isPartOf\":{\"@id\":\"https:\/\/laprensacristiana.com\/#website\"},\"datePublished\":\"2020-10-16T23:20:16+00:00\",\"dateModified\":\"2020-10-16T23:20:17+00:00\",\"author\":{\"@id\":\"https:\/\/laprensacristiana.com\/#\/schema\/person\/3e7d82c6bfd6b1fa67010f8f7cd5256e\"},\"breadcrumb\":{\"@id\":\"https:\/\/laprensacristiana.com\/?p=10427#breadcrumb\"},\"inLanguage\":\"es\",\"potentialAction\":[{\"@type\":\"ReadAction\",\"target\":[\"https:\/\/laprensacristiana.com\/?p=10427\"]}]},{\"@type\":\"BreadcrumbList\",\"@id\":\"https:\/\/laprensacristiana.com\/?p=10427#breadcrumb\",\"itemListElement\":[{\"@type\":\"ListItem\",\"position\":1,\"name\":\"Portada\",\"item\":\"https:\/\/laprensacristiana.com\/\"},{\"@type\":\"ListItem\",\"position\":2,\"name\":\"Presidente de Alianza Evang\u00e9lica diserta sobre erradicaci\u00f3n de violencia contra la ni\u00f1ez\"}]},{\"@type\":\"WebSite\",\"@id\":\"https:\/\/laprensacristiana.com\/#website\",\"url\":\"https:\/\/laprensacristiana.com\/\",\"name\":\"La Prensa Cristiana\",\"description\":\"Anunciando Las Buenas Nuevas\",\"potentialAction\":[{\"@type\":\"SearchAction\",\"target\":{\"@type\":\"EntryPoint\",\"urlTemplate\":\"https:\/\/laprensacristiana.com\/?s={search_term_string}\"},\"query-input\":\"required name=search_term_string\"}],\"inLanguage\":\"es\"},{\"@type\":\"Person\",\"@id\":\"https:\/\/laprensacristiana.com\/#\/schema\/person\/3e7d82c6bfd6b1fa67010f8f7cd5256e\",\"name\":\"EDITOR\",\"image\":{\"@type\":\"ImageObject\",\"inLanguage\":\"es\",\"@id\":\"https:\/\/laprensacristiana.com\/#\/schema\/person\/image\/\",\"url\":\"https:\/\/secure.gravatar.com\/avatar\/72069dfb6c13772d9e8381e3638666d2?s=96&d=mm&r=g\",\"contentUrl\":\"https:\/\/secure.gravatar.com\/avatar\/72069dfb6c13772d9e8381e3638666d2?s=96&d=mm&r=g\",\"caption\":\"EDITOR\"},\"url\":\"https:\/\/laprensacristiana.com\/?author=3\"}]}<\/script>\n<!-- \/ Yoast SEO plugin. -->","yoast_head_json":{"title":"Presidente de Alianza Evang\u00e9lica diserta sobre erradicaci\u00f3n de violencia contra la ni\u00f1ez - La Prensa Cristiana","robots":{"index":"index","follow":"follow","max-snippet":"max-snippet:-1","max-image-preview":"max-image-preview:large","max-video-preview":"max-video-preview:-1"},"canonical":"https:\/\/laprensacristiana.com\/?p=10427","og_locale":"es_ES","og_type":"article","og_title":"Presidente de Alianza Evang\u00e9lica diserta sobre erradicaci\u00f3n de violencia contra la ni\u00f1ez - La Prensa Cristiana","og_description":"Por: Alianza Evang\u00e9lica de El Salvador El presidente de Alianza Evang\u00e9lica de El Salvador, Mauricio Castell\u00f3n, form\u00f3 parte este viernes del foro \u201cRetos y estrategias para erradicar la violencia contra la ni\u00f1ez y la adolescencia a 30 a\u00f1os de la entrada en vigencia de la Convenci\u00f3n sobre los Derechos del Ni\u00f1o\u201d, organizado por World Vision [&hellip;]","og_url":"https:\/\/laprensacristiana.com\/?p=10427","og_site_name":"La Prensa Cristiana","article_published_time":"2020-10-16T23:20:16+00:00","article_modified_time":"2020-10-16T23:20:17+00:00","og_image":[{"width":719,"height":402,"url":"https:\/\/laprensacristiana.com\/wp-content\/uploads\/2020\/10\/IMG-20201016-WA0049.jpg","type":"image\/jpeg"}],"author":"EDITOR","twitter_card":"summary_large_image","twitter_misc":{"Escrito por":"EDITOR","Tiempo de lectura":"1 minuto"},"schema":{"@context":"https:\/\/schema.org","@graph":[{"@type":"WebPage","@id":"https:\/\/laprensacristiana.com\/?p=10427","url":"https:\/\/laprensacristiana.com\/?p=10427","name":"Presidente de Alianza Evang\u00e9lica diserta sobre erradicaci\u00f3n de violencia contra la ni\u00f1ez - La Prensa Cristiana","isPartOf":{"@id":"https:\/\/laprensacristiana.com\/#website"},"datePublished":"2020-10-16T23:20:16+00:00","dateModified":"2020-10-16T23:20:17+00:00","author":{"@id":"https:\/\/laprensacristiana.com\/#\/schema\/person\/3e7d82c6bfd6b1fa67010f8f7cd5256e"},"breadcrumb":{"@id":"https:\/\/laprensacristiana.com\/?p=10427#breadcrumb"},"inLanguage":"es","potentialAction":[{"@type":"ReadAction","target":["https:\/\/laprensacristiana.com\/?p=10427"]}]},{"@type":"BreadcrumbList","@id":"https:\/\/laprensacristiana.com\/?p=10427#breadcrumb","itemListElement":[{"@type":"ListItem","position":1,"name":"Portada","item":"https:\/\/laprensacristiana.com\/"},{"@type":"ListItem","position":2,"name":"Presidente de Alianza Evang\u00e9lica diserta sobre erradicaci\u00f3n de violencia contra la ni\u00f1ez"}]},{"@type":"WebSite","@id":"https:\/\/laprensacristiana.com\/#website","url":"https:\/\/laprensacristiana.com\/","name":"La Prensa Cristiana","description":"Anunciando Las Buenas Nuevas","potentialAction":[{"@type":"SearchAction","target":{"@type":"EntryPoint","urlTemplate":"https:\/\/laprensacristiana.com\/?s={search_term_string}"},"query-input":"required name=search_term_string"}],"inLanguage":"es"},{"@type":"Person","@id":"https:\/\/laprensacristiana.com\/#\/schema\/person\/3e7d82c6bfd6b1fa67010f8f7cd5256e","name":"EDITOR","image":{"@type":"ImageObject","inLanguage":"es","@id":"https:\/\/laprensacristiana.com\/#\/schema\/person\/image\/","url":"https:\/\/secure.gravatar.com\/avatar\/72069dfb6c13772d9e8381e3638666d2?s=96&d=mm&r=g","contentUrl":"https:\/\/secure.gravatar.com\/avatar\/72069dfb6c13772d9e8381e3638666d2?s=96&d=mm&r=g","caption":"EDITOR"},"url":"https:\/\/laprensacristiana.com\/?author=3"}]}},"_links":{"self":[{"href":"https:\/\/laprensacristiana.com\/index.php?rest_route=\/wp\/v2\/posts\/10427"}],"collection":[{"href":"https:\/\/laprensacristiana.com\/index.php?rest_route=\/wp\/v2\/posts"}],"about":[{"href":"https:\/\/laprensacristiana.com\/index.php?rest_route=\/wp\/v2\/types\/post"}],"author":[{"embeddable":true,"href":"https:\/\/laprensacristiana.com\/index.php?rest_route=\/wp\/v2\/users\/3"}],"replies":[{"embeddable":true,"href":"https:\/\/laprensacristiana.com\/index.php?rest_route=%2Fwp%2Fv2%2Fcomments&post=10427"}],"version-history":[{"count":1,"href":"https:\/\/laprensacristiana.com\/index.php?rest_route=\/wp\/v2\/posts\/10427\/revisions"}],"predecessor-version":[{"id":10429,"href":"https:\/\/laprensacristiana.com\/index.php?rest_route=\/wp\/v2\/posts\/10427\/revisions\/10429"}],"wp:featuredmedia":[{"embeddable":true,"href":"https:\/\/laprensacristiana.com\/index.php?rest_route=\/wp\/v2\/media\/10428"}],"wp:attachment":[{"href":"https:\/\/laprensacristiana.com\/index.php?rest_route=%2Fwp%2Fv2%2Fmedia&parent=10427"}],"wp:term":[{"taxonomy":"category","embeddable":true,"href":"https:\/\/laprensacristiana.com\/index.php?rest_route=%2Fwp%2Fv2%2Fcategories&post=10427"},{"taxonomy":"post_tag","embeddable":true,"href":"https:\/\/laprensacristiana.com\/index.php?rest_route=%2Fwp%2Fv2%2Ftags&post=10427"}],"curies":[{"name":"wp","href":"https:\/\/api.w.org\/{rel}","templated":true}]}}