{"id":10438,"date":"2020-10-20T03:47:11","date_gmt":"2020-10-20T03:47:11","guid":{"rendered":"https:\/\/laprensacristiana.com\/?p=10438"},"modified":"2020-10-20T03:50:59","modified_gmt":"2020-10-20T03:50:59","slug":"tiempo-de-renuevo","status":"publish","type":"post","link":"https:\/\/laprensacristiana.com\/?p=10438","title":{"rendered":"Tiempo de renuevo"},"content":{"rendered":"\n<p>Muchas veces puede parecer que la juventud no est\u00e1 lista, pero, tarde o temprano ingresa en un tiempo de criterio l\u00f3gico, creo que la generaci\u00f3n milenial y centenial est\u00e1 preparada para enfrentar los desaf\u00edos presentes, sus principios y valores han sido bien fundamentados por sus pastores y sus lideres.<br>Las nuevas generaciones han tenido que romper paradigmas, esquemas e ideas preconcebidas, la interpretaci\u00f3n del yo es completamente diferente a como generaciones anteriores la visualizaban, \u201cIphone\u201d, \u201cIwach\u201d, teniendo que reformar el sentido de la personalidad y la distancia, siendo m\u00e1s aislados, algo que tenemos que aprender a respetar, en su agenda no est\u00e1n los eventos masivos, disfrutan m\u00e1s su tel\u00e9fono inteligente que las relaciones interpersonales.La forma de ser relevantes para nosotros estaba anclada a un concierto o una cruzada evangelistica, mientras que para ellos est\u00e1 vinculada a las redes sociales.<br>Es fundamental que completemos la tarea, preparando sucesores para un efectivo relevo, los lideres tenemos la responsabilidad de tener a nuestro alrededor 2 o 3 personas a quienes podamos discipular de manera directa.<br>Aportes de nuestra generaci\u00f3n:<\/p>\n\n\n\n<ol><li>La labor evangelizadora: es todo un legado pasando de ser un 3% a m\u00e1s de un 50% de poblaci\u00f3n cristiana evang\u00e9lica salvadore\u00f1a.<\/li><li>La ruptura de brechas sociales: tomando relevancia el evangelio en todos las \u00e1reas de la sociedad, estrechando la cultura, la historia, la pol\u00edtica, el arte, convirti\u00e9ndose el evangelio en una expresi\u00f3n social.<\/li><li>El derecho a la religi\u00f3n: impensable que el derecho a profesar una fe pudiera convertirse en un derecho humano b\u00e1sico, concebido y protegido.<\/li><\/ol>\n\n\n\n<p>Retos para las nuevas generaciones:<\/p>\n\n\n\n<ol><li>Continuar con la expansi\u00f3n del evangelio: alejado de la b\u00fasqueda de popularidad y protagonismo, la expansi\u00f3n del evangelio no debe cesar para que la gran comisi\u00f3n no pierda efecto y Jesucristo sea manifestado a toda persona.<\/li><li>Hacer relevante el evangelio: as\u00ed como se uniform\u00f3 el evangelio a la sociedad en su momento, hoy les toca conectar con la generaci\u00f3n Z y Alpha, tendr\u00e1 que ser muy a su manera, pero ellos no deben pasar a ser una generaci\u00f3n que no conozca de Dios como en el periodo inicial de los jueces en el antiguo testamento donde se levant\u00f3 una generaci\u00f3n que no conoc\u00eda de Dios.<\/li><li>Sostener la pureza de las escrituras: es importante que tengan plena libertad en el manejo de aspectos lit\u00fargicos pero que no corrompan ni alteren la esencia del evangelio plasmado en las Sagradas Escrituras, teniendo libertad en la forma, sin alterar el fondo, apegados al credo trinitario que ha caracterizado a la iglesia.<\/li><li>Defender los principios y valores: ante las agendas multilaterales y el reconocimiento de nuevos valores y principios con alteraciones y modificaciones convenientes para unos en atropello para otros, se vuelve necesario que la iglesia defienda los principios y valores plasmados en el canon b\u00edblico para que no sean de manejados de manera antojadiza por nadie y puedan ser transferidos \u00edntegramente a las nuevas generaciones.<\/li><li><br>Todo l\u00edder con vigencia en la actualidad debe tener presente la importancia de acompa\u00f1ar a los nuevos liderazgos, creer en ellos, apoyarles, aunque su estrategia y su manera de operar sea distinta a la nuestra, pero ellos van a avanzar a la siguiente etapa. La iglesia no est\u00e1 muerta, no est\u00e1 agonizado, por el contrario est\u00e1 m\u00e1s fuerte que nunca, debemos respetar las marcadas diferencias de operar entre una y otra generaci\u00f3n, Juan el bautista mencion\u00f3 que es necesario que yo mengue para que \u00c9l crezca, y eso sigue estando hoy m\u00e1s que nunca en la madera del pensamiento espiritual, m\u00e1s que hacer que ellos piensen como nosotros, nos toca acompa\u00f1arlos y apoyarlos en sus pensamientos. Creo firmemente que este pensamiento dar\u00e1 paso a el m\u00e1s grande avivamiento en la historia de la cristiandad hasta que Cristo venga.<\/li><\/ol>\n","protected":false},"excerpt":{"rendered":"<p>Muchas veces puede parecer que la juventud no est\u00e1 lista, pero, tarde o temprano ingresa en un tiempo de criterio l\u00f3gico, creo que la generaci\u00f3n milenial y centenial est\u00e1 preparada para enfrentar los desaf\u00edos presentes, sus principios y valores han sido bien fundamentados por sus pastores y sus lideres.Las nuevas generaciones han tenido que romper [&hellip;]<\/p>\n","protected":false},"author":3,"featured_media":9965,"comment_status":"open","ping_status":"open","sticky":false,"template":"","format":"standard","meta":[],"categories":[23],"tags":[],"yoast_head":"<!-- This site is optimized with the Yoast SEO plugin v20.8 - https:\/\/yoast.com\/wordpress\/plugins\/seo\/ -->\n<title>Tiempo de renuevo - La Prensa Cristiana<\/title>\n<meta name=\"robots\" content=\"index, follow, max-snippet:-1, max-image-preview:large, max-video-preview:-1\" \/>\n<link rel=\"canonical\" href=\"https:\/\/laprensacristiana.com\/?p=10438\" \/>\n<meta property=\"og:locale\" content=\"es_ES\" \/>\n<meta property=\"og:type\" content=\"article\" \/>\n<meta property=\"og:title\" content=\"Tiempo de renuevo - La Prensa Cristiana\" \/>\n<meta property=\"og:description\" content=\"Muchas veces puede parecer que la juventud no est\u00e1 lista, pero, tarde o temprano ingresa en un tiempo de criterio l\u00f3gico, creo que la generaci\u00f3n milenial y centenial est\u00e1 preparada para enfrentar los desaf\u00edos presentes, sus principios y valores han sido bien fundamentados por sus pastores y sus lideres.Las nuevas generaciones han tenido que romper [&hellip;]\" \/>\n<meta property=\"og:url\" content=\"https:\/\/laprensacristiana.com\/?p=10438\" \/>\n<meta property=\"og:site_name\" content=\"La Prensa Cristiana\" \/>\n<meta property=\"article:published_time\" content=\"2020-10-20T03:47:11+00:00\" \/>\n<meta property=\"article:modified_time\" content=\"2020-10-20T03:50:59+00:00\" \/>\n<meta property=\"og:image\" content=\"https:\/\/laprensacristiana.com\/wp-content\/uploads\/2020\/08\/IMG-20200806-WA0055.jpg\" \/>\n\t<meta property=\"og:image:width\" content=\"776\" \/>\n\t<meta property=\"og:image:height\" content=\"393\" \/>\n\t<meta property=\"og:image:type\" content=\"image\/jpeg\" \/>\n<meta name=\"author\" content=\"EDITOR\" \/>\n<meta name=\"twitter:card\" content=\"summary_large_image\" \/>\n<meta name=\"twitter:label1\" content=\"Escrito por\" \/>\n\t<meta name=\"twitter:data1\" content=\"EDITOR\" \/>\n\t<meta name=\"twitter:label2\" content=\"Tiempo de lectura\" \/>\n\t<meta name=\"twitter:data2\" content=\"3 minutos\" \/>\n<script type=\"application\/ld+json\" class=\"yoast-schema-graph\">{\"@context\":\"https:\/\/schema.org\",\"@graph\":[{\"@type\":\"WebPage\",\"@id\":\"https:\/\/laprensacristiana.com\/?p=10438\",\"url\":\"https:\/\/laprensacristiana.com\/?p=10438\",\"name\":\"Tiempo de renuevo - La Prensa Cristiana\",\"isPartOf\":{\"@id\":\"https:\/\/laprensacristiana.com\/#website\"},\"datePublished\":\"2020-10-20T03:47:11+00:00\",\"dateModified\":\"2020-10-20T03:50:59+00:00\",\"author\":{\"@id\":\"https:\/\/laprensacristiana.com\/#\/schema\/person\/3e7d82c6bfd6b1fa67010f8f7cd5256e\"},\"breadcrumb\":{\"@id\":\"https:\/\/laprensacristiana.com\/?p=10438#breadcrumb\"},\"inLanguage\":\"es\",\"potentialAction\":[{\"@type\":\"ReadAction\",\"target\":[\"https:\/\/laprensacristiana.com\/?p=10438\"]}]},{\"@type\":\"BreadcrumbList\",\"@id\":\"https:\/\/laprensacristiana.com\/?p=10438#breadcrumb\",\"itemListElement\":[{\"@type\":\"ListItem\",\"position\":1,\"name\":\"Portada\",\"item\":\"https:\/\/laprensacristiana.com\/\"},{\"@type\":\"ListItem\",\"position\":2,\"name\":\"Tiempo de renuevo\"}]},{\"@type\":\"WebSite\",\"@id\":\"https:\/\/laprensacristiana.com\/#website\",\"url\":\"https:\/\/laprensacristiana.com\/\",\"name\":\"La Prensa Cristiana\",\"description\":\"Anunciando Las Buenas Nuevas\",\"potentialAction\":[{\"@type\":\"SearchAction\",\"target\":{\"@type\":\"EntryPoint\",\"urlTemplate\":\"https:\/\/laprensacristiana.com\/?s={search_term_string}\"},\"query-input\":\"required name=search_term_string\"}],\"inLanguage\":\"es\"},{\"@type\":\"Person\",\"@id\":\"https:\/\/laprensacristiana.com\/#\/schema\/person\/3e7d82c6bfd6b1fa67010f8f7cd5256e\",\"name\":\"EDITOR\",\"image\":{\"@type\":\"ImageObject\",\"inLanguage\":\"es\",\"@id\":\"https:\/\/laprensacristiana.com\/#\/schema\/person\/image\/\",\"url\":\"https:\/\/secure.gravatar.com\/avatar\/72069dfb6c13772d9e8381e3638666d2?s=96&d=mm&r=g\",\"contentUrl\":\"https:\/\/secure.gravatar.com\/avatar\/72069dfb6c13772d9e8381e3638666d2?s=96&d=mm&r=g\",\"caption\":\"EDITOR\"},\"url\":\"https:\/\/laprensacristiana.com\/?author=3\"}]}<\/script>\n<!-- \/ Yoast SEO plugin. -->","yoast_head_json":{"title":"Tiempo de renuevo - La Prensa Cristiana","robots":{"index":"index","follow":"follow","max-snippet":"max-snippet:-1","max-image-preview":"max-image-preview:large","max-video-preview":"max-video-preview:-1"},"canonical":"https:\/\/laprensacristiana.com\/?p=10438","og_locale":"es_ES","og_type":"article","og_title":"Tiempo de renuevo - La Prensa Cristiana","og_description":"Muchas veces puede parecer que la juventud no est\u00e1 lista, pero, tarde o temprano ingresa en un tiempo de criterio l\u00f3gico, creo que la generaci\u00f3n milenial y centenial est\u00e1 preparada para enfrentar los desaf\u00edos presentes, sus principios y valores han sido bien fundamentados por sus pastores y sus lideres.Las nuevas generaciones han tenido que romper [&hellip;]","og_url":"https:\/\/laprensacristiana.com\/?p=10438","og_site_name":"La Prensa Cristiana","article_published_time":"2020-10-20T03:47:11+00:00","article_modified_time":"2020-10-20T03:50:59+00:00","og_image":[{"width":776,"height":393,"url":"https:\/\/laprensacristiana.com\/wp-content\/uploads\/2020\/08\/IMG-20200806-WA0055.jpg","type":"image\/jpeg"}],"author":"EDITOR","twitter_card":"summary_large_image","twitter_misc":{"Escrito por":"EDITOR","Tiempo de lectura":"3 minutos"},"schema":{"@context":"https:\/\/schema.org","@graph":[{"@type":"WebPage","@id":"https:\/\/laprensacristiana.com\/?p=10438","url":"https:\/\/laprensacristiana.com\/?p=10438","name":"Tiempo de renuevo - La Prensa Cristiana","isPartOf":{"@id":"https:\/\/laprensacristiana.com\/#website"},"datePublished":"2020-10-20T03:47:11+00:00","dateModified":"2020-10-20T03:50:59+00:00","author":{"@id":"https:\/\/laprensacristiana.com\/#\/schema\/person\/3e7d82c6bfd6b1fa67010f8f7cd5256e"},"breadcrumb":{"@id":"https:\/\/laprensacristiana.com\/?p=10438#breadcrumb"},"inLanguage":"es","potentialAction":[{"@type":"ReadAction","target":["https:\/\/laprensacristiana.com\/?p=10438"]}]},{"@type":"BreadcrumbList","@id":"https:\/\/laprensacristiana.com\/?p=10438#breadcrumb","itemListElement":[{"@type":"ListItem","position":1,"name":"Portada","item":"https:\/\/laprensacristiana.com\/"},{"@type":"ListItem","position":2,"name":"Tiempo de renuevo"}]},{"@type":"WebSite","@id":"https:\/\/laprensacristiana.com\/#website","url":"https:\/\/laprensacristiana.com\/","name":"La Prensa Cristiana","description":"Anunciando Las Buenas Nuevas","potentialAction":[{"@type":"SearchAction","target":{"@type":"EntryPoint","urlTemplate":"https:\/\/laprensacristiana.com\/?s={search_term_string}"},"query-input":"required name=search_term_string"}],"inLanguage":"es"},{"@type":"Person","@id":"https:\/\/laprensacristiana.com\/#\/schema\/person\/3e7d82c6bfd6b1fa67010f8f7cd5256e","name":"EDITOR","image":{"@type":"ImageObject","inLanguage":"es","@id":"https:\/\/laprensacristiana.com\/#\/schema\/person\/image\/","url":"https:\/\/secure.gravatar.com\/avatar\/72069dfb6c13772d9e8381e3638666d2?s=96&d=mm&r=g","contentUrl":"https:\/\/secure.gravatar.com\/avatar\/72069dfb6c13772d9e8381e3638666d2?s=96&d=mm&r=g","caption":"EDITOR"},"url":"https:\/\/laprensacristiana.com\/?author=3"}]}},"_links":{"self":[{"href":"https:\/\/laprensacristiana.com\/index.php?rest_route=\/wp\/v2\/posts\/10438"}],"collection":[{"href":"https:\/\/laprensacristiana.com\/index.php?rest_route=\/wp\/v2\/posts"}],"about":[{"href":"https:\/\/laprensacristiana.com\/index.php?rest_route=\/wp\/v2\/types\/post"}],"author":[{"embeddable":true,"href":"https:\/\/laprensacristiana.com\/index.php?rest_route=\/wp\/v2\/users\/3"}],"replies":[{"embeddable":true,"href":"https:\/\/laprensacristiana.com\/index.php?rest_route=%2Fwp%2Fv2%2Fcomments&post=10438"}],"version-history":[{"count":1,"href":"https:\/\/laprensacristiana.com\/index.php?rest_route=\/wp\/v2\/posts\/10438\/revisions"}],"predecessor-version":[{"id":10439,"href":"https:\/\/laprensacristiana.com\/index.php?rest_route=\/wp\/v2\/posts\/10438\/revisions\/10439"}],"wp:featuredmedia":[{"embeddable":true,"href":"https:\/\/laprensacristiana.com\/index.php?rest_route=\/wp\/v2\/media\/9965"}],"wp:attachment":[{"href":"https:\/\/laprensacristiana.com\/index.php?rest_route=%2Fwp%2Fv2%2Fmedia&parent=10438"}],"wp:term":[{"taxonomy":"category","embeddable":true,"href":"https:\/\/laprensacristiana.com\/index.php?rest_route=%2Fwp%2Fv2%2Fcategories&post=10438"},{"taxonomy":"post_tag","embeddable":true,"href":"https:\/\/laprensacristiana.com\/index.php?rest_route=%2Fwp%2Fv2%2Ftags&post=10438"}],"curies":[{"name":"wp","href":"https:\/\/api.w.org\/{rel}","templated":true}]}}