{"id":10446,"date":"2020-10-21T00:59:16","date_gmt":"2020-10-21T00:59:16","guid":{"rendered":"https:\/\/laprensacristiana.com\/?p=10446"},"modified":"2020-10-21T00:59:17","modified_gmt":"2020-10-21T00:59:17","slug":"queman-2-iglesias-en-santiago-de-chile","status":"publish","type":"post","link":"https:\/\/laprensacristiana.com\/?p=10446","title":{"rendered":"Queman 2 iglesias en Santiago de Chile"},"content":{"rendered":"\n<p>Fuente: Alianza Evang\u00e9lica Latina <\/p>\n\n\n\n<p>La Alianza Evang\u00e9lica Latina repudia lo ocurrido el domingo pasado en la ciudad de Santiago de Chile donde manifestantes con hechos vand\u00e1licos terminaron incendiando dos templos cat\u00f3licos, adem\u00e1s de saquearlos y destruyendo inmuebles patrimoniales.Sin importar raza, credo o religi\u00f3n, las expresiones de brutalidad y violencia no deben ser aceptadas en ning\u00fan sentido, es por eso que rechazamos cualquier tipo de acciones que atenten contra el bien com\u00fan. Ninguna agresi\u00f3n, en cualquiera de sus tantas formas puede ser utilizada como m\u00e9todo de protesta, practica de la lucha social o como respuesta a la misma violencia.Instamos a todos los sectores de la ciudadan\u00eda en la Republica Chilena a mantener un rechazo firme ante estas acciones y a tomar las medidas necesarias para que el peso de ley castigue a los responsables.Animamos a los cristianos a mantener la paz por sobre todas las cosas, a no tomar rivalidades ni enemistades, dejando de lado las diferencias y promoviendo el amor que proviene del Se\u00f1or declarando la cita de Filipenses 4:5 \u201cQue todo el mundo se d\u00e9 cuenta que ustedes son buenos y amables. El Se\u00f1or viene pronto\u201d.Sobre lo sucedido:Al menos dos iglesias del centro de Santiago de Chile fueron quemadas este domingo tras la multitudinaria manifestaci\u00f3n que congreg\u00f3 a decenas de miles de personas para conmemorar el primer aniversario de ola de protestas, las m\u00e1s graves desde el fin de la dictadura militar.El primer santuario en arder fue la Iglesia San Francisco de Borja, usado regularmente por el cuerpo policial de Carabineros para ceremonias institucionales, y horas m\u00e1s tarde fue la Iglesia de la Asunci\u00f3n, una de las m\u00e1s antiguas de la capital, con m\u00e1s de un siglo y medio de antig\u00fcedad.Ambos templos se encuentran en los alrededores de Plaza Italia, el epicentro del llamado \u201cestallido social\u201d y que este domingo fue escenario de una de las concentraciones m\u00e1s masivas en lo que va de a\u00f1o.<\/p>\n","protected":false},"excerpt":{"rendered":"<p>Fuente: Alianza Evang\u00e9lica Latina La Alianza Evang\u00e9lica Latina repudia lo ocurrido el domingo pasado en la ciudad de Santiago de Chile donde manifestantes con hechos vand\u00e1licos terminaron incendiando dos templos cat\u00f3licos, adem\u00e1s de saquearlos y destruyendo inmuebles patrimoniales.Sin importar raza, credo o religi\u00f3n, las expresiones de brutalidad y violencia no deben ser aceptadas en ning\u00fan [&hellip;]<\/p>\n","protected":false},"author":3,"featured_media":10447,"comment_status":"open","ping_status":"open","sticky":false,"template":"","format":"standard","meta":[],"categories":[56],"tags":[],"yoast_head":"<!-- This site is optimized with the Yoast SEO plugin v20.8 - https:\/\/yoast.com\/wordpress\/plugins\/seo\/ -->\n<title>Queman 2 iglesias en Santiago de Chile - La Prensa Cristiana<\/title>\n<meta name=\"robots\" content=\"index, follow, max-snippet:-1, max-image-preview:large, max-video-preview:-1\" \/>\n<link rel=\"canonical\" href=\"https:\/\/laprensacristiana.com\/?p=10446\" \/>\n<meta property=\"og:locale\" content=\"es_ES\" \/>\n<meta property=\"og:type\" content=\"article\" \/>\n<meta property=\"og:title\" content=\"Queman 2 iglesias en Santiago de Chile - La Prensa Cristiana\" \/>\n<meta property=\"og:description\" content=\"Fuente: Alianza Evang\u00e9lica Latina La Alianza Evang\u00e9lica Latina repudia lo ocurrido el domingo pasado en la ciudad de Santiago de Chile donde manifestantes con hechos vand\u00e1licos terminaron incendiando dos templos cat\u00f3licos, adem\u00e1s de saquearlos y destruyendo inmuebles patrimoniales.Sin importar raza, credo o religi\u00f3n, las expresiones de brutalidad y violencia no deben ser aceptadas en ning\u00fan [&hellip;]\" \/>\n<meta property=\"og:url\" content=\"https:\/\/laprensacristiana.com\/?p=10446\" \/>\n<meta property=\"og:site_name\" content=\"La Prensa Cristiana\" \/>\n<meta property=\"article:published_time\" content=\"2020-10-21T00:59:16+00:00\" \/>\n<meta property=\"article:modified_time\" content=\"2020-10-21T00:59:17+00:00\" \/>\n<meta property=\"og:image\" content=\"https:\/\/laprensacristiana.com\/wp-content\/uploads\/2020\/10\/IMG-20201020-WA0056.jpg\" \/>\n\t<meta property=\"og:image:width\" content=\"633\" \/>\n\t<meta property=\"og:image:height\" content=\"350\" \/>\n\t<meta property=\"og:image:type\" content=\"image\/jpeg\" \/>\n<meta name=\"author\" content=\"EDITOR\" \/>\n<meta name=\"twitter:card\" content=\"summary_large_image\" \/>\n<meta name=\"twitter:label1\" content=\"Escrito por\" \/>\n\t<meta name=\"twitter:data1\" content=\"EDITOR\" \/>\n\t<meta name=\"twitter:label2\" content=\"Tiempo de lectura\" \/>\n\t<meta name=\"twitter:data2\" content=\"2 minutos\" \/>\n<script type=\"application\/ld+json\" class=\"yoast-schema-graph\">{\"@context\":\"https:\/\/schema.org\",\"@graph\":[{\"@type\":\"WebPage\",\"@id\":\"https:\/\/laprensacristiana.com\/?p=10446\",\"url\":\"https:\/\/laprensacristiana.com\/?p=10446\",\"name\":\"Queman 2 iglesias en Santiago de Chile - La Prensa Cristiana\",\"isPartOf\":{\"@id\":\"https:\/\/laprensacristiana.com\/#website\"},\"datePublished\":\"2020-10-21T00:59:16+00:00\",\"dateModified\":\"2020-10-21T00:59:17+00:00\",\"author\":{\"@id\":\"https:\/\/laprensacristiana.com\/#\/schema\/person\/3e7d82c6bfd6b1fa67010f8f7cd5256e\"},\"breadcrumb\":{\"@id\":\"https:\/\/laprensacristiana.com\/?p=10446#breadcrumb\"},\"inLanguage\":\"es\",\"potentialAction\":[{\"@type\":\"ReadAction\",\"target\":[\"https:\/\/laprensacristiana.com\/?p=10446\"]}]},{\"@type\":\"BreadcrumbList\",\"@id\":\"https:\/\/laprensacristiana.com\/?p=10446#breadcrumb\",\"itemListElement\":[{\"@type\":\"ListItem\",\"position\":1,\"name\":\"Portada\",\"item\":\"https:\/\/laprensacristiana.com\/\"},{\"@type\":\"ListItem\",\"position\":2,\"name\":\"Queman 2 iglesias en Santiago de Chile\"}]},{\"@type\":\"WebSite\",\"@id\":\"https:\/\/laprensacristiana.com\/#website\",\"url\":\"https:\/\/laprensacristiana.com\/\",\"name\":\"La Prensa Cristiana\",\"description\":\"Anunciando Las Buenas Nuevas\",\"potentialAction\":[{\"@type\":\"SearchAction\",\"target\":{\"@type\":\"EntryPoint\",\"urlTemplate\":\"https:\/\/laprensacristiana.com\/?s={search_term_string}\"},\"query-input\":\"required name=search_term_string\"}],\"inLanguage\":\"es\"},{\"@type\":\"Person\",\"@id\":\"https:\/\/laprensacristiana.com\/#\/schema\/person\/3e7d82c6bfd6b1fa67010f8f7cd5256e\",\"name\":\"EDITOR\",\"image\":{\"@type\":\"ImageObject\",\"inLanguage\":\"es\",\"@id\":\"https:\/\/laprensacristiana.com\/#\/schema\/person\/image\/\",\"url\":\"https:\/\/secure.gravatar.com\/avatar\/72069dfb6c13772d9e8381e3638666d2?s=96&d=mm&r=g\",\"contentUrl\":\"https:\/\/secure.gravatar.com\/avatar\/72069dfb6c13772d9e8381e3638666d2?s=96&d=mm&r=g\",\"caption\":\"EDITOR\"},\"url\":\"https:\/\/laprensacristiana.com\/?author=3\"}]}<\/script>\n<!-- \/ Yoast SEO plugin. -->","yoast_head_json":{"title":"Queman 2 iglesias en Santiago de Chile - La Prensa Cristiana","robots":{"index":"index","follow":"follow","max-snippet":"max-snippet:-1","max-image-preview":"max-image-preview:large","max-video-preview":"max-video-preview:-1"},"canonical":"https:\/\/laprensacristiana.com\/?p=10446","og_locale":"es_ES","og_type":"article","og_title":"Queman 2 iglesias en Santiago de Chile - La Prensa Cristiana","og_description":"Fuente: Alianza Evang\u00e9lica Latina La Alianza Evang\u00e9lica Latina repudia lo ocurrido el domingo pasado en la ciudad de Santiago de Chile donde manifestantes con hechos vand\u00e1licos terminaron incendiando dos templos cat\u00f3licos, adem\u00e1s de saquearlos y destruyendo inmuebles patrimoniales.Sin importar raza, credo o religi\u00f3n, las expresiones de brutalidad y violencia no deben ser aceptadas en ning\u00fan [&hellip;]","og_url":"https:\/\/laprensacristiana.com\/?p=10446","og_site_name":"La Prensa Cristiana","article_published_time":"2020-10-21T00:59:16+00:00","article_modified_time":"2020-10-21T00:59:17+00:00","og_image":[{"width":633,"height":350,"url":"https:\/\/laprensacristiana.com\/wp-content\/uploads\/2020\/10\/IMG-20201020-WA0056.jpg","type":"image\/jpeg"}],"author":"EDITOR","twitter_card":"summary_large_image","twitter_misc":{"Escrito por":"EDITOR","Tiempo de lectura":"2 minutos"},"schema":{"@context":"https:\/\/schema.org","@graph":[{"@type":"WebPage","@id":"https:\/\/laprensacristiana.com\/?p=10446","url":"https:\/\/laprensacristiana.com\/?p=10446","name":"Queman 2 iglesias en Santiago de Chile - La Prensa Cristiana","isPartOf":{"@id":"https:\/\/laprensacristiana.com\/#website"},"datePublished":"2020-10-21T00:59:16+00:00","dateModified":"2020-10-21T00:59:17+00:00","author":{"@id":"https:\/\/laprensacristiana.com\/#\/schema\/person\/3e7d82c6bfd6b1fa67010f8f7cd5256e"},"breadcrumb":{"@id":"https:\/\/laprensacristiana.com\/?p=10446#breadcrumb"},"inLanguage":"es","potentialAction":[{"@type":"ReadAction","target":["https:\/\/laprensacristiana.com\/?p=10446"]}]},{"@type":"BreadcrumbList","@id":"https:\/\/laprensacristiana.com\/?p=10446#breadcrumb","itemListElement":[{"@type":"ListItem","position":1,"name":"Portada","item":"https:\/\/laprensacristiana.com\/"},{"@type":"ListItem","position":2,"name":"Queman 2 iglesias en Santiago de Chile"}]},{"@type":"WebSite","@id":"https:\/\/laprensacristiana.com\/#website","url":"https:\/\/laprensacristiana.com\/","name":"La Prensa Cristiana","description":"Anunciando Las Buenas Nuevas","potentialAction":[{"@type":"SearchAction","target":{"@type":"EntryPoint","urlTemplate":"https:\/\/laprensacristiana.com\/?s={search_term_string}"},"query-input":"required name=search_term_string"}],"inLanguage":"es"},{"@type":"Person","@id":"https:\/\/laprensacristiana.com\/#\/schema\/person\/3e7d82c6bfd6b1fa67010f8f7cd5256e","name":"EDITOR","image":{"@type":"ImageObject","inLanguage":"es","@id":"https:\/\/laprensacristiana.com\/#\/schema\/person\/image\/","url":"https:\/\/secure.gravatar.com\/avatar\/72069dfb6c13772d9e8381e3638666d2?s=96&d=mm&r=g","contentUrl":"https:\/\/secure.gravatar.com\/avatar\/72069dfb6c13772d9e8381e3638666d2?s=96&d=mm&r=g","caption":"EDITOR"},"url":"https:\/\/laprensacristiana.com\/?author=3"}]}},"_links":{"self":[{"href":"https:\/\/laprensacristiana.com\/index.php?rest_route=\/wp\/v2\/posts\/10446"}],"collection":[{"href":"https:\/\/laprensacristiana.com\/index.php?rest_route=\/wp\/v2\/posts"}],"about":[{"href":"https:\/\/laprensacristiana.com\/index.php?rest_route=\/wp\/v2\/types\/post"}],"author":[{"embeddable":true,"href":"https:\/\/laprensacristiana.com\/index.php?rest_route=\/wp\/v2\/users\/3"}],"replies":[{"embeddable":true,"href":"https:\/\/laprensacristiana.com\/index.php?rest_route=%2Fwp%2Fv2%2Fcomments&post=10446"}],"version-history":[{"count":1,"href":"https:\/\/laprensacristiana.com\/index.php?rest_route=\/wp\/v2\/posts\/10446\/revisions"}],"predecessor-version":[{"id":10448,"href":"https:\/\/laprensacristiana.com\/index.php?rest_route=\/wp\/v2\/posts\/10446\/revisions\/10448"}],"wp:featuredmedia":[{"embeddable":true,"href":"https:\/\/laprensacristiana.com\/index.php?rest_route=\/wp\/v2\/media\/10447"}],"wp:attachment":[{"href":"https:\/\/laprensacristiana.com\/index.php?rest_route=%2Fwp%2Fv2%2Fmedia&parent=10446"}],"wp:term":[{"taxonomy":"category","embeddable":true,"href":"https:\/\/laprensacristiana.com\/index.php?rest_route=%2Fwp%2Fv2%2Fcategories&post=10446"},{"taxonomy":"post_tag","embeddable":true,"href":"https:\/\/laprensacristiana.com\/index.php?rest_route=%2Fwp%2Fv2%2Ftags&post=10446"}],"curies":[{"name":"wp","href":"https:\/\/api.w.org\/{rel}","templated":true}]}}