{"id":10490,"date":"2020-10-29T21:43:50","date_gmt":"2020-10-29T21:43:50","guid":{"rendered":"https:\/\/laprensacristiana.com\/?p=10490"},"modified":"2020-10-29T21:43:51","modified_gmt":"2020-10-29T21:43:51","slug":"respira-el-nuevo-lanzamiento-de-yani-castro","status":"publish","type":"post","link":"https:\/\/laprensacristiana.com\/?p=10490","title":{"rendered":"\u201cRESPIRA\u201d el nuevo lanzamiento de Yani Castro"},"content":{"rendered":"\n<p>La nueva canci\u00f3n Respira fue grabada en el estudio El Despertar Productions, Medell\u00edn, Colombia.Las voces principales en Audio Track, Guatemala. La sesi\u00f3n fie dirigida por el Productor Australiano Nathan Ironside. Esta canci\u00f3n es interpretada por Yani Castro y Juli Castro, hija mayor de la cantautora que actualmente est\u00e1n sirviendo en la iglesia Presencia de Dios junto a su esposo Pastor Sammy Castro.<\/p>\n\n\n\n<p><strong><em>Respira <\/em><\/strong>es una canto de esperanza que declara el poder \u00fanico de Dios, adem\u00e1s inspira a las personas a seguir adelante, volviendo al principio de la creaci\u00f3n donde Dios form\u00f3 al hombre con su mismo aliento. El verso: <strong><em>\u201c Te adoro por quien eres, hoy respiro tu aire en m\u00ed, yo me rindo a tu palabra para despertar tu atm\u00f3sfera en m\u00ed\u201d <\/em><\/strong>y el dise\u00f1o y el deseo de Dios al formar al hombre, son temas que se resaltan en esta canci\u00f3n. Dios quiere que el ser humano respire su presencia para seguir adelante.<\/p>\n\n\n\n<p>Esta canci\u00f3n fue inspirada por Yani Castro en el momento que inicia la crisis mundial, pues todos los aeropuertos cerraron por la pandemia, justo antes a una semana en que ella viajar\u00eda a los Estados Unidos para iniciar un tratamiento que tanto hab\u00eda esperado para mejorar la salud de sus ojos. Es cuando Dios le habla y le recuerda G\u00e9nesis 2:7 &nbsp;<strong><em>\u201cEntonces Jehov\u00e1 Dios form\u00f3 al hombre del polvo de la tierra, y sopl\u00f3 en su nariz aliento de vida, y fue el hombre un ser viviente\u201d. <\/em><\/strong>Al compartir este sentir con Nathan Ironside, surge la letra y la composici\u00f3n a cargo de este productor, compositor y cantante Australiano. Nathan Ironside se conecta entonces, en un mismo sentir con Yani Castro, para producir <strong><em>RESPIRA.<\/em><\/strong><\/p>\n\n\n\n<p>Mi deseo es que todas las personas se tomen un momento para respirar en Dios, sabiendo que \u00e9l es poderoso y fiel, que no pierdan la esperanza de vivir, que confien y que cuando las cosas no suceden en el tiempo que esperamos, es porque Dios est\u00e1 preparando algo mejor. El milagro ya est\u00e1 en Jes\u00fas y desde el momento en que Dios nos dio su aire para formarnos. El nos hizo perfectos con palabras de vida y podemos adorarlo por quien \u00c9l es, sus bondades son nuevas cada d\u00eda. Motivo a todas las personas para que siempre recuerden que Dios nos ama. \u00c9l nunca descansa y tampoco se cansa. \u00c9l siempre actuar\u00e1 a nuestro favor porque somos sus hijos y nos ama.<strong><em> TAN SOLO RESPIRA<\/em><\/strong><\/p>\n\n\n\n<figure class=\"wp-block-embed-youtube wp-block-embed is-type-video is-provider-youtube wp-embed-aspect-16-9 wp-has-aspect-ratio\"><div class=\"wp-block-embed__wrapper\">\n<div class=\"youtube-embed\" data-video_id=\"8ZxaRgDMYzs\"><iframe loading=\"lazy\" title=\"RESPIRA | Yani Castro feat. Juli Castro | Video Lyric\" width=\"696\" height=\"392\" src=\"https:\/\/www.youtube.com\/embed\/8ZxaRgDMYzs?feature=oembed&#038;enablejsapi=1&#038;enablejsapi=1\" frameborder=\"0\" allow=\"accelerometer; autoplay; clipboard-write; encrypted-media; gyroscope; picture-in-picture\" allowfullscreen><\/iframe><\/div>\n<\/div><\/figure>\n\n\n\n<p><strong>Puedes seguir a Yani Castro en redes sociales: <\/strong><\/p>\n\n\n\n<p><strong><em>Facebook. <\/em><\/strong>Yani Castro<\/p>\n\n\n\n<p><strong><em>Instragram<\/em><\/strong>: @yanicastro_gt<\/p>\n\n\n\n<p><strong><em>YouTube: <\/em><\/strong>Yani Castro<\/p>\n\n\n\n<p><a href=\"http:\/\/www.yanicastro.com\"><strong><em>www.yanicastro.com<\/em><\/strong><\/a><strong><em><\/em><\/strong><\/p>\n\n\n\n<p><a href=\"mailto:infoyanicastro@gmail.com\"><strong><em>infoyanicastro@gmail.com<\/em><\/strong><\/a><strong><em><\/em><\/strong><\/p>\n","protected":false},"excerpt":{"rendered":"<p>La nueva canci\u00f3n Respira fue grabada en el estudio El Despertar Productions, Medell\u00edn, Colombia.Las voces principales en Audio Track, Guatemala. La sesi\u00f3n fie dirigida por el Productor Australiano Nathan Ironside. Esta canci\u00f3n es interpretada por Yani Castro y Juli Castro, hija mayor de la cantautora que actualmente est\u00e1n sirviendo en la iglesia Presencia de Dios [&hellip;]<\/p>\n","protected":false},"author":3,"featured_media":10491,"comment_status":"open","ping_status":"open","sticky":false,"template":"","format":"standard","meta":[],"categories":[101],"tags":[],"yoast_head":"<!-- This site is optimized with the Yoast SEO plugin v20.8 - https:\/\/yoast.com\/wordpress\/plugins\/seo\/ -->\n<title>\u201cRESPIRA\u201d el nuevo lanzamiento de Yani Castro - La Prensa Cristiana<\/title>\n<meta name=\"robots\" content=\"index, follow, max-snippet:-1, max-image-preview:large, max-video-preview:-1\" \/>\n<link rel=\"canonical\" href=\"https:\/\/laprensacristiana.com\/?p=10490\" \/>\n<meta property=\"og:locale\" content=\"es_ES\" \/>\n<meta property=\"og:type\" content=\"article\" \/>\n<meta property=\"og:title\" content=\"\u201cRESPIRA\u201d el nuevo lanzamiento de Yani Castro - La Prensa Cristiana\" \/>\n<meta property=\"og:description\" content=\"La nueva canci\u00f3n Respira fue grabada en el estudio El Despertar Productions, Medell\u00edn, Colombia.Las voces principales en Audio Track, Guatemala. La sesi\u00f3n fie dirigida por el Productor Australiano Nathan Ironside. Esta canci\u00f3n es interpretada por Yani Castro y Juli Castro, hija mayor de la cantautora que actualmente est\u00e1n sirviendo en la iglesia Presencia de Dios [&hellip;]\" \/>\n<meta property=\"og:url\" content=\"https:\/\/laprensacristiana.com\/?p=10490\" \/>\n<meta property=\"og:site_name\" content=\"La Prensa Cristiana\" \/>\n<meta property=\"article:published_time\" content=\"2020-10-29T21:43:50+00:00\" \/>\n<meta property=\"article:modified_time\" content=\"2020-10-29T21:43:51+00:00\" \/>\n<meta property=\"og:image\" content=\"https:\/\/laprensacristiana.com\/wp-content\/uploads\/2020\/10\/foto-Yani-Castro--scaled.jpg\" \/>\n\t<meta property=\"og:image:width\" content=\"2271\" \/>\n\t<meta property=\"og:image:height\" content=\"2560\" \/>\n\t<meta property=\"og:image:type\" content=\"image\/jpeg\" \/>\n<meta name=\"author\" content=\"EDITOR\" \/>\n<meta name=\"twitter:card\" content=\"summary_large_image\" \/>\n<meta name=\"twitter:label1\" content=\"Escrito por\" \/>\n\t<meta name=\"twitter:data1\" content=\"EDITOR\" \/>\n\t<meta name=\"twitter:label2\" content=\"Tiempo de lectura\" \/>\n\t<meta name=\"twitter:data2\" content=\"2 minutos\" \/>\n<script type=\"application\/ld+json\" class=\"yoast-schema-graph\">{\"@context\":\"https:\/\/schema.org\",\"@graph\":[{\"@type\":\"WebPage\",\"@id\":\"https:\/\/laprensacristiana.com\/?p=10490\",\"url\":\"https:\/\/laprensacristiana.com\/?p=10490\",\"name\":\"\u201cRESPIRA\u201d el nuevo lanzamiento de Yani Castro - La Prensa Cristiana\",\"isPartOf\":{\"@id\":\"https:\/\/laprensacristiana.com\/#website\"},\"datePublished\":\"2020-10-29T21:43:50+00:00\",\"dateModified\":\"2020-10-29T21:43:51+00:00\",\"author\":{\"@id\":\"https:\/\/laprensacristiana.com\/#\/schema\/person\/3e7d82c6bfd6b1fa67010f8f7cd5256e\"},\"breadcrumb\":{\"@id\":\"https:\/\/laprensacristiana.com\/?p=10490#breadcrumb\"},\"inLanguage\":\"es\",\"potentialAction\":[{\"@type\":\"ReadAction\",\"target\":[\"https:\/\/laprensacristiana.com\/?p=10490\"]}]},{\"@type\":\"BreadcrumbList\",\"@id\":\"https:\/\/laprensacristiana.com\/?p=10490#breadcrumb\",\"itemListElement\":[{\"@type\":\"ListItem\",\"position\":1,\"name\":\"Portada\",\"item\":\"https:\/\/laprensacristiana.com\/\"},{\"@type\":\"ListItem\",\"position\":2,\"name\":\"\u201cRESPIRA\u201d el nuevo lanzamiento de Yani Castro\"}]},{\"@type\":\"WebSite\",\"@id\":\"https:\/\/laprensacristiana.com\/#website\",\"url\":\"https:\/\/laprensacristiana.com\/\",\"name\":\"La Prensa Cristiana\",\"description\":\"Anunciando Las Buenas Nuevas\",\"potentialAction\":[{\"@type\":\"SearchAction\",\"target\":{\"@type\":\"EntryPoint\",\"urlTemplate\":\"https:\/\/laprensacristiana.com\/?s={search_term_string}\"},\"query-input\":\"required name=search_term_string\"}],\"inLanguage\":\"es\"},{\"@type\":\"Person\",\"@id\":\"https:\/\/laprensacristiana.com\/#\/schema\/person\/3e7d82c6bfd6b1fa67010f8f7cd5256e\",\"name\":\"EDITOR\",\"image\":{\"@type\":\"ImageObject\",\"inLanguage\":\"es\",\"@id\":\"https:\/\/laprensacristiana.com\/#\/schema\/person\/image\/\",\"url\":\"https:\/\/secure.gravatar.com\/avatar\/72069dfb6c13772d9e8381e3638666d2?s=96&d=mm&r=g\",\"contentUrl\":\"https:\/\/secure.gravatar.com\/avatar\/72069dfb6c13772d9e8381e3638666d2?s=96&d=mm&r=g\",\"caption\":\"EDITOR\"},\"url\":\"https:\/\/laprensacristiana.com\/?author=3\"}]}<\/script>\n<!-- \/ Yoast SEO plugin. -->","yoast_head_json":{"title":"\u201cRESPIRA\u201d el nuevo lanzamiento de Yani Castro - La Prensa Cristiana","robots":{"index":"index","follow":"follow","max-snippet":"max-snippet:-1","max-image-preview":"max-image-preview:large","max-video-preview":"max-video-preview:-1"},"canonical":"https:\/\/laprensacristiana.com\/?p=10490","og_locale":"es_ES","og_type":"article","og_title":"\u201cRESPIRA\u201d el nuevo lanzamiento de Yani Castro - La Prensa Cristiana","og_description":"La nueva canci\u00f3n Respira fue grabada en el estudio El Despertar Productions, Medell\u00edn, Colombia.Las voces principales en Audio Track, Guatemala. La sesi\u00f3n fie dirigida por el Productor Australiano Nathan Ironside. Esta canci\u00f3n es interpretada por Yani Castro y Juli Castro, hija mayor de la cantautora que actualmente est\u00e1n sirviendo en la iglesia Presencia de Dios [&hellip;]","og_url":"https:\/\/laprensacristiana.com\/?p=10490","og_site_name":"La Prensa Cristiana","article_published_time":"2020-10-29T21:43:50+00:00","article_modified_time":"2020-10-29T21:43:51+00:00","og_image":[{"width":2271,"height":2560,"url":"https:\/\/laprensacristiana.com\/wp-content\/uploads\/2020\/10\/foto-Yani-Castro--scaled.jpg","type":"image\/jpeg"}],"author":"EDITOR","twitter_card":"summary_large_image","twitter_misc":{"Escrito por":"EDITOR","Tiempo de lectura":"2 minutos"},"schema":{"@context":"https:\/\/schema.org","@graph":[{"@type":"WebPage","@id":"https:\/\/laprensacristiana.com\/?p=10490","url":"https:\/\/laprensacristiana.com\/?p=10490","name":"\u201cRESPIRA\u201d el nuevo lanzamiento de Yani Castro - La Prensa Cristiana","isPartOf":{"@id":"https:\/\/laprensacristiana.com\/#website"},"datePublished":"2020-10-29T21:43:50+00:00","dateModified":"2020-10-29T21:43:51+00:00","author":{"@id":"https:\/\/laprensacristiana.com\/#\/schema\/person\/3e7d82c6bfd6b1fa67010f8f7cd5256e"},"breadcrumb":{"@id":"https:\/\/laprensacristiana.com\/?p=10490#breadcrumb"},"inLanguage":"es","potentialAction":[{"@type":"ReadAction","target":["https:\/\/laprensacristiana.com\/?p=10490"]}]},{"@type":"BreadcrumbList","@id":"https:\/\/laprensacristiana.com\/?p=10490#breadcrumb","itemListElement":[{"@type":"ListItem","position":1,"name":"Portada","item":"https:\/\/laprensacristiana.com\/"},{"@type":"ListItem","position":2,"name":"\u201cRESPIRA\u201d el nuevo lanzamiento de Yani Castro"}]},{"@type":"WebSite","@id":"https:\/\/laprensacristiana.com\/#website","url":"https:\/\/laprensacristiana.com\/","name":"La Prensa Cristiana","description":"Anunciando Las Buenas Nuevas","potentialAction":[{"@type":"SearchAction","target":{"@type":"EntryPoint","urlTemplate":"https:\/\/laprensacristiana.com\/?s={search_term_string}"},"query-input":"required name=search_term_string"}],"inLanguage":"es"},{"@type":"Person","@id":"https:\/\/laprensacristiana.com\/#\/schema\/person\/3e7d82c6bfd6b1fa67010f8f7cd5256e","name":"EDITOR","image":{"@type":"ImageObject","inLanguage":"es","@id":"https:\/\/laprensacristiana.com\/#\/schema\/person\/image\/","url":"https:\/\/secure.gravatar.com\/avatar\/72069dfb6c13772d9e8381e3638666d2?s=96&d=mm&r=g","contentUrl":"https:\/\/secure.gravatar.com\/avatar\/72069dfb6c13772d9e8381e3638666d2?s=96&d=mm&r=g","caption":"EDITOR"},"url":"https:\/\/laprensacristiana.com\/?author=3"}]}},"_links":{"self":[{"href":"https:\/\/laprensacristiana.com\/index.php?rest_route=\/wp\/v2\/posts\/10490"}],"collection":[{"href":"https:\/\/laprensacristiana.com\/index.php?rest_route=\/wp\/v2\/posts"}],"about":[{"href":"https:\/\/laprensacristiana.com\/index.php?rest_route=\/wp\/v2\/types\/post"}],"author":[{"embeddable":true,"href":"https:\/\/laprensacristiana.com\/index.php?rest_route=\/wp\/v2\/users\/3"}],"replies":[{"embeddable":true,"href":"https:\/\/laprensacristiana.com\/index.php?rest_route=%2Fwp%2Fv2%2Fcomments&post=10490"}],"version-history":[{"count":1,"href":"https:\/\/laprensacristiana.com\/index.php?rest_route=\/wp\/v2\/posts\/10490\/revisions"}],"predecessor-version":[{"id":10492,"href":"https:\/\/laprensacristiana.com\/index.php?rest_route=\/wp\/v2\/posts\/10490\/revisions\/10492"}],"wp:featuredmedia":[{"embeddable":true,"href":"https:\/\/laprensacristiana.com\/index.php?rest_route=\/wp\/v2\/media\/10491"}],"wp:attachment":[{"href":"https:\/\/laprensacristiana.com\/index.php?rest_route=%2Fwp%2Fv2%2Fmedia&parent=10490"}],"wp:term":[{"taxonomy":"category","embeddable":true,"href":"https:\/\/laprensacristiana.com\/index.php?rest_route=%2Fwp%2Fv2%2Fcategories&post=10490"},{"taxonomy":"post_tag","embeddable":true,"href":"https:\/\/laprensacristiana.com\/index.php?rest_route=%2Fwp%2Fv2%2Ftags&post=10490"}],"curies":[{"name":"wp","href":"https:\/\/api.w.org\/{rel}","templated":true}]}}