{"id":10501,"date":"2020-10-30T14:52:42","date_gmt":"2020-10-30T14:52:42","guid":{"rendered":"https:\/\/laprensacristiana.com\/?p=10501"},"modified":"2020-10-30T14:52:43","modified_gmt":"2020-10-30T14:52:43","slug":"encuentro-con-la-cruz","status":"publish","type":"post","link":"https:\/\/laprensacristiana.com\/?p=10501","title":{"rendered":"Encuentro con la cruz"},"content":{"rendered":"\n<p>Mateo 23:26 \u201cCuando le llevaban, tomaron a un cierto Sim\u00f3n de Cirene que ven\u00eda del campo y le pusieron la cruz encima para que la llevara detr\u00e1s de Jes\u00fas\u201d<\/p>\n\n\n\n<p>No lo estaba buscando. Ni siquiera sab\u00eca seguramente qui\u00e9n era el Ajusticiado. Era un hombre cumplidor de sus deberes como padre responsable de su familia. Aparentemente no le faltaba nada. Sin duda era tan trabajador que se sent\u00eda satisfecho con la vida que llevaba. Su campo era su vida. Su arado era su herramienta preferida. No se met\u00eda con nadie, en consecuencia esperaba que nadie se metiera con \u00e8l. Era un modelo de hombre, a su entender, por supuesto.<\/p>\n\n\n\n<p>Solo que la vida nos juega sorpresas que no esperamos. A la vuelta de la esquina nos esperan situaciones que no esper\u00e1bamos. Una enfermedad fulminante. Un c\u00e1ncer mortal. Un dolor de muelas a media noche. Un llamada por tel\u00e9fono anunciando que se muri\u00f3 alg\u00fan ser querido. Una pr\u00f3stata inflamada. Un ri\u00f1\u00f3n obstruido. Cosas que pasan y que no cre\u00edamos que eran para nosotros.<\/p>\n\n\n\n<p>Cuando Sim\u00f3n regres\u00f3 a su casa aquella tarde que volv\u00eda de su trabajo, lleg\u00f3 todo salpicado de Sangre. En sus ropas, en sus hombros y en su rostro se notaba el agotamiento extremo al que hab\u00eda sido obligado. La Sangre del Hombre que iba delante de \u00e8l lo marcaba inexorablemente. Por supuesto, \u00e8l no se esperaba esto. Nadie se espera encontrarse con la Sangre a medio camino despu\u00e9s de un d\u00eca de trabajo. Algunos se encuentran con ella porque la buscaron. Otros porque fueron buscados. Y Sim\u00f3n de Cirene era buscado. Jesus lo estuvo esperando todo el tiempo pero como no lo encontr\u00f3 entre sus oyentes, lo encontr\u00f3 a medio camino al Monte de la Calavera. Y Sim\u00f3n fue obligado a entrar al Reino de los Cielos. Un romano lo oblig\u00f3 a ir detr\u00e1s de Jesus. Sin saberlo, este incr\u00e9dulo cumpli\u00f2 la Palabra: \u201cA algunos forzadlos a entrar\u2026\u201d Y Sim\u00f3n cumpli\u00f2 lo que dijo Jesus: \u201cToma tu cruz y s\u00edgueme\u201d.<\/p>\n\n\n\n<p>Y si Jesus cumpli\u00f2 todo lo que dijo, \u00bfpor qu\u00e9 nos afligimos nosotros? No temas, manada peque\u00f1a, vuestro Padre sabe de qu\u00e9 tienes necesidad.<\/p>\n\n\n\n<p>SOLI DEO GLORIA<\/p>\n","protected":false},"excerpt":{"rendered":"<p>Mateo 23:26 \u201cCuando le llevaban, tomaron a un cierto Sim\u00f3n de Cirene que ven\u00eda del campo y le pusieron la cruz encima para que la llevara detr\u00e1s de Jes\u00fas\u201d No lo estaba buscando. Ni siquiera sab\u00eca seguramente qui\u00e9n era el Ajusticiado. Era un hombre cumplidor de sus deberes como padre responsable de su familia. Aparentemente [&hellip;]<\/p>\n","protected":false},"author":3,"featured_media":7949,"comment_status":"open","ping_status":"open","sticky":false,"template":"","format":"standard","meta":[],"categories":[36],"tags":[],"yoast_head":"<!-- This site is optimized with the Yoast SEO plugin v20.8 - https:\/\/yoast.com\/wordpress\/plugins\/seo\/ -->\n<title>Encuentro con la cruz - La Prensa Cristiana<\/title>\n<meta name=\"robots\" content=\"index, follow, max-snippet:-1, max-image-preview:large, max-video-preview:-1\" \/>\n<link rel=\"canonical\" href=\"https:\/\/laprensacristiana.com\/?p=10501\" \/>\n<meta property=\"og:locale\" content=\"es_ES\" \/>\n<meta property=\"og:type\" content=\"article\" \/>\n<meta property=\"og:title\" content=\"Encuentro con la cruz - La Prensa Cristiana\" \/>\n<meta property=\"og:description\" content=\"Mateo 23:26 \u201cCuando le llevaban, tomaron a un cierto Sim\u00f3n de Cirene que ven\u00eda del campo y le pusieron la cruz encima para que la llevara detr\u00e1s de Jes\u00fas\u201d No lo estaba buscando. Ni siquiera sab\u00eca seguramente qui\u00e9n era el Ajusticiado. Era un hombre cumplidor de sus deberes como padre responsable de su familia. Aparentemente [&hellip;]\" \/>\n<meta property=\"og:url\" content=\"https:\/\/laprensacristiana.com\/?p=10501\" \/>\n<meta property=\"og:site_name\" content=\"La Prensa Cristiana\" \/>\n<meta property=\"article:published_time\" content=\"2020-10-30T14:52:42+00:00\" \/>\n<meta property=\"article:modified_time\" content=\"2020-10-30T14:52:43+00:00\" \/>\n<meta property=\"og:image\" content=\"https:\/\/laprensacristiana.com\/wp-content\/uploads\/2020\/01\/2017-11-23-PHOTO-00003245-1.jpg\" \/>\n\t<meta property=\"og:image:width\" content=\"1280\" \/>\n\t<meta property=\"og:image:height\" content=\"714\" \/>\n\t<meta property=\"og:image:type\" content=\"image\/jpeg\" \/>\n<meta name=\"author\" content=\"EDITOR\" \/>\n<meta name=\"twitter:card\" content=\"summary_large_image\" \/>\n<meta name=\"twitter:label1\" content=\"Escrito por\" \/>\n\t<meta name=\"twitter:data1\" content=\"EDITOR\" \/>\n\t<meta name=\"twitter:label2\" content=\"Tiempo de lectura\" \/>\n\t<meta name=\"twitter:data2\" content=\"2 minutos\" \/>\n<script type=\"application\/ld+json\" class=\"yoast-schema-graph\">{\"@context\":\"https:\/\/schema.org\",\"@graph\":[{\"@type\":\"WebPage\",\"@id\":\"https:\/\/laprensacristiana.com\/?p=10501\",\"url\":\"https:\/\/laprensacristiana.com\/?p=10501\",\"name\":\"Encuentro con la cruz - La Prensa Cristiana\",\"isPartOf\":{\"@id\":\"https:\/\/laprensacristiana.com\/#website\"},\"datePublished\":\"2020-10-30T14:52:42+00:00\",\"dateModified\":\"2020-10-30T14:52:43+00:00\",\"author\":{\"@id\":\"https:\/\/laprensacristiana.com\/#\/schema\/person\/3e7d82c6bfd6b1fa67010f8f7cd5256e\"},\"breadcrumb\":{\"@id\":\"https:\/\/laprensacristiana.com\/?p=10501#breadcrumb\"},\"inLanguage\":\"es\",\"potentialAction\":[{\"@type\":\"ReadAction\",\"target\":[\"https:\/\/laprensacristiana.com\/?p=10501\"]}]},{\"@type\":\"BreadcrumbList\",\"@id\":\"https:\/\/laprensacristiana.com\/?p=10501#breadcrumb\",\"itemListElement\":[{\"@type\":\"ListItem\",\"position\":1,\"name\":\"Portada\",\"item\":\"https:\/\/laprensacristiana.com\/\"},{\"@type\":\"ListItem\",\"position\":2,\"name\":\"Encuentro con la cruz\"}]},{\"@type\":\"WebSite\",\"@id\":\"https:\/\/laprensacristiana.com\/#website\",\"url\":\"https:\/\/laprensacristiana.com\/\",\"name\":\"La Prensa Cristiana\",\"description\":\"Anunciando Las Buenas Nuevas\",\"potentialAction\":[{\"@type\":\"SearchAction\",\"target\":{\"@type\":\"EntryPoint\",\"urlTemplate\":\"https:\/\/laprensacristiana.com\/?s={search_term_string}\"},\"query-input\":\"required name=search_term_string\"}],\"inLanguage\":\"es\"},{\"@type\":\"Person\",\"@id\":\"https:\/\/laprensacristiana.com\/#\/schema\/person\/3e7d82c6bfd6b1fa67010f8f7cd5256e\",\"name\":\"EDITOR\",\"image\":{\"@type\":\"ImageObject\",\"inLanguage\":\"es\",\"@id\":\"https:\/\/laprensacristiana.com\/#\/schema\/person\/image\/\",\"url\":\"https:\/\/secure.gravatar.com\/avatar\/72069dfb6c13772d9e8381e3638666d2?s=96&d=mm&r=g\",\"contentUrl\":\"https:\/\/secure.gravatar.com\/avatar\/72069dfb6c13772d9e8381e3638666d2?s=96&d=mm&r=g\",\"caption\":\"EDITOR\"},\"url\":\"https:\/\/laprensacristiana.com\/?author=3\"}]}<\/script>\n<!-- \/ Yoast SEO plugin. -->","yoast_head_json":{"title":"Encuentro con la cruz - La Prensa Cristiana","robots":{"index":"index","follow":"follow","max-snippet":"max-snippet:-1","max-image-preview":"max-image-preview:large","max-video-preview":"max-video-preview:-1"},"canonical":"https:\/\/laprensacristiana.com\/?p=10501","og_locale":"es_ES","og_type":"article","og_title":"Encuentro con la cruz - La Prensa Cristiana","og_description":"Mateo 23:26 \u201cCuando le llevaban, tomaron a un cierto Sim\u00f3n de Cirene que ven\u00eda del campo y le pusieron la cruz encima para que la llevara detr\u00e1s de Jes\u00fas\u201d No lo estaba buscando. Ni siquiera sab\u00eca seguramente qui\u00e9n era el Ajusticiado. Era un hombre cumplidor de sus deberes como padre responsable de su familia. Aparentemente [&hellip;]","og_url":"https:\/\/laprensacristiana.com\/?p=10501","og_site_name":"La Prensa Cristiana","article_published_time":"2020-10-30T14:52:42+00:00","article_modified_time":"2020-10-30T14:52:43+00:00","og_image":[{"width":1280,"height":714,"url":"https:\/\/laprensacristiana.com\/wp-content\/uploads\/2020\/01\/2017-11-23-PHOTO-00003245-1.jpg","type":"image\/jpeg"}],"author":"EDITOR","twitter_card":"summary_large_image","twitter_misc":{"Escrito por":"EDITOR","Tiempo de lectura":"2 minutos"},"schema":{"@context":"https:\/\/schema.org","@graph":[{"@type":"WebPage","@id":"https:\/\/laprensacristiana.com\/?p=10501","url":"https:\/\/laprensacristiana.com\/?p=10501","name":"Encuentro con la cruz - La Prensa Cristiana","isPartOf":{"@id":"https:\/\/laprensacristiana.com\/#website"},"datePublished":"2020-10-30T14:52:42+00:00","dateModified":"2020-10-30T14:52:43+00:00","author":{"@id":"https:\/\/laprensacristiana.com\/#\/schema\/person\/3e7d82c6bfd6b1fa67010f8f7cd5256e"},"breadcrumb":{"@id":"https:\/\/laprensacristiana.com\/?p=10501#breadcrumb"},"inLanguage":"es","potentialAction":[{"@type":"ReadAction","target":["https:\/\/laprensacristiana.com\/?p=10501"]}]},{"@type":"BreadcrumbList","@id":"https:\/\/laprensacristiana.com\/?p=10501#breadcrumb","itemListElement":[{"@type":"ListItem","position":1,"name":"Portada","item":"https:\/\/laprensacristiana.com\/"},{"@type":"ListItem","position":2,"name":"Encuentro con la cruz"}]},{"@type":"WebSite","@id":"https:\/\/laprensacristiana.com\/#website","url":"https:\/\/laprensacristiana.com\/","name":"La Prensa Cristiana","description":"Anunciando Las Buenas Nuevas","potentialAction":[{"@type":"SearchAction","target":{"@type":"EntryPoint","urlTemplate":"https:\/\/laprensacristiana.com\/?s={search_term_string}"},"query-input":"required name=search_term_string"}],"inLanguage":"es"},{"@type":"Person","@id":"https:\/\/laprensacristiana.com\/#\/schema\/person\/3e7d82c6bfd6b1fa67010f8f7cd5256e","name":"EDITOR","image":{"@type":"ImageObject","inLanguage":"es","@id":"https:\/\/laprensacristiana.com\/#\/schema\/person\/image\/","url":"https:\/\/secure.gravatar.com\/avatar\/72069dfb6c13772d9e8381e3638666d2?s=96&d=mm&r=g","contentUrl":"https:\/\/secure.gravatar.com\/avatar\/72069dfb6c13772d9e8381e3638666d2?s=96&d=mm&r=g","caption":"EDITOR"},"url":"https:\/\/laprensacristiana.com\/?author=3"}]}},"_links":{"self":[{"href":"https:\/\/laprensacristiana.com\/index.php?rest_route=\/wp\/v2\/posts\/10501"}],"collection":[{"href":"https:\/\/laprensacristiana.com\/index.php?rest_route=\/wp\/v2\/posts"}],"about":[{"href":"https:\/\/laprensacristiana.com\/index.php?rest_route=\/wp\/v2\/types\/post"}],"author":[{"embeddable":true,"href":"https:\/\/laprensacristiana.com\/index.php?rest_route=\/wp\/v2\/users\/3"}],"replies":[{"embeddable":true,"href":"https:\/\/laprensacristiana.com\/index.php?rest_route=%2Fwp%2Fv2%2Fcomments&post=10501"}],"version-history":[{"count":1,"href":"https:\/\/laprensacristiana.com\/index.php?rest_route=\/wp\/v2\/posts\/10501\/revisions"}],"predecessor-version":[{"id":10502,"href":"https:\/\/laprensacristiana.com\/index.php?rest_route=\/wp\/v2\/posts\/10501\/revisions\/10502"}],"wp:featuredmedia":[{"embeddable":true,"href":"https:\/\/laprensacristiana.com\/index.php?rest_route=\/wp\/v2\/media\/7949"}],"wp:attachment":[{"href":"https:\/\/laprensacristiana.com\/index.php?rest_route=%2Fwp%2Fv2%2Fmedia&parent=10501"}],"wp:term":[{"taxonomy":"category","embeddable":true,"href":"https:\/\/laprensacristiana.com\/index.php?rest_route=%2Fwp%2Fv2%2Fcategories&post=10501"},{"taxonomy":"post_tag","embeddable":true,"href":"https:\/\/laprensacristiana.com\/index.php?rest_route=%2Fwp%2Fv2%2Ftags&post=10501"}],"curies":[{"name":"wp","href":"https:\/\/api.w.org\/{rel}","templated":true}]}}