{"id":10515,"date":"2020-11-02T18:25:51","date_gmt":"2020-11-02T18:25:51","guid":{"rendered":"https:\/\/laprensacristiana.com\/?p=10515"},"modified":"2020-11-02T18:25:52","modified_gmt":"2020-11-02T18:25:52","slug":"lo-que-tengo-te-doy","status":"publish","type":"post","link":"https:\/\/laprensacristiana.com\/?p=10515","title":{"rendered":"Lo que tengo te doy"},"content":{"rendered":"\n<p>Hechos 3:6 \u201cNo tengo plata ni oro, mas lo que tengo, te doy\u2026\u201d<\/p>\n\n\n\n<p>Vamos a ser pragm\u00e1ticos: Todos tenemos algo que dar. Una palabra de aliento. Una oraci\u00f2n de consuelo. Un sue\u00f1o, una visi\u00f2n, un poco de dinero, un pl\u00e1tano o una docena de huevos. No podemos alegar que no tenemos nada que compartir, a menos que nuestro coraz\u00f3n se haya endurecido tanto que hemos permitido que la indiferencia o el desamor penetren nuestro interior.<\/p>\n\n\n\n<p>Usted conoce la historia de Pedro cuando entra por la puerta La Hermosa aquella famosa tarde. Un paral\u00ectico est\u00e1 pidiendo limosna. Pone sus ojos sobre el ap\u00f3stol esperando que le de algo y Pedro lo nota. Sabe que si el hombre le pide algo es porque \u00e8l tiene algo que darle. Es un axioma. A todos los que usted encuentre en su camino este d\u00eca le pedir\u00e1n algo que solo usted tiene. As\u00ed es como trabaja el Se\u00f1or. Distribuye sus riquezas entre todos nosotros para que las compartamos.<\/p>\n\n\n\n<p>Una sonrisa. Un gesto amable. Un regalo. Nada est\u00e1 puesto en el Universo por puro gusto. Todo tiene un prop\u00f3sito. \u00bfPens\u00f2 en llevar algo para alguien hoy? No fue su pensamiento, fue Dios quien lo puso y es mejor obedecerlo porque si no lo hace, despu\u00e9s lo lamentar\u00e1. Dios pone el querer y el hacer por su Buena voluntad. Eso dice la Escritura. Pedro lo sab\u00eca. Pero en ese momento no ten\u00eda dinero, pero el dinero no lo es todo. Si no hay dinero hay oraci\u00f2n. Es cuesti\u00f3n de saber que nunca estar\u00e9 vac\u00edo de nada. Siempre tendr\u00e9 algo que dar o que me den.<\/p>\n\n\n\n<p>Lo que tengo te doy. Y estoy seguro que lo que te d\u00e9 ser\u00e0 lo que Dios tiene para ti. Porque todo viene de \u00c8l.<\/p>\n\n\n\n<p>SOLI DEO GLORIA<\/p>\n","protected":false},"excerpt":{"rendered":"<p>Hechos 3:6 \u201cNo tengo plata ni oro, mas lo que tengo, te doy\u2026\u201d Vamos a ser pragm\u00e1ticos: Todos tenemos algo que dar. Una palabra de aliento. Una oraci\u00f2n de consuelo. Un sue\u00f1o, una visi\u00f2n, un poco de dinero, un pl\u00e1tano o una docena de huevos. No podemos alegar que no tenemos nada que compartir, a [&hellip;]<\/p>\n","protected":false},"author":3,"featured_media":7949,"comment_status":"open","ping_status":"open","sticky":false,"template":"","format":"standard","meta":[],"categories":[36],"tags":[],"yoast_head":"<!-- This site is optimized with the Yoast SEO plugin v20.8 - https:\/\/yoast.com\/wordpress\/plugins\/seo\/ -->\n<title>Lo que tengo te doy - La Prensa Cristiana<\/title>\n<meta name=\"robots\" content=\"index, follow, max-snippet:-1, max-image-preview:large, max-video-preview:-1\" \/>\n<link rel=\"canonical\" href=\"https:\/\/laprensacristiana.com\/?p=10515\" \/>\n<meta property=\"og:locale\" content=\"es_ES\" \/>\n<meta property=\"og:type\" content=\"article\" \/>\n<meta property=\"og:title\" content=\"Lo que tengo te doy - La Prensa Cristiana\" \/>\n<meta property=\"og:description\" content=\"Hechos 3:6 \u201cNo tengo plata ni oro, mas lo que tengo, te doy\u2026\u201d Vamos a ser pragm\u00e1ticos: Todos tenemos algo que dar. Una palabra de aliento. Una oraci\u00f2n de consuelo. Un sue\u00f1o, una visi\u00f2n, un poco de dinero, un pl\u00e1tano o una docena de huevos. No podemos alegar que no tenemos nada que compartir, a [&hellip;]\" \/>\n<meta property=\"og:url\" content=\"https:\/\/laprensacristiana.com\/?p=10515\" \/>\n<meta property=\"og:site_name\" content=\"La Prensa Cristiana\" \/>\n<meta property=\"article:published_time\" content=\"2020-11-02T18:25:51+00:00\" \/>\n<meta property=\"article:modified_time\" content=\"2020-11-02T18:25:52+00:00\" \/>\n<meta property=\"og:image\" content=\"https:\/\/laprensacristiana.com\/wp-content\/uploads\/2020\/01\/2017-11-23-PHOTO-00003245-1.jpg\" \/>\n\t<meta property=\"og:image:width\" content=\"1280\" \/>\n\t<meta property=\"og:image:height\" content=\"714\" \/>\n\t<meta property=\"og:image:type\" content=\"image\/jpeg\" \/>\n<meta name=\"author\" content=\"EDITOR\" \/>\n<meta name=\"twitter:card\" content=\"summary_large_image\" \/>\n<meta name=\"twitter:label1\" content=\"Escrito por\" \/>\n\t<meta name=\"twitter:data1\" content=\"EDITOR\" \/>\n\t<meta name=\"twitter:label2\" content=\"Tiempo de lectura\" \/>\n\t<meta name=\"twitter:data2\" content=\"2 minutos\" \/>\n<script type=\"application\/ld+json\" class=\"yoast-schema-graph\">{\"@context\":\"https:\/\/schema.org\",\"@graph\":[{\"@type\":\"WebPage\",\"@id\":\"https:\/\/laprensacristiana.com\/?p=10515\",\"url\":\"https:\/\/laprensacristiana.com\/?p=10515\",\"name\":\"Lo que tengo te doy - La Prensa Cristiana\",\"isPartOf\":{\"@id\":\"https:\/\/laprensacristiana.com\/#website\"},\"datePublished\":\"2020-11-02T18:25:51+00:00\",\"dateModified\":\"2020-11-02T18:25:52+00:00\",\"author\":{\"@id\":\"https:\/\/laprensacristiana.com\/#\/schema\/person\/3e7d82c6bfd6b1fa67010f8f7cd5256e\"},\"breadcrumb\":{\"@id\":\"https:\/\/laprensacristiana.com\/?p=10515#breadcrumb\"},\"inLanguage\":\"es\",\"potentialAction\":[{\"@type\":\"ReadAction\",\"target\":[\"https:\/\/laprensacristiana.com\/?p=10515\"]}]},{\"@type\":\"BreadcrumbList\",\"@id\":\"https:\/\/laprensacristiana.com\/?p=10515#breadcrumb\",\"itemListElement\":[{\"@type\":\"ListItem\",\"position\":1,\"name\":\"Portada\",\"item\":\"https:\/\/laprensacristiana.com\/\"},{\"@type\":\"ListItem\",\"position\":2,\"name\":\"Lo que tengo te doy\"}]},{\"@type\":\"WebSite\",\"@id\":\"https:\/\/laprensacristiana.com\/#website\",\"url\":\"https:\/\/laprensacristiana.com\/\",\"name\":\"La Prensa Cristiana\",\"description\":\"Anunciando Las Buenas Nuevas\",\"potentialAction\":[{\"@type\":\"SearchAction\",\"target\":{\"@type\":\"EntryPoint\",\"urlTemplate\":\"https:\/\/laprensacristiana.com\/?s={search_term_string}\"},\"query-input\":\"required name=search_term_string\"}],\"inLanguage\":\"es\"},{\"@type\":\"Person\",\"@id\":\"https:\/\/laprensacristiana.com\/#\/schema\/person\/3e7d82c6bfd6b1fa67010f8f7cd5256e\",\"name\":\"EDITOR\",\"image\":{\"@type\":\"ImageObject\",\"inLanguage\":\"es\",\"@id\":\"https:\/\/laprensacristiana.com\/#\/schema\/person\/image\/\",\"url\":\"https:\/\/secure.gravatar.com\/avatar\/72069dfb6c13772d9e8381e3638666d2?s=96&d=mm&r=g\",\"contentUrl\":\"https:\/\/secure.gravatar.com\/avatar\/72069dfb6c13772d9e8381e3638666d2?s=96&d=mm&r=g\",\"caption\":\"EDITOR\"},\"url\":\"https:\/\/laprensacristiana.com\/?author=3\"}]}<\/script>\n<!-- \/ Yoast SEO plugin. -->","yoast_head_json":{"title":"Lo que tengo te doy - La Prensa Cristiana","robots":{"index":"index","follow":"follow","max-snippet":"max-snippet:-1","max-image-preview":"max-image-preview:large","max-video-preview":"max-video-preview:-1"},"canonical":"https:\/\/laprensacristiana.com\/?p=10515","og_locale":"es_ES","og_type":"article","og_title":"Lo que tengo te doy - La Prensa Cristiana","og_description":"Hechos 3:6 \u201cNo tengo plata ni oro, mas lo que tengo, te doy\u2026\u201d Vamos a ser pragm\u00e1ticos: Todos tenemos algo que dar. Una palabra de aliento. Una oraci\u00f2n de consuelo. Un sue\u00f1o, una visi\u00f2n, un poco de dinero, un pl\u00e1tano o una docena de huevos. No podemos alegar que no tenemos nada que compartir, a [&hellip;]","og_url":"https:\/\/laprensacristiana.com\/?p=10515","og_site_name":"La Prensa Cristiana","article_published_time":"2020-11-02T18:25:51+00:00","article_modified_time":"2020-11-02T18:25:52+00:00","og_image":[{"width":1280,"height":714,"url":"https:\/\/laprensacristiana.com\/wp-content\/uploads\/2020\/01\/2017-11-23-PHOTO-00003245-1.jpg","type":"image\/jpeg"}],"author":"EDITOR","twitter_card":"summary_large_image","twitter_misc":{"Escrito por":"EDITOR","Tiempo de lectura":"2 minutos"},"schema":{"@context":"https:\/\/schema.org","@graph":[{"@type":"WebPage","@id":"https:\/\/laprensacristiana.com\/?p=10515","url":"https:\/\/laprensacristiana.com\/?p=10515","name":"Lo que tengo te doy - La Prensa Cristiana","isPartOf":{"@id":"https:\/\/laprensacristiana.com\/#website"},"datePublished":"2020-11-02T18:25:51+00:00","dateModified":"2020-11-02T18:25:52+00:00","author":{"@id":"https:\/\/laprensacristiana.com\/#\/schema\/person\/3e7d82c6bfd6b1fa67010f8f7cd5256e"},"breadcrumb":{"@id":"https:\/\/laprensacristiana.com\/?p=10515#breadcrumb"},"inLanguage":"es","potentialAction":[{"@type":"ReadAction","target":["https:\/\/laprensacristiana.com\/?p=10515"]}]},{"@type":"BreadcrumbList","@id":"https:\/\/laprensacristiana.com\/?p=10515#breadcrumb","itemListElement":[{"@type":"ListItem","position":1,"name":"Portada","item":"https:\/\/laprensacristiana.com\/"},{"@type":"ListItem","position":2,"name":"Lo que tengo te doy"}]},{"@type":"WebSite","@id":"https:\/\/laprensacristiana.com\/#website","url":"https:\/\/laprensacristiana.com\/","name":"La Prensa Cristiana","description":"Anunciando Las Buenas Nuevas","potentialAction":[{"@type":"SearchAction","target":{"@type":"EntryPoint","urlTemplate":"https:\/\/laprensacristiana.com\/?s={search_term_string}"},"query-input":"required name=search_term_string"}],"inLanguage":"es"},{"@type":"Person","@id":"https:\/\/laprensacristiana.com\/#\/schema\/person\/3e7d82c6bfd6b1fa67010f8f7cd5256e","name":"EDITOR","image":{"@type":"ImageObject","inLanguage":"es","@id":"https:\/\/laprensacristiana.com\/#\/schema\/person\/image\/","url":"https:\/\/secure.gravatar.com\/avatar\/72069dfb6c13772d9e8381e3638666d2?s=96&d=mm&r=g","contentUrl":"https:\/\/secure.gravatar.com\/avatar\/72069dfb6c13772d9e8381e3638666d2?s=96&d=mm&r=g","caption":"EDITOR"},"url":"https:\/\/laprensacristiana.com\/?author=3"}]}},"_links":{"self":[{"href":"https:\/\/laprensacristiana.com\/index.php?rest_route=\/wp\/v2\/posts\/10515"}],"collection":[{"href":"https:\/\/laprensacristiana.com\/index.php?rest_route=\/wp\/v2\/posts"}],"about":[{"href":"https:\/\/laprensacristiana.com\/index.php?rest_route=\/wp\/v2\/types\/post"}],"author":[{"embeddable":true,"href":"https:\/\/laprensacristiana.com\/index.php?rest_route=\/wp\/v2\/users\/3"}],"replies":[{"embeddable":true,"href":"https:\/\/laprensacristiana.com\/index.php?rest_route=%2Fwp%2Fv2%2Fcomments&post=10515"}],"version-history":[{"count":1,"href":"https:\/\/laprensacristiana.com\/index.php?rest_route=\/wp\/v2\/posts\/10515\/revisions"}],"predecessor-version":[{"id":10516,"href":"https:\/\/laprensacristiana.com\/index.php?rest_route=\/wp\/v2\/posts\/10515\/revisions\/10516"}],"wp:featuredmedia":[{"embeddable":true,"href":"https:\/\/laprensacristiana.com\/index.php?rest_route=\/wp\/v2\/media\/7949"}],"wp:attachment":[{"href":"https:\/\/laprensacristiana.com\/index.php?rest_route=%2Fwp%2Fv2%2Fmedia&parent=10515"}],"wp:term":[{"taxonomy":"category","embeddable":true,"href":"https:\/\/laprensacristiana.com\/index.php?rest_route=%2Fwp%2Fv2%2Fcategories&post=10515"},{"taxonomy":"post_tag","embeddable":true,"href":"https:\/\/laprensacristiana.com\/index.php?rest_route=%2Fwp%2Fv2%2Ftags&post=10515"}],"curies":[{"name":"wp","href":"https:\/\/api.w.org\/{rel}","templated":true}]}}