{"id":10523,"date":"2020-11-03T13:51:30","date_gmt":"2020-11-03T13:51:30","guid":{"rendered":"https:\/\/laprensacristiana.com\/?p=10523"},"modified":"2020-11-03T13:51:31","modified_gmt":"2020-11-03T13:51:31","slug":"las-iglesias-los-ministerios-de-culto-y-los-laicos-en-la-politica","status":"publish","type":"post","link":"https:\/\/laprensacristiana.com\/?p=10523","title":{"rendered":"Las iglesias, los ministerios de culto y los laicos en la pol\u00edtica"},"content":{"rendered":"\n<p>Por: Mario Vega \/ Pastor General de Misi\u00f3n Cristiana Elim <\/p>\n\n\n\n<p>Al hablar del cristianismo en su relaci\u00f3n con la pol\u00edtica en ning\u00fan momento hemos hecho alguna referencia a que las iglesias o los ministros de culto tengan que realizar una tarea proselitista partidaria.\u00a0Su labor es trabajar en la base de la sociedad donde realizan intervenciones en las relaciones familiares, forman valores y rehacen el entramado social. Esa labor, por apol\u00edtica que quiera presentarse, incide grandemente en la comunidad y en la elaboraci\u00f3n de la conciencia colectiva. Pero los pastores tambi\u00e9n instruyen y se pronuncian en temas \u00e9ticos tales como el valor de la vida humana, el medio ambiente, la violencia, la corrupci\u00f3n y, los m\u00e1s esclarecidos, la justicia. Cuando esas posturas son lo suficientemente serias deben trascender el \u00e1mbito eclesi\u00e1stico para alcanzar la vida p\u00fablica, lo cual, impone el uso de un lenguaje y una argumentaci\u00f3n distintos de los de la iglesia. En ese momento, los pastores y las iglesias se encuentran ya ejerciendo una acci\u00f3n pol\u00edtica y no porque sea la pol\u00edtica su fin ni su principio sino porque si su mensaje es aut\u00e9ntico, no puede dejar de alcanzar esa esfera. Pero lo hacen sin atarse a los l\u00edmites de una ideolog\u00eda.<\/p>\n\n\n\n<p>Algunos de esos pastores se convierten en la minor\u00eda prof\u00e9tica que defiende el derecho y la verdad a pesar de la persecuci\u00f3n y las amenazas. Que optan por la vida plena de Dios en contra de las fuerzas de la muerte, por la solidaridad en contra del ego\u00edsmo y por la soberan\u00eda de Dios en contra de su utilizaci\u00f3n electoral. En ese punto, la fortaleza e influencia del pastor cristiano son de car\u00e1cter \u00e9tico y las conservar\u00e1 todo el tiempo que se mantenga separado del partidismo. En el momento en que se pliegue a una bandera particular su capacidad de influencia se ver\u00e1 anulada. Por el contrario, su eficacia pol\u00edtica ser\u00e1 mayor en la medida que mayor sea su distanciamiento de la militancia partidaria. Es esa eficacia la que le acarrea descalificaciones de quienes se incomodan por la incongruencia de sus \u00eddolos con los valores \u00e9ticos que les dejan sin respuesta.<\/p>\n\n\n\n<p>Por su parte, los cristianos que no son ministros pero que son consecuentes con la naturaleza y misi\u00f3n de la iglesia buscar\u00e1n un compromiso creciente con la vida de la polis. Algunos de ellos ser\u00e1n llamados para convertirse en los misioneros que cruzar\u00e1n la frontera de la pol\u00edtica partidaria para servir en ella y encarnar las buenas nuevas del reinado de Dios que han de resultar en la transformaci\u00f3n de las maneras tradicionales de detentar el poder. Mientras el creyente no doblegue los valores \u00e9ticos podr\u00e1 caminar por los enrevesados caminos de la pol\u00edtica partidaria vi\u00e9ndose como uno que tiene una misi\u00f3n que cumplir: la de utilizar los instrumentos del poder para la promoci\u00f3n de la verdad y la justicia. Para ello, se requiere una s\u00f3lida espiritualidad, car\u00e1cter probado y el acompa\u00f1amiento de la comunidad de fe.<\/p>\n\n\n\n<p>La gran meta es la de transformar el poder pol\u00edtico en una instancia de servicio para las mayor\u00edas. En la medida que eso se produzca el abismo que existe entre la confianza que la ciudadan\u00eda deposita en las iglesias y en los pol\u00edticos se ir\u00e1 nivelando para hacer m\u00e1s entendibles las responsabilidades cristianas en la esfera social. Alcanzado eso, los funcionarios recibir\u00e1n de la poblaci\u00f3n mayores exigencias, lo cual, es justo y necesario para alcanzar el bien com\u00fan en un pa\u00eds tan sufrido y burlado como lo es El Salvador.<\/p>\n","protected":false},"excerpt":{"rendered":"<p>Por: Mario Vega \/ Pastor General de Misi\u00f3n Cristiana Elim Al hablar del cristianismo en su relaci\u00f3n con la pol\u00edtica en ning\u00fan momento hemos hecho alguna referencia a que las iglesias o los ministros de culto tengan que realizar una tarea proselitista partidaria.\u00a0Su labor es trabajar en la base de la sociedad donde realizan intervenciones [&hellip;]<\/p>\n","protected":false},"author":3,"featured_media":6072,"comment_status":"open","ping_status":"open","sticky":false,"template":"","format":"standard","meta":[],"categories":[23],"tags":[],"yoast_head":"<!-- This site is optimized with the Yoast SEO plugin v20.8 - https:\/\/yoast.com\/wordpress\/plugins\/seo\/ -->\n<title>Las iglesias, los ministerios de culto y los laicos en la pol\u00edtica - La Prensa Cristiana<\/title>\n<meta name=\"robots\" content=\"index, follow, max-snippet:-1, max-image-preview:large, max-video-preview:-1\" \/>\n<link rel=\"canonical\" href=\"https:\/\/laprensacristiana.com\/?p=10523\" \/>\n<meta property=\"og:locale\" content=\"es_ES\" \/>\n<meta property=\"og:type\" content=\"article\" \/>\n<meta property=\"og:title\" content=\"Las iglesias, los ministerios de culto y los laicos en la pol\u00edtica - La Prensa Cristiana\" \/>\n<meta property=\"og:description\" content=\"Por: Mario Vega \/ Pastor General de Misi\u00f3n Cristiana Elim Al hablar del cristianismo en su relaci\u00f3n con la pol\u00edtica en ning\u00fan momento hemos hecho alguna referencia a que las iglesias o los ministros de culto tengan que realizar una tarea proselitista partidaria.\u00a0Su labor es trabajar en la base de la sociedad donde realizan intervenciones [&hellip;]\" \/>\n<meta property=\"og:url\" content=\"https:\/\/laprensacristiana.com\/?p=10523\" \/>\n<meta property=\"og:site_name\" content=\"La Prensa Cristiana\" \/>\n<meta property=\"article:published_time\" content=\"2020-11-03T13:51:30+00:00\" \/>\n<meta property=\"article:modified_time\" content=\"2020-11-03T13:51:31+00:00\" \/>\n<meta property=\"og:image\" content=\"https:\/\/laprensacristiana.com\/wp-content\/uploads\/2019\/06\/OPINION-01-scaled.jpg\" \/>\n\t<meta property=\"og:image:width\" content=\"2560\" \/>\n\t<meta property=\"og:image:height\" content=\"1429\" \/>\n\t<meta property=\"og:image:type\" content=\"image\/jpeg\" \/>\n<meta name=\"author\" content=\"EDITOR\" \/>\n<meta name=\"twitter:card\" content=\"summary_large_image\" \/>\n<meta name=\"twitter:label1\" content=\"Escrito por\" \/>\n\t<meta name=\"twitter:data1\" content=\"EDITOR\" \/>\n\t<meta name=\"twitter:label2\" content=\"Tiempo de lectura\" \/>\n\t<meta name=\"twitter:data2\" content=\"3 minutos\" \/>\n<script type=\"application\/ld+json\" class=\"yoast-schema-graph\">{\"@context\":\"https:\/\/schema.org\",\"@graph\":[{\"@type\":\"WebPage\",\"@id\":\"https:\/\/laprensacristiana.com\/?p=10523\",\"url\":\"https:\/\/laprensacristiana.com\/?p=10523\",\"name\":\"Las iglesias, los ministerios de culto y los laicos en la pol\u00edtica - La Prensa Cristiana\",\"isPartOf\":{\"@id\":\"https:\/\/laprensacristiana.com\/#website\"},\"datePublished\":\"2020-11-03T13:51:30+00:00\",\"dateModified\":\"2020-11-03T13:51:31+00:00\",\"author\":{\"@id\":\"https:\/\/laprensacristiana.com\/#\/schema\/person\/3e7d82c6bfd6b1fa67010f8f7cd5256e\"},\"breadcrumb\":{\"@id\":\"https:\/\/laprensacristiana.com\/?p=10523#breadcrumb\"},\"inLanguage\":\"es\",\"potentialAction\":[{\"@type\":\"ReadAction\",\"target\":[\"https:\/\/laprensacristiana.com\/?p=10523\"]}]},{\"@type\":\"BreadcrumbList\",\"@id\":\"https:\/\/laprensacristiana.com\/?p=10523#breadcrumb\",\"itemListElement\":[{\"@type\":\"ListItem\",\"position\":1,\"name\":\"Portada\",\"item\":\"https:\/\/laprensacristiana.com\/\"},{\"@type\":\"ListItem\",\"position\":2,\"name\":\"Las iglesias, los ministerios de culto y los laicos en la pol\u00edtica\"}]},{\"@type\":\"WebSite\",\"@id\":\"https:\/\/laprensacristiana.com\/#website\",\"url\":\"https:\/\/laprensacristiana.com\/\",\"name\":\"La Prensa Cristiana\",\"description\":\"Anunciando Las Buenas Nuevas\",\"potentialAction\":[{\"@type\":\"SearchAction\",\"target\":{\"@type\":\"EntryPoint\",\"urlTemplate\":\"https:\/\/laprensacristiana.com\/?s={search_term_string}\"},\"query-input\":\"required name=search_term_string\"}],\"inLanguage\":\"es\"},{\"@type\":\"Person\",\"@id\":\"https:\/\/laprensacristiana.com\/#\/schema\/person\/3e7d82c6bfd6b1fa67010f8f7cd5256e\",\"name\":\"EDITOR\",\"image\":{\"@type\":\"ImageObject\",\"inLanguage\":\"es\",\"@id\":\"https:\/\/laprensacristiana.com\/#\/schema\/person\/image\/\",\"url\":\"https:\/\/secure.gravatar.com\/avatar\/72069dfb6c13772d9e8381e3638666d2?s=96&d=mm&r=g\",\"contentUrl\":\"https:\/\/secure.gravatar.com\/avatar\/72069dfb6c13772d9e8381e3638666d2?s=96&d=mm&r=g\",\"caption\":\"EDITOR\"},\"url\":\"https:\/\/laprensacristiana.com\/?author=3\"}]}<\/script>\n<!-- \/ Yoast SEO plugin. -->","yoast_head_json":{"title":"Las iglesias, los ministerios de culto y los laicos en la pol\u00edtica - La Prensa Cristiana","robots":{"index":"index","follow":"follow","max-snippet":"max-snippet:-1","max-image-preview":"max-image-preview:large","max-video-preview":"max-video-preview:-1"},"canonical":"https:\/\/laprensacristiana.com\/?p=10523","og_locale":"es_ES","og_type":"article","og_title":"Las iglesias, los ministerios de culto y los laicos en la pol\u00edtica - La Prensa Cristiana","og_description":"Por: Mario Vega \/ Pastor General de Misi\u00f3n Cristiana Elim Al hablar del cristianismo en su relaci\u00f3n con la pol\u00edtica en ning\u00fan momento hemos hecho alguna referencia a que las iglesias o los ministros de culto tengan que realizar una tarea proselitista partidaria.\u00a0Su labor es trabajar en la base de la sociedad donde realizan intervenciones [&hellip;]","og_url":"https:\/\/laprensacristiana.com\/?p=10523","og_site_name":"La Prensa Cristiana","article_published_time":"2020-11-03T13:51:30+00:00","article_modified_time":"2020-11-03T13:51:31+00:00","og_image":[{"width":2560,"height":1429,"url":"https:\/\/laprensacristiana.com\/wp-content\/uploads\/2019\/06\/OPINION-01-scaled.jpg","type":"image\/jpeg"}],"author":"EDITOR","twitter_card":"summary_large_image","twitter_misc":{"Escrito por":"EDITOR","Tiempo de lectura":"3 minutos"},"schema":{"@context":"https:\/\/schema.org","@graph":[{"@type":"WebPage","@id":"https:\/\/laprensacristiana.com\/?p=10523","url":"https:\/\/laprensacristiana.com\/?p=10523","name":"Las iglesias, los ministerios de culto y los laicos en la pol\u00edtica - La Prensa Cristiana","isPartOf":{"@id":"https:\/\/laprensacristiana.com\/#website"},"datePublished":"2020-11-03T13:51:30+00:00","dateModified":"2020-11-03T13:51:31+00:00","author":{"@id":"https:\/\/laprensacristiana.com\/#\/schema\/person\/3e7d82c6bfd6b1fa67010f8f7cd5256e"},"breadcrumb":{"@id":"https:\/\/laprensacristiana.com\/?p=10523#breadcrumb"},"inLanguage":"es","potentialAction":[{"@type":"ReadAction","target":["https:\/\/laprensacristiana.com\/?p=10523"]}]},{"@type":"BreadcrumbList","@id":"https:\/\/laprensacristiana.com\/?p=10523#breadcrumb","itemListElement":[{"@type":"ListItem","position":1,"name":"Portada","item":"https:\/\/laprensacristiana.com\/"},{"@type":"ListItem","position":2,"name":"Las iglesias, los ministerios de culto y los laicos en la pol\u00edtica"}]},{"@type":"WebSite","@id":"https:\/\/laprensacristiana.com\/#website","url":"https:\/\/laprensacristiana.com\/","name":"La Prensa Cristiana","description":"Anunciando Las Buenas Nuevas","potentialAction":[{"@type":"SearchAction","target":{"@type":"EntryPoint","urlTemplate":"https:\/\/laprensacristiana.com\/?s={search_term_string}"},"query-input":"required name=search_term_string"}],"inLanguage":"es"},{"@type":"Person","@id":"https:\/\/laprensacristiana.com\/#\/schema\/person\/3e7d82c6bfd6b1fa67010f8f7cd5256e","name":"EDITOR","image":{"@type":"ImageObject","inLanguage":"es","@id":"https:\/\/laprensacristiana.com\/#\/schema\/person\/image\/","url":"https:\/\/secure.gravatar.com\/avatar\/72069dfb6c13772d9e8381e3638666d2?s=96&d=mm&r=g","contentUrl":"https:\/\/secure.gravatar.com\/avatar\/72069dfb6c13772d9e8381e3638666d2?s=96&d=mm&r=g","caption":"EDITOR"},"url":"https:\/\/laprensacristiana.com\/?author=3"}]}},"_links":{"self":[{"href":"https:\/\/laprensacristiana.com\/index.php?rest_route=\/wp\/v2\/posts\/10523"}],"collection":[{"href":"https:\/\/laprensacristiana.com\/index.php?rest_route=\/wp\/v2\/posts"}],"about":[{"href":"https:\/\/laprensacristiana.com\/index.php?rest_route=\/wp\/v2\/types\/post"}],"author":[{"embeddable":true,"href":"https:\/\/laprensacristiana.com\/index.php?rest_route=\/wp\/v2\/users\/3"}],"replies":[{"embeddable":true,"href":"https:\/\/laprensacristiana.com\/index.php?rest_route=%2Fwp%2Fv2%2Fcomments&post=10523"}],"version-history":[{"count":1,"href":"https:\/\/laprensacristiana.com\/index.php?rest_route=\/wp\/v2\/posts\/10523\/revisions"}],"predecessor-version":[{"id":10524,"href":"https:\/\/laprensacristiana.com\/index.php?rest_route=\/wp\/v2\/posts\/10523\/revisions\/10524"}],"wp:featuredmedia":[{"embeddable":true,"href":"https:\/\/laprensacristiana.com\/index.php?rest_route=\/wp\/v2\/media\/6072"}],"wp:attachment":[{"href":"https:\/\/laprensacristiana.com\/index.php?rest_route=%2Fwp%2Fv2%2Fmedia&parent=10523"}],"wp:term":[{"taxonomy":"category","embeddable":true,"href":"https:\/\/laprensacristiana.com\/index.php?rest_route=%2Fwp%2Fv2%2Fcategories&post=10523"},{"taxonomy":"post_tag","embeddable":true,"href":"https:\/\/laprensacristiana.com\/index.php?rest_route=%2Fwp%2Fv2%2Ftags&post=10523"}],"curies":[{"name":"wp","href":"https:\/\/api.w.org\/{rel}","templated":true}]}}