{"id":10527,"date":"2020-11-04T15:59:45","date_gmt":"2020-11-04T15:59:45","guid":{"rendered":"https:\/\/laprensacristiana.com\/?p=10527"},"modified":"2020-11-04T15:59:46","modified_gmt":"2020-11-04T15:59:46","slug":"oracion-esperanza-y-solidaridad","status":"publish","type":"post","link":"https:\/\/laprensacristiana.com\/?p=10527","title":{"rendered":"Oraci\u00f3n, esperanza y solidaridad"},"content":{"rendered":"\n<p>La m\u00e1s poderosa y fuerte arma que el ser humano pueda tener es la oraci\u00f3n.<br>La oraci\u00f3n rompe el mundo natural, para que el mundo espiritual prevalezca; los pastores, el liderazgo ministerial debemos hacer uso de forma m\u00e1s frecuente de esta herramienta maravillosa que el Se\u00f1or nos ha dado, utilizada como una oraci\u00f3n intercesora, o una oraci\u00f3n de clamor, una oraci\u00f3n de declaraci\u00f3n y autoridad, como una oraci\u00f3n de arrepentimiento, perd\u00f3n y misericordia, o la oraci\u00f3n de restituci\u00f3n, todas ellas son necesaria para nuestro territorio.<br>El Salvador por su posici\u00f3n geogr\u00e1fica es muy com\u00fan que reciba debacles naturales, terremotos, tormentas, etc. La iglesia ha aprendido a reaccionar y atender, acompa\u00f1ar y solidarizarnos con las personas que se encuentran en profunda necesidad, de dolor o de luto, de hambre o de frio por los acontecimientos; no podemos humanamente prevenir, pues no est\u00e1 en nuestras manos, trabajos de prevenci\u00f3n, sino en autoridades gubernamentales y municipales de acuerdo a la ley, sin embargo creo que es muy importante que mantengamos siempre una oraci\u00f3n por la tierra.<br>La Biblia es clara en motivarnos a humillarnos, buscar de Dios y apartarnos del mal: \u201cSi se humillare mi pueblo, sobre el cual mi nombre es invocado, y oraren, y buscaren mi rostro, y se convirtieren de sus malos caminos; entonces yo oir\u00e9 desde los cielos, y perdonar\u00e9 sus pecados, y sanar\u00e9 su tierra.\u201d 2 Cr\u00f3nicas 7:14<br>Como tambi\u00e9n es importante que nos pongamos en medio de la situaci\u00f3n, no que nos escondamos sino que accionemos y seamos un estandarte que clame por un cese de toda amenaza de cat\u00e1strofe: \u201cEntonces Aar\u00f3n hizo como Mois\u00e9s le dijo y corri\u00f3 entre el pueblo. La plaga ya hab\u00eda comenzado a matar a la gente, pero Aar\u00f3n quem\u00f3 el incienso y purific\u00f3 al pueblo. Se puso entre los vivos y los muertos y se detuvo la plaga.\u201d N\u00fameros 16:47 y 48<br>Es importante que tengamos mayor conciencia de nuestra funci\u00f3n, antes y despu\u00e9s.<br>La iglesia tiene una acci\u00f3n espiritual, pero tambi\u00e9n social que realiza, est\u00e1 a las \u00f3rdenes de las autoridades gubernamentales, municipales y legislativas para la ejecuci\u00f3n de cualquier acci\u00f3n solidaria que beneficie de manera oportuna a quienes m\u00e1s lo necesitan.<br>La iglesia es pregonera de paz, aunque nuestra primera reacci\u00f3n humana ante un cataclismo es de incertidumbre, sabemos que Dios est\u00e1 por encima de un siniestro, y nuestra tarea es trascender, estableciendo puentes entre el necesitado y Dios.<\/p>\n","protected":false},"excerpt":{"rendered":"<p>La m\u00e1s poderosa y fuerte arma que el ser humano pueda tener es la oraci\u00f3n.La oraci\u00f3n rompe el mundo natural, para que el mundo espiritual prevalezca; los pastores, el liderazgo ministerial debemos hacer uso de forma m\u00e1s frecuente de esta herramienta maravillosa que el Se\u00f1or nos ha dado, utilizada como una oraci\u00f3n intercesora, o una [&hellip;]<\/p>\n","protected":false},"author":3,"featured_media":9965,"comment_status":"open","ping_status":"open","sticky":false,"template":"","format":"standard","meta":[],"categories":[23],"tags":[],"yoast_head":"<!-- This site is optimized with the Yoast SEO plugin v20.8 - https:\/\/yoast.com\/wordpress\/plugins\/seo\/ -->\n<title>Oraci\u00f3n, esperanza y solidaridad - La Prensa Cristiana<\/title>\n<meta name=\"robots\" content=\"index, follow, max-snippet:-1, max-image-preview:large, max-video-preview:-1\" \/>\n<link rel=\"canonical\" href=\"https:\/\/laprensacristiana.com\/?p=10527\" \/>\n<meta property=\"og:locale\" content=\"es_ES\" \/>\n<meta property=\"og:type\" content=\"article\" \/>\n<meta property=\"og:title\" content=\"Oraci\u00f3n, esperanza y solidaridad - La Prensa Cristiana\" \/>\n<meta property=\"og:description\" content=\"La m\u00e1s poderosa y fuerte arma que el ser humano pueda tener es la oraci\u00f3n.La oraci\u00f3n rompe el mundo natural, para que el mundo espiritual prevalezca; los pastores, el liderazgo ministerial debemos hacer uso de forma m\u00e1s frecuente de esta herramienta maravillosa que el Se\u00f1or nos ha dado, utilizada como una oraci\u00f3n intercesora, o una [&hellip;]\" \/>\n<meta property=\"og:url\" content=\"https:\/\/laprensacristiana.com\/?p=10527\" \/>\n<meta property=\"og:site_name\" content=\"La Prensa Cristiana\" \/>\n<meta property=\"article:published_time\" content=\"2020-11-04T15:59:45+00:00\" \/>\n<meta property=\"article:modified_time\" content=\"2020-11-04T15:59:46+00:00\" \/>\n<meta property=\"og:image\" content=\"https:\/\/laprensacristiana.com\/wp-content\/uploads\/2020\/08\/IMG-20200806-WA0055.jpg\" \/>\n\t<meta property=\"og:image:width\" content=\"776\" \/>\n\t<meta property=\"og:image:height\" content=\"393\" \/>\n\t<meta property=\"og:image:type\" content=\"image\/jpeg\" \/>\n<meta name=\"author\" content=\"EDITOR\" \/>\n<meta name=\"twitter:card\" content=\"summary_large_image\" \/>\n<meta name=\"twitter:label1\" content=\"Escrito por\" \/>\n\t<meta name=\"twitter:data1\" content=\"EDITOR\" \/>\n\t<meta name=\"twitter:label2\" content=\"Tiempo de lectura\" \/>\n\t<meta name=\"twitter:data2\" content=\"2 minutos\" \/>\n<script type=\"application\/ld+json\" class=\"yoast-schema-graph\">{\"@context\":\"https:\/\/schema.org\",\"@graph\":[{\"@type\":\"WebPage\",\"@id\":\"https:\/\/laprensacristiana.com\/?p=10527\",\"url\":\"https:\/\/laprensacristiana.com\/?p=10527\",\"name\":\"Oraci\u00f3n, esperanza y solidaridad - La Prensa Cristiana\",\"isPartOf\":{\"@id\":\"https:\/\/laprensacristiana.com\/#website\"},\"datePublished\":\"2020-11-04T15:59:45+00:00\",\"dateModified\":\"2020-11-04T15:59:46+00:00\",\"author\":{\"@id\":\"https:\/\/laprensacristiana.com\/#\/schema\/person\/3e7d82c6bfd6b1fa67010f8f7cd5256e\"},\"breadcrumb\":{\"@id\":\"https:\/\/laprensacristiana.com\/?p=10527#breadcrumb\"},\"inLanguage\":\"es\",\"potentialAction\":[{\"@type\":\"ReadAction\",\"target\":[\"https:\/\/laprensacristiana.com\/?p=10527\"]}]},{\"@type\":\"BreadcrumbList\",\"@id\":\"https:\/\/laprensacristiana.com\/?p=10527#breadcrumb\",\"itemListElement\":[{\"@type\":\"ListItem\",\"position\":1,\"name\":\"Portada\",\"item\":\"https:\/\/laprensacristiana.com\/\"},{\"@type\":\"ListItem\",\"position\":2,\"name\":\"Oraci\u00f3n, esperanza y solidaridad\"}]},{\"@type\":\"WebSite\",\"@id\":\"https:\/\/laprensacristiana.com\/#website\",\"url\":\"https:\/\/laprensacristiana.com\/\",\"name\":\"La Prensa Cristiana\",\"description\":\"Anunciando Las Buenas Nuevas\",\"potentialAction\":[{\"@type\":\"SearchAction\",\"target\":{\"@type\":\"EntryPoint\",\"urlTemplate\":\"https:\/\/laprensacristiana.com\/?s={search_term_string}\"},\"query-input\":\"required name=search_term_string\"}],\"inLanguage\":\"es\"},{\"@type\":\"Person\",\"@id\":\"https:\/\/laprensacristiana.com\/#\/schema\/person\/3e7d82c6bfd6b1fa67010f8f7cd5256e\",\"name\":\"EDITOR\",\"image\":{\"@type\":\"ImageObject\",\"inLanguage\":\"es\",\"@id\":\"https:\/\/laprensacristiana.com\/#\/schema\/person\/image\/\",\"url\":\"https:\/\/secure.gravatar.com\/avatar\/72069dfb6c13772d9e8381e3638666d2?s=96&d=mm&r=g\",\"contentUrl\":\"https:\/\/secure.gravatar.com\/avatar\/72069dfb6c13772d9e8381e3638666d2?s=96&d=mm&r=g\",\"caption\":\"EDITOR\"},\"url\":\"https:\/\/laprensacristiana.com\/?author=3\"}]}<\/script>\n<!-- \/ Yoast SEO plugin. -->","yoast_head_json":{"title":"Oraci\u00f3n, esperanza y solidaridad - La Prensa Cristiana","robots":{"index":"index","follow":"follow","max-snippet":"max-snippet:-1","max-image-preview":"max-image-preview:large","max-video-preview":"max-video-preview:-1"},"canonical":"https:\/\/laprensacristiana.com\/?p=10527","og_locale":"es_ES","og_type":"article","og_title":"Oraci\u00f3n, esperanza y solidaridad - La Prensa Cristiana","og_description":"La m\u00e1s poderosa y fuerte arma que el ser humano pueda tener es la oraci\u00f3n.La oraci\u00f3n rompe el mundo natural, para que el mundo espiritual prevalezca; los pastores, el liderazgo ministerial debemos hacer uso de forma m\u00e1s frecuente de esta herramienta maravillosa que el Se\u00f1or nos ha dado, utilizada como una oraci\u00f3n intercesora, o una [&hellip;]","og_url":"https:\/\/laprensacristiana.com\/?p=10527","og_site_name":"La Prensa Cristiana","article_published_time":"2020-11-04T15:59:45+00:00","article_modified_time":"2020-11-04T15:59:46+00:00","og_image":[{"width":776,"height":393,"url":"https:\/\/laprensacristiana.com\/wp-content\/uploads\/2020\/08\/IMG-20200806-WA0055.jpg","type":"image\/jpeg"}],"author":"EDITOR","twitter_card":"summary_large_image","twitter_misc":{"Escrito por":"EDITOR","Tiempo de lectura":"2 minutos"},"schema":{"@context":"https:\/\/schema.org","@graph":[{"@type":"WebPage","@id":"https:\/\/laprensacristiana.com\/?p=10527","url":"https:\/\/laprensacristiana.com\/?p=10527","name":"Oraci\u00f3n, esperanza y solidaridad - La Prensa Cristiana","isPartOf":{"@id":"https:\/\/laprensacristiana.com\/#website"},"datePublished":"2020-11-04T15:59:45+00:00","dateModified":"2020-11-04T15:59:46+00:00","author":{"@id":"https:\/\/laprensacristiana.com\/#\/schema\/person\/3e7d82c6bfd6b1fa67010f8f7cd5256e"},"breadcrumb":{"@id":"https:\/\/laprensacristiana.com\/?p=10527#breadcrumb"},"inLanguage":"es","potentialAction":[{"@type":"ReadAction","target":["https:\/\/laprensacristiana.com\/?p=10527"]}]},{"@type":"BreadcrumbList","@id":"https:\/\/laprensacristiana.com\/?p=10527#breadcrumb","itemListElement":[{"@type":"ListItem","position":1,"name":"Portada","item":"https:\/\/laprensacristiana.com\/"},{"@type":"ListItem","position":2,"name":"Oraci\u00f3n, esperanza y solidaridad"}]},{"@type":"WebSite","@id":"https:\/\/laprensacristiana.com\/#website","url":"https:\/\/laprensacristiana.com\/","name":"La Prensa Cristiana","description":"Anunciando Las Buenas Nuevas","potentialAction":[{"@type":"SearchAction","target":{"@type":"EntryPoint","urlTemplate":"https:\/\/laprensacristiana.com\/?s={search_term_string}"},"query-input":"required name=search_term_string"}],"inLanguage":"es"},{"@type":"Person","@id":"https:\/\/laprensacristiana.com\/#\/schema\/person\/3e7d82c6bfd6b1fa67010f8f7cd5256e","name":"EDITOR","image":{"@type":"ImageObject","inLanguage":"es","@id":"https:\/\/laprensacristiana.com\/#\/schema\/person\/image\/","url":"https:\/\/secure.gravatar.com\/avatar\/72069dfb6c13772d9e8381e3638666d2?s=96&d=mm&r=g","contentUrl":"https:\/\/secure.gravatar.com\/avatar\/72069dfb6c13772d9e8381e3638666d2?s=96&d=mm&r=g","caption":"EDITOR"},"url":"https:\/\/laprensacristiana.com\/?author=3"}]}},"_links":{"self":[{"href":"https:\/\/laprensacristiana.com\/index.php?rest_route=\/wp\/v2\/posts\/10527"}],"collection":[{"href":"https:\/\/laprensacristiana.com\/index.php?rest_route=\/wp\/v2\/posts"}],"about":[{"href":"https:\/\/laprensacristiana.com\/index.php?rest_route=\/wp\/v2\/types\/post"}],"author":[{"embeddable":true,"href":"https:\/\/laprensacristiana.com\/index.php?rest_route=\/wp\/v2\/users\/3"}],"replies":[{"embeddable":true,"href":"https:\/\/laprensacristiana.com\/index.php?rest_route=%2Fwp%2Fv2%2Fcomments&post=10527"}],"version-history":[{"count":1,"href":"https:\/\/laprensacristiana.com\/index.php?rest_route=\/wp\/v2\/posts\/10527\/revisions"}],"predecessor-version":[{"id":10528,"href":"https:\/\/laprensacristiana.com\/index.php?rest_route=\/wp\/v2\/posts\/10527\/revisions\/10528"}],"wp:featuredmedia":[{"embeddable":true,"href":"https:\/\/laprensacristiana.com\/index.php?rest_route=\/wp\/v2\/media\/9965"}],"wp:attachment":[{"href":"https:\/\/laprensacristiana.com\/index.php?rest_route=%2Fwp%2Fv2%2Fmedia&parent=10527"}],"wp:term":[{"taxonomy":"category","embeddable":true,"href":"https:\/\/laprensacristiana.com\/index.php?rest_route=%2Fwp%2Fv2%2Fcategories&post=10527"},{"taxonomy":"post_tag","embeddable":true,"href":"https:\/\/laprensacristiana.com\/index.php?rest_route=%2Fwp%2Fv2%2Ftags&post=10527"}],"curies":[{"name":"wp","href":"https:\/\/api.w.org\/{rel}","templated":true}]}}