{"id":10539,"date":"2020-11-04T22:21:37","date_gmt":"2020-11-04T22:21:37","guid":{"rendered":"https:\/\/laprensacristiana.com\/?p=10539"},"modified":"2020-11-04T22:21:38","modified_gmt":"2020-11-04T22:21:38","slug":"desechables","status":"publish","type":"post","link":"https:\/\/laprensacristiana.com\/?p=10539","title":{"rendered":"Desechables"},"content":{"rendered":"\n<p>\u00bfNunca se ha preguntado por qu\u00e9 cuando un hombre o mujer se jubilan de su empleo empiezan a declinar en sus vidas?&nbsp; Pierden la perspectiva de la vida. Como p\u00e1bilos, se van quedando sin la llama que antes les caracterizaba en sus trabajos, cuando eran personas \u00fatiles a la sociedad, cuando se sent\u00edan indispensables y manten\u00edan sus mentes ocupadas en crear sistemas, ideas y aportar sus conocimientos a los dem\u00e1s.<\/p>\n\n\n\n<p>Pero la misma sociedad a la que sirvieron en sus mejores a\u00f1os, los desecha. Los ve como estorbos porque se ponen lentos, ya no rinden con la misma cantidad de fuerza que antes y, aunque sean m\u00e1s sabios y conocedores de los avatares diarios, los echan a un lado porque ya no sirven para cumplir los prop\u00f3sitos de su empresa, su gobierno o su familia.<\/p>\n\n\n\n<p>En una palabra: Los jubilan. Y a causa de la inactividad se van apagando poco a poco. Se encorvan por el peso de la inutilidad, se enferman por sentirse in\u00fatiles, que ya no sirven para nada, que se les ha hecho a un lado para que no estorben y que duerman todo lo que quieran para que no hagan tanta bulla.<\/p>\n\n\n\n<p>El dolor de la jubilaci\u00f3n.<\/p>\n\n\n\n<p>Pero Dios piensa lo contrario. Dios no nos jubila aunque peinemos canas. Es m\u00e1s, mientras m\u00e1s viejo m\u00e1s \u00fatil. Mientras m\u00e1s de la tercera edad, m\u00e1s ocupados quiere que estemos. Mientras m\u00e1s vejez, m\u00e1s experiencia, menos pecado, menos deleites mundanos, menos enojos, m\u00e1s sabidur\u00eda, m\u00e1s conocimiento y m\u00e1s riqueza espiritual. Es por eso que sus grandes hombres y mujeres fueron mayores de 80 a\u00f1os en adelante. Preg\u00fantele a Abraham. A Sara. A Isaac y Jacob. A David, Isaias y Am\u00f3s.<\/p>\n\n\n\n<p>Por eso es doloroso que muchos j\u00f3venes a\u00fan, se han jubilado en el servicio al Se\u00f1or. Se han auto jubilado porque creen que ya no sirven cuando es el tiempo de rendir m\u00e1s que antes. Darle su mejor alabanza, su mejor adoraci\u00f3n, su mejor intercesi\u00f3n, lo mejor de su vida, la riqueza de sus a\u00f1os, la brillantez de su alma.<\/p>\n\n\n\n<p>SOLI DEO GLORIA<\/p>\n","protected":false},"excerpt":{"rendered":"<p>\u00bfNunca se ha preguntado por qu\u00e9 cuando un hombre o mujer se jubilan de su empleo empiezan a declinar en sus vidas?&nbsp; Pierden la perspectiva de la vida. Como p\u00e1bilos, se van quedando sin la llama que antes les caracterizaba en sus trabajos, cuando eran personas \u00fatiles a la sociedad, cuando se sent\u00edan indispensables y [&hellip;]<\/p>\n","protected":false},"author":3,"featured_media":7949,"comment_status":"open","ping_status":"open","sticky":false,"template":"","format":"standard","meta":[],"categories":[36],"tags":[],"yoast_head":"<!-- This site is optimized with the Yoast SEO plugin v20.8 - https:\/\/yoast.com\/wordpress\/plugins\/seo\/ -->\n<title>Desechables - La Prensa Cristiana<\/title>\n<meta name=\"robots\" content=\"index, follow, max-snippet:-1, max-image-preview:large, max-video-preview:-1\" \/>\n<link rel=\"canonical\" href=\"https:\/\/laprensacristiana.com\/?p=10539\" \/>\n<meta property=\"og:locale\" content=\"es_ES\" \/>\n<meta property=\"og:type\" content=\"article\" \/>\n<meta property=\"og:title\" content=\"Desechables - La Prensa Cristiana\" \/>\n<meta property=\"og:description\" content=\"\u00bfNunca se ha preguntado por qu\u00e9 cuando un hombre o mujer se jubilan de su empleo empiezan a declinar en sus vidas?&nbsp; Pierden la perspectiva de la vida. Como p\u00e1bilos, se van quedando sin la llama que antes les caracterizaba en sus trabajos, cuando eran personas \u00fatiles a la sociedad, cuando se sent\u00edan indispensables y [&hellip;]\" \/>\n<meta property=\"og:url\" content=\"https:\/\/laprensacristiana.com\/?p=10539\" \/>\n<meta property=\"og:site_name\" content=\"La Prensa Cristiana\" \/>\n<meta property=\"article:published_time\" content=\"2020-11-04T22:21:37+00:00\" \/>\n<meta property=\"article:modified_time\" content=\"2020-11-04T22:21:38+00:00\" \/>\n<meta property=\"og:image\" content=\"https:\/\/laprensacristiana.com\/wp-content\/uploads\/2020\/01\/2017-11-23-PHOTO-00003245-1.jpg\" \/>\n\t<meta property=\"og:image:width\" content=\"1280\" \/>\n\t<meta property=\"og:image:height\" content=\"714\" \/>\n\t<meta property=\"og:image:type\" content=\"image\/jpeg\" \/>\n<meta name=\"author\" content=\"EDITOR\" \/>\n<meta name=\"twitter:card\" content=\"summary_large_image\" \/>\n<meta name=\"twitter:label1\" content=\"Escrito por\" \/>\n\t<meta name=\"twitter:data1\" content=\"EDITOR\" \/>\n\t<meta name=\"twitter:label2\" content=\"Tiempo de lectura\" \/>\n\t<meta name=\"twitter:data2\" content=\"2 minutos\" \/>\n<script type=\"application\/ld+json\" class=\"yoast-schema-graph\">{\"@context\":\"https:\/\/schema.org\",\"@graph\":[{\"@type\":\"WebPage\",\"@id\":\"https:\/\/laprensacristiana.com\/?p=10539\",\"url\":\"https:\/\/laprensacristiana.com\/?p=10539\",\"name\":\"Desechables - La Prensa Cristiana\",\"isPartOf\":{\"@id\":\"https:\/\/laprensacristiana.com\/#website\"},\"datePublished\":\"2020-11-04T22:21:37+00:00\",\"dateModified\":\"2020-11-04T22:21:38+00:00\",\"author\":{\"@id\":\"https:\/\/laprensacristiana.com\/#\/schema\/person\/3e7d82c6bfd6b1fa67010f8f7cd5256e\"},\"breadcrumb\":{\"@id\":\"https:\/\/laprensacristiana.com\/?p=10539#breadcrumb\"},\"inLanguage\":\"es\",\"potentialAction\":[{\"@type\":\"ReadAction\",\"target\":[\"https:\/\/laprensacristiana.com\/?p=10539\"]}]},{\"@type\":\"BreadcrumbList\",\"@id\":\"https:\/\/laprensacristiana.com\/?p=10539#breadcrumb\",\"itemListElement\":[{\"@type\":\"ListItem\",\"position\":1,\"name\":\"Portada\",\"item\":\"https:\/\/laprensacristiana.com\/\"},{\"@type\":\"ListItem\",\"position\":2,\"name\":\"Desechables\"}]},{\"@type\":\"WebSite\",\"@id\":\"https:\/\/laprensacristiana.com\/#website\",\"url\":\"https:\/\/laprensacristiana.com\/\",\"name\":\"La Prensa Cristiana\",\"description\":\"Anunciando Las Buenas Nuevas\",\"potentialAction\":[{\"@type\":\"SearchAction\",\"target\":{\"@type\":\"EntryPoint\",\"urlTemplate\":\"https:\/\/laprensacristiana.com\/?s={search_term_string}\"},\"query-input\":\"required name=search_term_string\"}],\"inLanguage\":\"es\"},{\"@type\":\"Person\",\"@id\":\"https:\/\/laprensacristiana.com\/#\/schema\/person\/3e7d82c6bfd6b1fa67010f8f7cd5256e\",\"name\":\"EDITOR\",\"image\":{\"@type\":\"ImageObject\",\"inLanguage\":\"es\",\"@id\":\"https:\/\/laprensacristiana.com\/#\/schema\/person\/image\/\",\"url\":\"https:\/\/secure.gravatar.com\/avatar\/72069dfb6c13772d9e8381e3638666d2?s=96&d=mm&r=g\",\"contentUrl\":\"https:\/\/secure.gravatar.com\/avatar\/72069dfb6c13772d9e8381e3638666d2?s=96&d=mm&r=g\",\"caption\":\"EDITOR\"},\"url\":\"https:\/\/laprensacristiana.com\/?author=3\"}]}<\/script>\n<!-- \/ Yoast SEO plugin. -->","yoast_head_json":{"title":"Desechables - La Prensa Cristiana","robots":{"index":"index","follow":"follow","max-snippet":"max-snippet:-1","max-image-preview":"max-image-preview:large","max-video-preview":"max-video-preview:-1"},"canonical":"https:\/\/laprensacristiana.com\/?p=10539","og_locale":"es_ES","og_type":"article","og_title":"Desechables - La Prensa Cristiana","og_description":"\u00bfNunca se ha preguntado por qu\u00e9 cuando un hombre o mujer se jubilan de su empleo empiezan a declinar en sus vidas?&nbsp; Pierden la perspectiva de la vida. Como p\u00e1bilos, se van quedando sin la llama que antes les caracterizaba en sus trabajos, cuando eran personas \u00fatiles a la sociedad, cuando se sent\u00edan indispensables y [&hellip;]","og_url":"https:\/\/laprensacristiana.com\/?p=10539","og_site_name":"La Prensa Cristiana","article_published_time":"2020-11-04T22:21:37+00:00","article_modified_time":"2020-11-04T22:21:38+00:00","og_image":[{"width":1280,"height":714,"url":"https:\/\/laprensacristiana.com\/wp-content\/uploads\/2020\/01\/2017-11-23-PHOTO-00003245-1.jpg","type":"image\/jpeg"}],"author":"EDITOR","twitter_card":"summary_large_image","twitter_misc":{"Escrito por":"EDITOR","Tiempo de lectura":"2 minutos"},"schema":{"@context":"https:\/\/schema.org","@graph":[{"@type":"WebPage","@id":"https:\/\/laprensacristiana.com\/?p=10539","url":"https:\/\/laprensacristiana.com\/?p=10539","name":"Desechables - La Prensa Cristiana","isPartOf":{"@id":"https:\/\/laprensacristiana.com\/#website"},"datePublished":"2020-11-04T22:21:37+00:00","dateModified":"2020-11-04T22:21:38+00:00","author":{"@id":"https:\/\/laprensacristiana.com\/#\/schema\/person\/3e7d82c6bfd6b1fa67010f8f7cd5256e"},"breadcrumb":{"@id":"https:\/\/laprensacristiana.com\/?p=10539#breadcrumb"},"inLanguage":"es","potentialAction":[{"@type":"ReadAction","target":["https:\/\/laprensacristiana.com\/?p=10539"]}]},{"@type":"BreadcrumbList","@id":"https:\/\/laprensacristiana.com\/?p=10539#breadcrumb","itemListElement":[{"@type":"ListItem","position":1,"name":"Portada","item":"https:\/\/laprensacristiana.com\/"},{"@type":"ListItem","position":2,"name":"Desechables"}]},{"@type":"WebSite","@id":"https:\/\/laprensacristiana.com\/#website","url":"https:\/\/laprensacristiana.com\/","name":"La Prensa Cristiana","description":"Anunciando Las Buenas Nuevas","potentialAction":[{"@type":"SearchAction","target":{"@type":"EntryPoint","urlTemplate":"https:\/\/laprensacristiana.com\/?s={search_term_string}"},"query-input":"required name=search_term_string"}],"inLanguage":"es"},{"@type":"Person","@id":"https:\/\/laprensacristiana.com\/#\/schema\/person\/3e7d82c6bfd6b1fa67010f8f7cd5256e","name":"EDITOR","image":{"@type":"ImageObject","inLanguage":"es","@id":"https:\/\/laprensacristiana.com\/#\/schema\/person\/image\/","url":"https:\/\/secure.gravatar.com\/avatar\/72069dfb6c13772d9e8381e3638666d2?s=96&d=mm&r=g","contentUrl":"https:\/\/secure.gravatar.com\/avatar\/72069dfb6c13772d9e8381e3638666d2?s=96&d=mm&r=g","caption":"EDITOR"},"url":"https:\/\/laprensacristiana.com\/?author=3"}]}},"_links":{"self":[{"href":"https:\/\/laprensacristiana.com\/index.php?rest_route=\/wp\/v2\/posts\/10539"}],"collection":[{"href":"https:\/\/laprensacristiana.com\/index.php?rest_route=\/wp\/v2\/posts"}],"about":[{"href":"https:\/\/laprensacristiana.com\/index.php?rest_route=\/wp\/v2\/types\/post"}],"author":[{"embeddable":true,"href":"https:\/\/laprensacristiana.com\/index.php?rest_route=\/wp\/v2\/users\/3"}],"replies":[{"embeddable":true,"href":"https:\/\/laprensacristiana.com\/index.php?rest_route=%2Fwp%2Fv2%2Fcomments&post=10539"}],"version-history":[{"count":1,"href":"https:\/\/laprensacristiana.com\/index.php?rest_route=\/wp\/v2\/posts\/10539\/revisions"}],"predecessor-version":[{"id":10540,"href":"https:\/\/laprensacristiana.com\/index.php?rest_route=\/wp\/v2\/posts\/10539\/revisions\/10540"}],"wp:featuredmedia":[{"embeddable":true,"href":"https:\/\/laprensacristiana.com\/index.php?rest_route=\/wp\/v2\/media\/7949"}],"wp:attachment":[{"href":"https:\/\/laprensacristiana.com\/index.php?rest_route=%2Fwp%2Fv2%2Fmedia&parent=10539"}],"wp:term":[{"taxonomy":"category","embeddable":true,"href":"https:\/\/laprensacristiana.com\/index.php?rest_route=%2Fwp%2Fv2%2Fcategories&post=10539"},{"taxonomy":"post_tag","embeddable":true,"href":"https:\/\/laprensacristiana.com\/index.php?rest_route=%2Fwp%2Fv2%2Ftags&post=10539"}],"curies":[{"name":"wp","href":"https:\/\/api.w.org\/{rel}","templated":true}]}}