{"id":10543,"date":"2020-11-05T22:44:48","date_gmt":"2020-11-05T22:44:48","guid":{"rendered":"https:\/\/laprensacristiana.com\/?p=10543"},"modified":"2020-11-05T23:05:23","modified_gmt":"2020-11-05T23:05:23","slug":"iglesia-celebra-con-documental-su-20-aniversario","status":"publish","type":"post","link":"https:\/\/laprensacristiana.com\/?p=10543","title":{"rendered":"Iglesia celebra con documental su 20 aniversario"},"content":{"rendered":"\n<p>En el mes de octubre la iglesia Comunidad de Paz (COMPAZ), celebr\u00f3 sus 20 a\u00f1os de tener amor por la palabra de Dios.<\/p>\n\n\n\n<p>En la nueva normalidad, la originalidad y calidad se hacen presentes, de manera tal que lanzaron un documental titulado \u201cRese\u00f1a hist\u00f3rica, Identidad, prop\u00f3sito y destino\u201d, cabe destacar que en el evento de lanzamiento y celebraci\u00f3n realizada en sus instalaciones en San Salvador, mantuvieron el apego a las medidas de bioseguridad. &nbsp;<\/p>\n\n\n\n<p>La iglesia COMPAZ nace un 08 de octubre del a\u00f1o 2000, en el inicio de un nuevo siglo. Nacen en la casa de la hermana Rosita de P\u00e9rez, con los miembros de su familia (5 eran los integrantes) as\u00ed es como el pastor Vladimir Rivas inicia su llamado a servirle a Dios. \u201cA\u00fan recuerdo esa primera reuni\u00f3n familiar que sostuvimos en nuestra casa con mis padres, mis hermanas, siguiendo la visi\u00f3n que Dios hab\u00eda puesto en el pastor, sin saber y entender cu\u00e1n grande era esa visi\u00f3n, tuve el privilegio de llevar los cantos, siendo la primera persona en ministrar la alabanza en Iglesia COMPAZ\u201d expres\u00f3 la Dra. Karla P\u00e9rez de Alvarenga.<\/p>\n\n\n\n<figure class=\"wp-block-image size-large\"><img decoding=\"async\" loading=\"lazy\" width=\"1024\" height=\"1024\" src=\"https:\/\/laprensacristiana.com\/wp-content\/uploads\/2020\/11\/3389d7ec-5a4e-43c5-925b-94d34befb508-1-1024x1024.jpg\" alt=\"\" class=\"wp-image-10545\" srcset=\"https:\/\/laprensacristiana.com\/wp-content\/uploads\/2020\/11\/3389d7ec-5a4e-43c5-925b-94d34befb508-1-1024x1024.jpg 1024w, https:\/\/laprensacristiana.com\/wp-content\/uploads\/2020\/11\/3389d7ec-5a4e-43c5-925b-94d34befb508-1-300x300.jpg 300w, https:\/\/laprensacristiana.com\/wp-content\/uploads\/2020\/11\/3389d7ec-5a4e-43c5-925b-94d34befb508-1-150x150.jpg 150w, https:\/\/laprensacristiana.com\/wp-content\/uploads\/2020\/11\/3389d7ec-5a4e-43c5-925b-94d34befb508-1-768x768.jpg 768w, https:\/\/laprensacristiana.com\/wp-content\/uploads\/2020\/11\/3389d7ec-5a4e-43c5-925b-94d34befb508-1-696x696.jpg 696w, https:\/\/laprensacristiana.com\/wp-content\/uploads\/2020\/11\/3389d7ec-5a4e-43c5-925b-94d34befb508-1-1068x1068.jpg 1068w, https:\/\/laprensacristiana.com\/wp-content\/uploads\/2020\/11\/3389d7ec-5a4e-43c5-925b-94d34befb508-1-600x600.jpg 600w, https:\/\/laprensacristiana.com\/wp-content\/uploads\/2020\/11\/3389d7ec-5a4e-43c5-925b-94d34befb508-1-100x100.jpg 100w, https:\/\/laprensacristiana.com\/wp-content\/uploads\/2020\/11\/3389d7ec-5a4e-43c5-925b-94d34befb508-1.jpg 1280w\" sizes=\"(max-width: 1024px) 100vw, 1024px\" \/><figcaption>Foto un antes y un despu\u00e9s de los primeros miembros de la iglesia<\/figcaption><\/figure>\n\n\n\n<p>El segundo lugar donde la iglesia contin\u00fao su ruta a convertirse en una de las iglesias de mayor trascendencia en El Salvador, fue la sala Cristal, \u201cTen\u00eda mucho miedo, no puedo decirlo de otra manera, empezar siempre duele, no sab\u00edamos c\u00f3mo hacerlo, recuerdo mis primeros sermones llenos de esperanza, llenos de euforia, revelaban la inexperiencia pero la pasi\u00f3n\u201d describe el pastor fundador de Iglesia COMPAZ, Dr. Vladimir Rivas.<\/p>\n\n\n\n<figure class=\"wp-block-image size-large\"><img decoding=\"async\" loading=\"lazy\" width=\"1024\" height=\"717\" src=\"https:\/\/laprensacristiana.com\/wp-content\/uploads\/2020\/11\/418c056d-eb1d-48f3-ae90-7802a254c581-1024x717.jpg\" alt=\"\" class=\"wp-image-10548\" srcset=\"https:\/\/laprensacristiana.com\/wp-content\/uploads\/2020\/11\/418c056d-eb1d-48f3-ae90-7802a254c581-1024x717.jpg 1024w, https:\/\/laprensacristiana.com\/wp-content\/uploads\/2020\/11\/418c056d-eb1d-48f3-ae90-7802a254c581-300x210.jpg 300w, https:\/\/laprensacristiana.com\/wp-content\/uploads\/2020\/11\/418c056d-eb1d-48f3-ae90-7802a254c581-768x538.jpg 768w, https:\/\/laprensacristiana.com\/wp-content\/uploads\/2020\/11\/418c056d-eb1d-48f3-ae90-7802a254c581-696x487.jpg 696w, https:\/\/laprensacristiana.com\/wp-content\/uploads\/2020\/11\/418c056d-eb1d-48f3-ae90-7802a254c581-1068x748.jpg 1068w, https:\/\/laprensacristiana.com\/wp-content\/uploads\/2020\/11\/418c056d-eb1d-48f3-ae90-7802a254c581-600x420.jpg 600w, https:\/\/laprensacristiana.com\/wp-content\/uploads\/2020\/11\/418c056d-eb1d-48f3-ae90-7802a254c581.jpg 1280w\" sizes=\"(max-width: 1024px) 100vw, 1024px\" \/><figcaption>Dr. Vladimir Rivas predicando a la congregaci\u00f3n. <\/figcaption><\/figure>\n\n\n\n<p>La primer \u201coveja\u201d de la iglesia despu\u00e9s de la familia P\u00e9rez, fue Maril\u00fa Escalante de Nolasco, \u201cSi aqu\u00ed hay l\u00e1grimas, si aqu\u00ed hay personas restauradas, si aqu\u00ed hay hogares restaurados por este ministerio es porque ellos (la familia pastoral) ya pagaron el precio\u201d. Acot\u00f3 Maril\u00fa.<\/p>\n\n\n\n<p>\u00abMi esposo y yo trabajamos mucho en preparar el lugar, en preparar el ambiente espiritual, era emocionante ver a los ni\u00f1os de escuela dominical, solo eran 2, pero ten\u00edamos a una excelente maestra, mi hermana Maura P\u00e9rez\u201d detalla la pastora fundadora, Esmeralda de Rivas.<\/p>\n\n\n\n<figure class=\"wp-block-image size-large\"><img decoding=\"async\" loading=\"lazy\" width=\"1024\" height=\"717\" src=\"https:\/\/laprensacristiana.com\/wp-content\/uploads\/2020\/11\/04efd6c1-9e09-41fb-9aaf-a3ff284692d4-1024x717.jpg\" alt=\"\" class=\"wp-image-10549\" srcset=\"https:\/\/laprensacristiana.com\/wp-content\/uploads\/2020\/11\/04efd6c1-9e09-41fb-9aaf-a3ff284692d4-1024x717.jpg 1024w, https:\/\/laprensacristiana.com\/wp-content\/uploads\/2020\/11\/04efd6c1-9e09-41fb-9aaf-a3ff284692d4-300x210.jpg 300w, https:\/\/laprensacristiana.com\/wp-content\/uploads\/2020\/11\/04efd6c1-9e09-41fb-9aaf-a3ff284692d4-768x538.jpg 768w, https:\/\/laprensacristiana.com\/wp-content\/uploads\/2020\/11\/04efd6c1-9e09-41fb-9aaf-a3ff284692d4-696x487.jpg 696w, https:\/\/laprensacristiana.com\/wp-content\/uploads\/2020\/11\/04efd6c1-9e09-41fb-9aaf-a3ff284692d4-1068x748.jpg 1068w, https:\/\/laprensacristiana.com\/wp-content\/uploads\/2020\/11\/04efd6c1-9e09-41fb-9aaf-a3ff284692d4-600x420.jpg 600w, https:\/\/laprensacristiana.com\/wp-content\/uploads\/2020\/11\/04efd6c1-9e09-41fb-9aaf-a3ff284692d4.jpg 1280w\" sizes=\"(max-width: 1024px) 100vw, 1024px\" \/><figcaption>Pastora Esmeralda de Rivas instruyendo a iglesia COMPAZ <\/figcaption><\/figure>\n\n\n\n<p>Fui la primera maestra de escuela b\u00edblica, lo que hoy conocemos como \u201cCompazitos\u201d, ver hacia atr\u00e1s, ver que han pasado 20 a\u00f1os, a pesar de las pruebas que hemos pasado, puedo decir que como en sus inicios COMPAZ es un lugar donde las personas son restauradas,<\/p>\n\n\n\n<p>Rodrigo Escalante es una de los primeros 2 ni\u00f1os que asistieron al culto en sala Cristal, hoy est\u00e1 casado y ha ido creciendo y viviendo todas las etapas de su vida de la mano con la gu\u00eda espiritual que la congregaci\u00f3n le brinda \u201cTengo 20 a\u00f1os de estar en COMPAZ, desde que comenz\u00f3, no tuve un padre presente a lo largo de mi vida, pero el pastor Vladimir ha sido un ejemplo claro de un padre y de la persona que yo quiero ser en mi futuro\u201d se\u00f1al\u00f3 Escalante.<\/p>\n\n\n\n<p>R\u00e1pidamente el lugar se llen\u00f3 y tuvieron que moverse a un lugar con mayor capacidad y espacio, es as\u00ed como se trasladan a la Colonia Sat\u00e9lite en el a\u00f1o 2002, Compaz es un refugio, un lugar donde las personas son restauradas, creo que hasta la fecha soy una de esas personas que ha sido transformada\u201d pronunci\u00f3 Karina Herrera, quien recibi\u00f3 a Cristo en este nuevo lugar. &nbsp;&nbsp;<\/p>\n\n\n\n<p>Aunque en este lugar (Colonia Sat\u00e9lite) estaban teniendo un crecimiento, por razones de seguridad tuvieron que buscar una nueva locaci\u00f3n, con profundo amor el Dr. Te\u00f3filo Rivas (padre del pastor Vladimir Rivas) facilit\u00f3 el templo de Iglesia de Dios El Para\u00edso, para que la pujante iglesia no perdiera su rumbo.<\/p>\n\n\n\n<p>En este nuevo espacio, se suman a la visi\u00f3n personas que han desarrollado su liderazgo, como fue el Juan Jos\u00e9 Renderos y su familia, quienes hoy dirigen Iglesia COMPAZ sede San Marcos, \u201cComo familia est\u00e1bamos necesitados de un gu\u00eda, de un mentor, de un pastor\u201d reflexiono el pastor Renderos.<\/p>\n\n\n\n<p>A pesar de ser una bendici\u00f3n esta ubicaci\u00f3n para que la iglesia mantuviera su identidad y destino se hac\u00eda necesario reubicarse, es as\u00ed como comienzan en la b\u00fasqueda constante de donde trasladarse, y llegan a rentar una casa en la 29 calle poniente de San Salvador, fue tal la alegr\u00eda del cambio que realizaron una caravana desde San Ram\u00f3n Mejicanos, donde estaban en ese momento hasta la 29 calle poniente que ser\u00eda su nuevo lugar de adoraci\u00f3n.<\/p>\n\n\n\n<p>\u201cCada uno de estos fueron cruciales, cuando lleg\u00e1bamos al lugar ve\u00edamos el espacio las dimensiones, pero r\u00e1pidamente El Se\u00f1or lo llenaba y dec\u00edamos: este ya no es el lugar, hay que moverse a otro lugar\u201d destaca la pastor Esmeralda de Rivas.<\/p>\n\n\n\n<p>Radio Mes\u00edas 99.3 FM se convirti\u00f3 en un pilar importante, Teresita y Manuel Montes, creyeron en el proyecto del pastor Vladimir Rivas, y comenzaron una relaci\u00f3n que fortaleci\u00f3 mucho a Iglesia COMPAZ. \u201cQuien tiene una palabra, lo tiene todo\u201d fue de los slogan m\u00e1s sonados en la radio estaci\u00f3n cristiana.<\/p>\n\n\n\n<p>En el a\u00f1o 2006, motivados por el crecimiento, la oraci\u00f3n y la fe, llegan al lugar donde se han consolidado y expandido de formas inimaginables, la Colonia Lisboa ha sido testigo del avance de Iglesia COMPAZ, un antiguo taller mec\u00e1nico pas\u00f3 a ser una casa de alfarero, un nido de \u00e1guilas.<\/p>\n\n\n\n<p>Uno de los elementos que ha caracterizado a Iglesia COMPAZ es la unidad familiar, impregnando su sello: \u201cNo hablamos de familia, vivimos en familia\u201d. &nbsp;Principio que fue arraigado por el Dr. Te\u00f3filo Rivas, padre del pastor Vladimir Rivas, considerando que en la familia descansa la bendici\u00f3n de la iglesia.<\/p>\n\n\n\n<p>Por su parte la Dra. Margarita de Rivas (Madre del pastor Vladimir Rivas) se caracteriza por ser una mujer de fe, y donde quiera que predica siempre pregona el principio que Dios es un Dios de milagros.<\/p>\n\n\n\n<p>En el a\u00f1o 2019, el templo que construyeron en 2006 con tanto cari\u00f1o, deb\u00edan demolerlo, para dar paso a edificar sus nuevas y modernas instalaciones, que inclu\u00eda un terreno contiguo que denominaron \u201cTierra Nueva\u201d, propiedad por la que oraron 6 a\u00f1os continuos.<\/p>\n\n\n\n<figure class=\"wp-block-image size-large\"><img decoding=\"async\" loading=\"lazy\" width=\"1024\" height=\"717\" src=\"https:\/\/laprensacristiana.com\/wp-content\/uploads\/2020\/11\/e0be8ccd-9f53-4106-af87-5cbdb949d9f2-1-1024x717.jpg\" alt=\"\" class=\"wp-image-10551\" srcset=\"https:\/\/laprensacristiana.com\/wp-content\/uploads\/2020\/11\/e0be8ccd-9f53-4106-af87-5cbdb949d9f2-1-1024x717.jpg 1024w, https:\/\/laprensacristiana.com\/wp-content\/uploads\/2020\/11\/e0be8ccd-9f53-4106-af87-5cbdb949d9f2-1-300x210.jpg 300w, https:\/\/laprensacristiana.com\/wp-content\/uploads\/2020\/11\/e0be8ccd-9f53-4106-af87-5cbdb949d9f2-1-768x538.jpg 768w, https:\/\/laprensacristiana.com\/wp-content\/uploads\/2020\/11\/e0be8ccd-9f53-4106-af87-5cbdb949d9f2-1-696x487.jpg 696w, https:\/\/laprensacristiana.com\/wp-content\/uploads\/2020\/11\/e0be8ccd-9f53-4106-af87-5cbdb949d9f2-1-1068x748.jpg 1068w, https:\/\/laprensacristiana.com\/wp-content\/uploads\/2020\/11\/e0be8ccd-9f53-4106-af87-5cbdb949d9f2-1-600x420.jpg 600w, https:\/\/laprensacristiana.com\/wp-content\/uploads\/2020\/11\/e0be8ccd-9f53-4106-af87-5cbdb949d9f2-1.jpg 1280w\" sizes=\"(max-width: 1024px) 100vw, 1024px\" \/><figcaption>Nuevo Templo de Iglesia COMPAZ<\/figcaption><\/figure>\n\n\n\n<p>Sostienen uno de los programas m\u00e1s exitosos de desarrollo, en el cual fomentan 3 cosas en la vida de los ni\u00f1os: prop\u00f3sito, identidad y destino. El \u00e1rea juvenil es una extensi\u00f3n de lo que hacen con los ni\u00f1os, invierten en lo j\u00f3venes por amor a ellos, \u201cSiempre es hermoso ver cuando Dios toca a alguien, esa es mi vida, el d\u00eda a d\u00eda, ver como las personas son bendecidas, no hay nada m\u00e1s hermoso que eso\u201d explica &nbsp;Isaac Rivas (Hijo de los pastores Esmeralda y Vladimir Rivas).<\/p>\n\n\n\n<p>&nbsp;\u201cMi sue\u00f1o siempre ha sido que la palabra que predico, pueda cambiar el coraz\u00f3n de la vida de las personas, pueda provocar transformaci\u00f3n, ese es nuestro reto\u201d. Concluy\u00f3 el pastor Vladimir Rivas.<\/p>\n\n\n\n<p>\u201cEs un lugar donde podemos aprender, encontrar nuestro prop\u00f3sito e identidad, ver el amor de Dios en las personas, en la sonrisa, en la mirada de las personas que sirven en la iglesia\u201d sostiene Vera Rivas (Hija de los pastores Esmeralda y Vladimir Rivas).<\/p>\n\n\n\n<p>\u201cIglesia COMPAZ es el abrazo de Jes\u00fas para cada uno de los que asisten\u201d remarc\u00f3 la pastora Esmeralda de Rivas.<\/p>\n\n\n\n<figure class=\"wp-block-image size-large is-resized\"><img decoding=\"async\" loading=\"lazy\" src=\"https:\/\/laprensacristiana.com\/wp-content\/uploads\/2020\/11\/64b1e1e8-cd05-4443-ae88-1a664e23d8e9-1024x690.jpg\" alt=\"\" class=\"wp-image-10552\" width=\"748\" height=\"504\" srcset=\"https:\/\/laprensacristiana.com\/wp-content\/uploads\/2020\/11\/64b1e1e8-cd05-4443-ae88-1a664e23d8e9-1024x690.jpg 1024w, https:\/\/laprensacristiana.com\/wp-content\/uploads\/2020\/11\/64b1e1e8-cd05-4443-ae88-1a664e23d8e9-300x202.jpg 300w, https:\/\/laprensacristiana.com\/wp-content\/uploads\/2020\/11\/64b1e1e8-cd05-4443-ae88-1a664e23d8e9-768x517.jpg 768w, https:\/\/laprensacristiana.com\/wp-content\/uploads\/2020\/11\/64b1e1e8-cd05-4443-ae88-1a664e23d8e9-696x469.jpg 696w, https:\/\/laprensacristiana.com\/wp-content\/uploads\/2020\/11\/64b1e1e8-cd05-4443-ae88-1a664e23d8e9-1068x719.jpg 1068w, https:\/\/laprensacristiana.com\/wp-content\/uploads\/2020\/11\/64b1e1e8-cd05-4443-ae88-1a664e23d8e9-600x404.jpg 600w, https:\/\/laprensacristiana.com\/wp-content\/uploads\/2020\/11\/64b1e1e8-cd05-4443-ae88-1a664e23d8e9.jpg 1280w\" sizes=\"(max-width: 748px) 100vw, 748px\" \/><figcaption>Oraci\u00f3n de celebraci\u00f3n por 20 a\u00f1os. <\/figcaption><\/figure>\n\n\n\n<figure class=\"wp-block-embed-youtube wp-block-embed is-type-video is-provider-youtube wp-embed-aspect-16-9 wp-has-aspect-ratio\"><div class=\"wp-block-embed__wrapper\">\n<iframe loading=\"lazy\" title=\"Rese\u00f1a Hist\u00f3rica #Compaz20A\u00f1os:  El Documental de nuestra Iglesia\" width=\"696\" height=\"392\" src=\"https:\/\/www.youtube.com\/embed\/OdYDadFRcOg?feature=oembed&#038;enablejsapi=1\" frameborder=\"0\" allow=\"accelerometer; autoplay; clipboard-write; encrypted-media; gyroscope; picture-in-picture\" allowfullscreen><\/iframe>\n<\/div><\/figure>\n","protected":false},"excerpt":{"rendered":"<p>En el mes de octubre la iglesia Comunidad de Paz (COMPAZ), celebr\u00f3 sus 20 a\u00f1os de tener amor por la palabra de Dios. En la nueva normalidad, la originalidad y calidad se hacen presentes, de manera tal que lanzaron un documental titulado \u201cRese\u00f1a hist\u00f3rica, Identidad, prop\u00f3sito y destino\u201d, cabe destacar que en el evento de [&hellip;]<\/p>\n","protected":false},"author":3,"featured_media":10547,"comment_status":"open","ping_status":"open","sticky":false,"template":"","format":"standard","meta":[],"categories":[56],"tags":[],"yoast_head":"<!-- This site is optimized with the Yoast SEO plugin v20.8 - https:\/\/yoast.com\/wordpress\/plugins\/seo\/ -->\n<title>Iglesia celebra con documental su 20 aniversario - La Prensa Cristiana<\/title>\n<meta name=\"robots\" content=\"index, follow, max-snippet:-1, max-image-preview:large, max-video-preview:-1\" \/>\n<link rel=\"canonical\" href=\"https:\/\/laprensacristiana.com\/?p=10543\" \/>\n<meta property=\"og:locale\" content=\"es_ES\" \/>\n<meta property=\"og:type\" content=\"article\" \/>\n<meta property=\"og:title\" content=\"Iglesia celebra con documental su 20 aniversario - La Prensa Cristiana\" \/>\n<meta property=\"og:description\" content=\"En el mes de octubre la iglesia Comunidad de Paz (COMPAZ), celebr\u00f3 sus 20 a\u00f1os de tener amor por la palabra de Dios. En la nueva normalidad, la originalidad y calidad se hacen presentes, de manera tal que lanzaron un documental titulado \u201cRese\u00f1a hist\u00f3rica, Identidad, prop\u00f3sito y destino\u201d, cabe destacar que en el evento de [&hellip;]\" \/>\n<meta property=\"og:url\" content=\"https:\/\/laprensacristiana.com\/?p=10543\" \/>\n<meta property=\"og:site_name\" content=\"La Prensa Cristiana\" \/>\n<meta property=\"article:published_time\" content=\"2020-11-05T22:44:48+00:00\" \/>\n<meta property=\"article:modified_time\" content=\"2020-11-05T23:05:23+00:00\" \/>\n<meta property=\"og:image\" content=\"https:\/\/laprensacristiana.com\/wp-content\/uploads\/2020\/11\/62e5c786-46fd-4095-a0be-c268dc4e5615-1.jpg\" \/>\n\t<meta property=\"og:image:width\" content=\"1280\" \/>\n\t<meta property=\"og:image:height\" content=\"896\" \/>\n\t<meta property=\"og:image:type\" content=\"image\/jpeg\" \/>\n<meta name=\"author\" content=\"EDITOR\" \/>\n<meta name=\"twitter:card\" content=\"summary_large_image\" \/>\n<meta name=\"twitter:label1\" content=\"Escrito por\" \/>\n\t<meta name=\"twitter:data1\" content=\"EDITOR\" \/>\n\t<meta name=\"twitter:label2\" content=\"Tiempo de lectura\" \/>\n\t<meta name=\"twitter:data2\" content=\"6 minutos\" \/>\n<script type=\"application\/ld+json\" class=\"yoast-schema-graph\">{\"@context\":\"https:\/\/schema.org\",\"@graph\":[{\"@type\":\"WebPage\",\"@id\":\"https:\/\/laprensacristiana.com\/?p=10543\",\"url\":\"https:\/\/laprensacristiana.com\/?p=10543\",\"name\":\"Iglesia celebra con documental su 20 aniversario - La Prensa Cristiana\",\"isPartOf\":{\"@id\":\"https:\/\/laprensacristiana.com\/#website\"},\"datePublished\":\"2020-11-05T22:44:48+00:00\",\"dateModified\":\"2020-11-05T23:05:23+00:00\",\"author\":{\"@id\":\"https:\/\/laprensacristiana.com\/#\/schema\/person\/3e7d82c6bfd6b1fa67010f8f7cd5256e\"},\"breadcrumb\":{\"@id\":\"https:\/\/laprensacristiana.com\/?p=10543#breadcrumb\"},\"inLanguage\":\"es\",\"potentialAction\":[{\"@type\":\"ReadAction\",\"target\":[\"https:\/\/laprensacristiana.com\/?p=10543\"]}]},{\"@type\":\"BreadcrumbList\",\"@id\":\"https:\/\/laprensacristiana.com\/?p=10543#breadcrumb\",\"itemListElement\":[{\"@type\":\"ListItem\",\"position\":1,\"name\":\"Portada\",\"item\":\"https:\/\/laprensacristiana.com\/\"},{\"@type\":\"ListItem\",\"position\":2,\"name\":\"Iglesia celebra con documental su 20 aniversario\"}]},{\"@type\":\"WebSite\",\"@id\":\"https:\/\/laprensacristiana.com\/#website\",\"url\":\"https:\/\/laprensacristiana.com\/\",\"name\":\"La Prensa Cristiana\",\"description\":\"Anunciando Las Buenas Nuevas\",\"potentialAction\":[{\"@type\":\"SearchAction\",\"target\":{\"@type\":\"EntryPoint\",\"urlTemplate\":\"https:\/\/laprensacristiana.com\/?s={search_term_string}\"},\"query-input\":\"required name=search_term_string\"}],\"inLanguage\":\"es\"},{\"@type\":\"Person\",\"@id\":\"https:\/\/laprensacristiana.com\/#\/schema\/person\/3e7d82c6bfd6b1fa67010f8f7cd5256e\",\"name\":\"EDITOR\",\"image\":{\"@type\":\"ImageObject\",\"inLanguage\":\"es\",\"@id\":\"https:\/\/laprensacristiana.com\/#\/schema\/person\/image\/\",\"url\":\"https:\/\/secure.gravatar.com\/avatar\/72069dfb6c13772d9e8381e3638666d2?s=96&d=mm&r=g\",\"contentUrl\":\"https:\/\/secure.gravatar.com\/avatar\/72069dfb6c13772d9e8381e3638666d2?s=96&d=mm&r=g\",\"caption\":\"EDITOR\"},\"url\":\"https:\/\/laprensacristiana.com\/?author=3\"}]}<\/script>\n<!-- \/ Yoast SEO plugin. -->","yoast_head_json":{"title":"Iglesia celebra con documental su 20 aniversario - La Prensa Cristiana","robots":{"index":"index","follow":"follow","max-snippet":"max-snippet:-1","max-image-preview":"max-image-preview:large","max-video-preview":"max-video-preview:-1"},"canonical":"https:\/\/laprensacristiana.com\/?p=10543","og_locale":"es_ES","og_type":"article","og_title":"Iglesia celebra con documental su 20 aniversario - La Prensa Cristiana","og_description":"En el mes de octubre la iglesia Comunidad de Paz (COMPAZ), celebr\u00f3 sus 20 a\u00f1os de tener amor por la palabra de Dios. En la nueva normalidad, la originalidad y calidad se hacen presentes, de manera tal que lanzaron un documental titulado \u201cRese\u00f1a hist\u00f3rica, Identidad, prop\u00f3sito y destino\u201d, cabe destacar que en el evento de [&hellip;]","og_url":"https:\/\/laprensacristiana.com\/?p=10543","og_site_name":"La Prensa Cristiana","article_published_time":"2020-11-05T22:44:48+00:00","article_modified_time":"2020-11-05T23:05:23+00:00","og_image":[{"width":1280,"height":896,"url":"https:\/\/laprensacristiana.com\/wp-content\/uploads\/2020\/11\/62e5c786-46fd-4095-a0be-c268dc4e5615-1.jpg","type":"image\/jpeg"}],"author":"EDITOR","twitter_card":"summary_large_image","twitter_misc":{"Escrito por":"EDITOR","Tiempo de lectura":"6 minutos"},"schema":{"@context":"https:\/\/schema.org","@graph":[{"@type":"WebPage","@id":"https:\/\/laprensacristiana.com\/?p=10543","url":"https:\/\/laprensacristiana.com\/?p=10543","name":"Iglesia celebra con documental su 20 aniversario - La Prensa Cristiana","isPartOf":{"@id":"https:\/\/laprensacristiana.com\/#website"},"datePublished":"2020-11-05T22:44:48+00:00","dateModified":"2020-11-05T23:05:23+00:00","author":{"@id":"https:\/\/laprensacristiana.com\/#\/schema\/person\/3e7d82c6bfd6b1fa67010f8f7cd5256e"},"breadcrumb":{"@id":"https:\/\/laprensacristiana.com\/?p=10543#breadcrumb"},"inLanguage":"es","potentialAction":[{"@type":"ReadAction","target":["https:\/\/laprensacristiana.com\/?p=10543"]}]},{"@type":"BreadcrumbList","@id":"https:\/\/laprensacristiana.com\/?p=10543#breadcrumb","itemListElement":[{"@type":"ListItem","position":1,"name":"Portada","item":"https:\/\/laprensacristiana.com\/"},{"@type":"ListItem","position":2,"name":"Iglesia celebra con documental su 20 aniversario"}]},{"@type":"WebSite","@id":"https:\/\/laprensacristiana.com\/#website","url":"https:\/\/laprensacristiana.com\/","name":"La Prensa Cristiana","description":"Anunciando Las Buenas Nuevas","potentialAction":[{"@type":"SearchAction","target":{"@type":"EntryPoint","urlTemplate":"https:\/\/laprensacristiana.com\/?s={search_term_string}"},"query-input":"required name=search_term_string"}],"inLanguage":"es"},{"@type":"Person","@id":"https:\/\/laprensacristiana.com\/#\/schema\/person\/3e7d82c6bfd6b1fa67010f8f7cd5256e","name":"EDITOR","image":{"@type":"ImageObject","inLanguage":"es","@id":"https:\/\/laprensacristiana.com\/#\/schema\/person\/image\/","url":"https:\/\/secure.gravatar.com\/avatar\/72069dfb6c13772d9e8381e3638666d2?s=96&d=mm&r=g","contentUrl":"https:\/\/secure.gravatar.com\/avatar\/72069dfb6c13772d9e8381e3638666d2?s=96&d=mm&r=g","caption":"EDITOR"},"url":"https:\/\/laprensacristiana.com\/?author=3"}]}},"_links":{"self":[{"href":"https:\/\/laprensacristiana.com\/index.php?rest_route=\/wp\/v2\/posts\/10543"}],"collection":[{"href":"https:\/\/laprensacristiana.com\/index.php?rest_route=\/wp\/v2\/posts"}],"about":[{"href":"https:\/\/laprensacristiana.com\/index.php?rest_route=\/wp\/v2\/types\/post"}],"author":[{"embeddable":true,"href":"https:\/\/laprensacristiana.com\/index.php?rest_route=\/wp\/v2\/users\/3"}],"replies":[{"embeddable":true,"href":"https:\/\/laprensacristiana.com\/index.php?rest_route=%2Fwp%2Fv2%2Fcomments&post=10543"}],"version-history":[{"count":2,"href":"https:\/\/laprensacristiana.com\/index.php?rest_route=\/wp\/v2\/posts\/10543\/revisions"}],"predecessor-version":[{"id":10557,"href":"https:\/\/laprensacristiana.com\/index.php?rest_route=\/wp\/v2\/posts\/10543\/revisions\/10557"}],"wp:featuredmedia":[{"embeddable":true,"href":"https:\/\/laprensacristiana.com\/index.php?rest_route=\/wp\/v2\/media\/10547"}],"wp:attachment":[{"href":"https:\/\/laprensacristiana.com\/index.php?rest_route=%2Fwp%2Fv2%2Fmedia&parent=10543"}],"wp:term":[{"taxonomy":"category","embeddable":true,"href":"https:\/\/laprensacristiana.com\/index.php?rest_route=%2Fwp%2Fv2%2Fcategories&post=10543"},{"taxonomy":"post_tag","embeddable":true,"href":"https:\/\/laprensacristiana.com\/index.php?rest_route=%2Fwp%2Fv2%2Ftags&post=10543"}],"curies":[{"name":"wp","href":"https:\/\/api.w.org\/{rel}","templated":true}]}}