{"id":10563,"date":"2020-11-06T17:14:22","date_gmt":"2020-11-06T17:14:22","guid":{"rendered":"https:\/\/laprensacristiana.com\/?p=10563"},"modified":"2020-11-06T17:14:24","modified_gmt":"2020-11-06T17:14:24","slug":"los-temores","status":"publish","type":"post","link":"https:\/\/laprensacristiana.com\/?p=10563","title":{"rendered":"Los temores"},"content":{"rendered":"\n<p>Seg\u00fan los estudiosos, el ser humano tiene varias fobias. Son esos temores que carga sobre su espalda esperando un d\u00eda que se cumplan y lo derrumben al suelo para, algunas veces, quedarse postrado sin poder seguir adelante. Son fobias que lo cargan tanto que cuando le llega alguna de ellas, todo su universo se desploma y ya no encuentran ning\u00fan motivo para seguir viviendo.<\/p>\n\n\n\n<p>Son los temores que llenan su horizonte y creen que es su obligaci\u00f3n prevenir en todo lo que puedan para evitar su desplome. Por eso compran seguros. Seguros para todo. De vida, de muerte, de dormir, de la casa donde viven, de su auto, de sus hijos.<\/p>\n\n\n\n<p>Esas fobias son, seg\u00fan los entendidos: Miedo al fracaso, a la pobreza, a la enfermedad, a la muerte, a la cr\u00edtica, a la p\u00e9rdida del amor y a la vejez.<\/p>\n\n\n\n<p>Parad\u00f3jicamente, un d\u00eda quiz\u00e1 no muy lejano, todos tenemos que fracasar en algo, no somos perfectos; podemos pasar por momentos de pobreza, el dinero no es eterno, de pronto nos enfermamos, no somos inmunes a los virus y bacterias, aunque no nos guste, vamos a morir de una manera u otra, nos van a criticar, no somos monedas de oro, nos van a dejar de amar porque el amor humano es imperfecto y aunque nos inyectemos Botox por todos lados, vamos a envejecer aunque tratemos de emular a Dorian Grey.<\/p>\n\n\n\n<p>\u00bfEn donde, entonces, est\u00e1 la soluci\u00f3n a todos estos temores que asaltan el alma humana? \u00bfQui\u00e9n tiene al final, la respuesta a todos estos miedos? \u00a1Ah! Para eso vino el Hijo del Hombre, para deshacer las obras del Diablo. No, no es un clich\u00e9, es la verdad. Solo Jesus tiene el Poder para darnos la paz que necesitamos, aun en medio de la tormenta. \u00bfNo es hermoso entonces, contar con su ayuda? \u00a1Claro que s\u00ed!<\/p>\n\n\n\n<p>SOLI DEO GLORIA<\/p>\n","protected":false},"excerpt":{"rendered":"<p>Seg\u00fan los estudiosos, el ser humano tiene varias fobias. Son esos temores que carga sobre su espalda esperando un d\u00eda que se cumplan y lo derrumben al suelo para, algunas veces, quedarse postrado sin poder seguir adelante. Son fobias que lo cargan tanto que cuando le llega alguna de ellas, todo su universo se desploma [&hellip;]<\/p>\n","protected":false},"author":3,"featured_media":7949,"comment_status":"open","ping_status":"open","sticky":false,"template":"","format":"standard","meta":[],"categories":[36],"tags":[],"yoast_head":"<!-- This site is optimized with the Yoast SEO plugin v20.8 - https:\/\/yoast.com\/wordpress\/plugins\/seo\/ -->\n<title>Los temores - La Prensa Cristiana<\/title>\n<meta name=\"robots\" content=\"index, follow, max-snippet:-1, max-image-preview:large, max-video-preview:-1\" \/>\n<link rel=\"canonical\" href=\"https:\/\/laprensacristiana.com\/?p=10563\" \/>\n<meta property=\"og:locale\" content=\"es_ES\" \/>\n<meta property=\"og:type\" content=\"article\" \/>\n<meta property=\"og:title\" content=\"Los temores - La Prensa Cristiana\" \/>\n<meta property=\"og:description\" content=\"Seg\u00fan los estudiosos, el ser humano tiene varias fobias. Son esos temores que carga sobre su espalda esperando un d\u00eda que se cumplan y lo derrumben al suelo para, algunas veces, quedarse postrado sin poder seguir adelante. Son fobias que lo cargan tanto que cuando le llega alguna de ellas, todo su universo se desploma [&hellip;]\" \/>\n<meta property=\"og:url\" content=\"https:\/\/laprensacristiana.com\/?p=10563\" \/>\n<meta property=\"og:site_name\" content=\"La Prensa Cristiana\" \/>\n<meta property=\"article:published_time\" content=\"2020-11-06T17:14:22+00:00\" \/>\n<meta property=\"article:modified_time\" content=\"2020-11-06T17:14:24+00:00\" \/>\n<meta property=\"og:image\" content=\"https:\/\/laprensacristiana.com\/wp-content\/uploads\/2020\/01\/2017-11-23-PHOTO-00003245-1.jpg\" \/>\n\t<meta property=\"og:image:width\" content=\"1280\" \/>\n\t<meta property=\"og:image:height\" content=\"714\" \/>\n\t<meta property=\"og:image:type\" content=\"image\/jpeg\" \/>\n<meta name=\"author\" content=\"EDITOR\" \/>\n<meta name=\"twitter:card\" content=\"summary_large_image\" \/>\n<meta name=\"twitter:label1\" content=\"Escrito por\" \/>\n\t<meta name=\"twitter:data1\" content=\"EDITOR\" \/>\n\t<meta name=\"twitter:label2\" content=\"Tiempo de lectura\" \/>\n\t<meta name=\"twitter:data2\" content=\"2 minutos\" \/>\n<script type=\"application\/ld+json\" class=\"yoast-schema-graph\">{\"@context\":\"https:\/\/schema.org\",\"@graph\":[{\"@type\":\"WebPage\",\"@id\":\"https:\/\/laprensacristiana.com\/?p=10563\",\"url\":\"https:\/\/laprensacristiana.com\/?p=10563\",\"name\":\"Los temores - La Prensa Cristiana\",\"isPartOf\":{\"@id\":\"https:\/\/laprensacristiana.com\/#website\"},\"datePublished\":\"2020-11-06T17:14:22+00:00\",\"dateModified\":\"2020-11-06T17:14:24+00:00\",\"author\":{\"@id\":\"https:\/\/laprensacristiana.com\/#\/schema\/person\/3e7d82c6bfd6b1fa67010f8f7cd5256e\"},\"breadcrumb\":{\"@id\":\"https:\/\/laprensacristiana.com\/?p=10563#breadcrumb\"},\"inLanguage\":\"es\",\"potentialAction\":[{\"@type\":\"ReadAction\",\"target\":[\"https:\/\/laprensacristiana.com\/?p=10563\"]}]},{\"@type\":\"BreadcrumbList\",\"@id\":\"https:\/\/laprensacristiana.com\/?p=10563#breadcrumb\",\"itemListElement\":[{\"@type\":\"ListItem\",\"position\":1,\"name\":\"Portada\",\"item\":\"https:\/\/laprensacristiana.com\/\"},{\"@type\":\"ListItem\",\"position\":2,\"name\":\"Los temores\"}]},{\"@type\":\"WebSite\",\"@id\":\"https:\/\/laprensacristiana.com\/#website\",\"url\":\"https:\/\/laprensacristiana.com\/\",\"name\":\"La Prensa Cristiana\",\"description\":\"Anunciando Las Buenas Nuevas\",\"potentialAction\":[{\"@type\":\"SearchAction\",\"target\":{\"@type\":\"EntryPoint\",\"urlTemplate\":\"https:\/\/laprensacristiana.com\/?s={search_term_string}\"},\"query-input\":\"required name=search_term_string\"}],\"inLanguage\":\"es\"},{\"@type\":\"Person\",\"@id\":\"https:\/\/laprensacristiana.com\/#\/schema\/person\/3e7d82c6bfd6b1fa67010f8f7cd5256e\",\"name\":\"EDITOR\",\"image\":{\"@type\":\"ImageObject\",\"inLanguage\":\"es\",\"@id\":\"https:\/\/laprensacristiana.com\/#\/schema\/person\/image\/\",\"url\":\"https:\/\/secure.gravatar.com\/avatar\/72069dfb6c13772d9e8381e3638666d2?s=96&d=mm&r=g\",\"contentUrl\":\"https:\/\/secure.gravatar.com\/avatar\/72069dfb6c13772d9e8381e3638666d2?s=96&d=mm&r=g\",\"caption\":\"EDITOR\"},\"url\":\"https:\/\/laprensacristiana.com\/?author=3\"}]}<\/script>\n<!-- \/ Yoast SEO plugin. -->","yoast_head_json":{"title":"Los temores - La Prensa Cristiana","robots":{"index":"index","follow":"follow","max-snippet":"max-snippet:-1","max-image-preview":"max-image-preview:large","max-video-preview":"max-video-preview:-1"},"canonical":"https:\/\/laprensacristiana.com\/?p=10563","og_locale":"es_ES","og_type":"article","og_title":"Los temores - La Prensa Cristiana","og_description":"Seg\u00fan los estudiosos, el ser humano tiene varias fobias. Son esos temores que carga sobre su espalda esperando un d\u00eda que se cumplan y lo derrumben al suelo para, algunas veces, quedarse postrado sin poder seguir adelante. Son fobias que lo cargan tanto que cuando le llega alguna de ellas, todo su universo se desploma [&hellip;]","og_url":"https:\/\/laprensacristiana.com\/?p=10563","og_site_name":"La Prensa Cristiana","article_published_time":"2020-11-06T17:14:22+00:00","article_modified_time":"2020-11-06T17:14:24+00:00","og_image":[{"width":1280,"height":714,"url":"https:\/\/laprensacristiana.com\/wp-content\/uploads\/2020\/01\/2017-11-23-PHOTO-00003245-1.jpg","type":"image\/jpeg"}],"author":"EDITOR","twitter_card":"summary_large_image","twitter_misc":{"Escrito por":"EDITOR","Tiempo de lectura":"2 minutos"},"schema":{"@context":"https:\/\/schema.org","@graph":[{"@type":"WebPage","@id":"https:\/\/laprensacristiana.com\/?p=10563","url":"https:\/\/laprensacristiana.com\/?p=10563","name":"Los temores - La Prensa Cristiana","isPartOf":{"@id":"https:\/\/laprensacristiana.com\/#website"},"datePublished":"2020-11-06T17:14:22+00:00","dateModified":"2020-11-06T17:14:24+00:00","author":{"@id":"https:\/\/laprensacristiana.com\/#\/schema\/person\/3e7d82c6bfd6b1fa67010f8f7cd5256e"},"breadcrumb":{"@id":"https:\/\/laprensacristiana.com\/?p=10563#breadcrumb"},"inLanguage":"es","potentialAction":[{"@type":"ReadAction","target":["https:\/\/laprensacristiana.com\/?p=10563"]}]},{"@type":"BreadcrumbList","@id":"https:\/\/laprensacristiana.com\/?p=10563#breadcrumb","itemListElement":[{"@type":"ListItem","position":1,"name":"Portada","item":"https:\/\/laprensacristiana.com\/"},{"@type":"ListItem","position":2,"name":"Los temores"}]},{"@type":"WebSite","@id":"https:\/\/laprensacristiana.com\/#website","url":"https:\/\/laprensacristiana.com\/","name":"La Prensa Cristiana","description":"Anunciando Las Buenas Nuevas","potentialAction":[{"@type":"SearchAction","target":{"@type":"EntryPoint","urlTemplate":"https:\/\/laprensacristiana.com\/?s={search_term_string}"},"query-input":"required name=search_term_string"}],"inLanguage":"es"},{"@type":"Person","@id":"https:\/\/laprensacristiana.com\/#\/schema\/person\/3e7d82c6bfd6b1fa67010f8f7cd5256e","name":"EDITOR","image":{"@type":"ImageObject","inLanguage":"es","@id":"https:\/\/laprensacristiana.com\/#\/schema\/person\/image\/","url":"https:\/\/secure.gravatar.com\/avatar\/72069dfb6c13772d9e8381e3638666d2?s=96&d=mm&r=g","contentUrl":"https:\/\/secure.gravatar.com\/avatar\/72069dfb6c13772d9e8381e3638666d2?s=96&d=mm&r=g","caption":"EDITOR"},"url":"https:\/\/laprensacristiana.com\/?author=3"}]}},"_links":{"self":[{"href":"https:\/\/laprensacristiana.com\/index.php?rest_route=\/wp\/v2\/posts\/10563"}],"collection":[{"href":"https:\/\/laprensacristiana.com\/index.php?rest_route=\/wp\/v2\/posts"}],"about":[{"href":"https:\/\/laprensacristiana.com\/index.php?rest_route=\/wp\/v2\/types\/post"}],"author":[{"embeddable":true,"href":"https:\/\/laprensacristiana.com\/index.php?rest_route=\/wp\/v2\/users\/3"}],"replies":[{"embeddable":true,"href":"https:\/\/laprensacristiana.com\/index.php?rest_route=%2Fwp%2Fv2%2Fcomments&post=10563"}],"version-history":[{"count":1,"href":"https:\/\/laprensacristiana.com\/index.php?rest_route=\/wp\/v2\/posts\/10563\/revisions"}],"predecessor-version":[{"id":10564,"href":"https:\/\/laprensacristiana.com\/index.php?rest_route=\/wp\/v2\/posts\/10563\/revisions\/10564"}],"wp:featuredmedia":[{"embeddable":true,"href":"https:\/\/laprensacristiana.com\/index.php?rest_route=\/wp\/v2\/media\/7949"}],"wp:attachment":[{"href":"https:\/\/laprensacristiana.com\/index.php?rest_route=%2Fwp%2Fv2%2Fmedia&parent=10563"}],"wp:term":[{"taxonomy":"category","embeddable":true,"href":"https:\/\/laprensacristiana.com\/index.php?rest_route=%2Fwp%2Fv2%2Fcategories&post=10563"},{"taxonomy":"post_tag","embeddable":true,"href":"https:\/\/laprensacristiana.com\/index.php?rest_route=%2Fwp%2Fv2%2Ftags&post=10563"}],"curies":[{"name":"wp","href":"https:\/\/api.w.org\/{rel}","templated":true}]}}