{"id":10584,"date":"2020-11-09T17:58:42","date_gmt":"2020-11-09T17:58:42","guid":{"rendered":"https:\/\/laprensacristiana.com\/?p=10584"},"modified":"2020-11-09T18:02:21","modified_gmt":"2020-11-09T18:02:21","slug":"luchar-por-la-vida","status":"publish","type":"post","link":"https:\/\/laprensacristiana.com\/?p=10584","title":{"rendered":"Luchar por la vida"},"content":{"rendered":"\n<p>Hace unos a\u00f1os, cuando en mi juventud fui salvavidas all\u00e1 en el Puerto San Jos\u00e9 de Guatemala, un d\u00eda caminando por la playa vi algo que me asust\u00f3: Una serpiente marina se retorc\u00eda en la arena porque la marea la hab\u00eda sacado del mar y se estaba ahogando. Con un palo la ayud\u00e9 a volver a su h\u00e1bitat pero un escalofr\u00edo me recorri\u00f3 todo el cuerpo pensando en que si recib\u00eda una mordida de ese venenoso animal no habr\u00eda tiempo para llevarme a un hospital a que me inyectaran un ant\u00eddoto. Hoy, muchos a\u00f1os despu\u00e9s, recuerdo a\u00fan con cierto temor aquella experiencia.&nbsp; No quiero repetirla.<\/p>\n\n\n\n<p>As\u00ed es la vida. Nadie piensa vivir una vida mediocre, llena de pobrezas y miserias. Nadie, con cinco dedos de frente se levanta una ma\u00f1ana pensando: Hoy voy a empezar a ser pobre. Sin embargo hay muchos en nuestro entorno que viven de esa manera. Y dejan de luchar para salir de ese agujero negro que los traga paulatinamente y se van acomodando a ese estilo de vida. Como aquella serpiente, no se retuercen en las arenas de su playa a donde la marea los expuls\u00f3 y se quedan sin el ox\u00edgeno de la aventura, de la fe, de la confianza en el Se\u00f1or que los quiere devolver a su verdadero estado: Una vida de victoria. Una vida de triunfos y de alcanzar sus sue\u00f1os.<\/p>\n\n\n\n<p>Porque, mis amigos, de eso se trata la vida. De luchar hasta que ya no hayan fuerzas. De luchar contra la adversidad, contra la incredulidad, contra el mismo cansancio y retorcernos de dolor porque la asfixia amenaza nuestro bienestar, esperando que Alguien tome una Vara y nos la tienda para volvernos a nuestro estado natural. Porque ese es el deseo de nuestro Hermoso Se\u00f1or Jesus: Que vivamos sin los afanes de esta vida.&nbsp; La marea nos amenaza a todos. Pero la victoria es de los troyanos, de los pretorianos que no se quedan tirados, exhaustos, vencidos y derrotados por las olas que tratan de sacarnos de nuestro verdadero h\u00e1bitat: La Voluntad de Dios.<\/p>\n\n\n\n<p>Borges escribi\u00f3: \u201cSi volviera a vivir, tratar\u00eda m\u00e1s de ser feliz, de jugar con ni\u00f1os, de sonre\u00edr y de viajar m\u00e1s, pero ya ven, me estoy muriendo\u2026\u201d Triste epitafio de alguien que se abandon\u00f3 en las arenas de su fatalidad. Ni usted ni yo somos ni Borges ni serpientes marinas. Somos hijos muy queridos de nuestro Dios.<\/p>\n\n\n\n<p>SOLI DEO GLORIA<\/p>\n","protected":false},"excerpt":{"rendered":"<p>Hace unos a\u00f1os, cuando en mi juventud fui salvavidas all\u00e1 en el Puerto San Jos\u00e9 de Guatemala, un d\u00eda caminando por la playa vi algo que me asust\u00f3: Una serpiente marina se retorc\u00eda en la arena porque la marea la hab\u00eda sacado del mar y se estaba ahogando. Con un palo la ayud\u00e9 a volver [&hellip;]<\/p>\n","protected":false},"author":3,"featured_media":6421,"comment_status":"open","ping_status":"open","sticky":false,"template":"","format":"standard","meta":[],"categories":[36],"tags":[],"yoast_head":"<!-- This site is optimized with the Yoast SEO plugin v20.8 - https:\/\/yoast.com\/wordpress\/plugins\/seo\/ -->\n<title>Luchar por la vida - La Prensa Cristiana<\/title>\n<meta name=\"robots\" content=\"index, follow, max-snippet:-1, max-image-preview:large, max-video-preview:-1\" \/>\n<link rel=\"canonical\" href=\"https:\/\/laprensacristiana.com\/?p=10584\" \/>\n<meta property=\"og:locale\" content=\"es_ES\" \/>\n<meta property=\"og:type\" content=\"article\" \/>\n<meta property=\"og:title\" content=\"Luchar por la vida - La Prensa Cristiana\" \/>\n<meta property=\"og:description\" content=\"Hace unos a\u00f1os, cuando en mi juventud fui salvavidas all\u00e1 en el Puerto San Jos\u00e9 de Guatemala, un d\u00eda caminando por la playa vi algo que me asust\u00f3: Una serpiente marina se retorc\u00eda en la arena porque la marea la hab\u00eda sacado del mar y se estaba ahogando. Con un palo la ayud\u00e9 a volver [&hellip;]\" \/>\n<meta property=\"og:url\" content=\"https:\/\/laprensacristiana.com\/?p=10584\" \/>\n<meta property=\"og:site_name\" content=\"La Prensa Cristiana\" \/>\n<meta property=\"article:published_time\" content=\"2020-11-09T17:58:42+00:00\" \/>\n<meta property=\"article:modified_time\" content=\"2020-11-09T18:02:21+00:00\" \/>\n<meta property=\"og:image\" content=\"https:\/\/laprensacristiana.com\/wp-content\/uploads\/2019\/09\/2017-11-23-PHOTO-00003245-1.jpg\" \/>\n\t<meta property=\"og:image:width\" content=\"1280\" \/>\n\t<meta property=\"og:image:height\" content=\"714\" \/>\n\t<meta property=\"og:image:type\" content=\"image\/jpeg\" \/>\n<meta name=\"author\" content=\"EDITOR\" \/>\n<meta name=\"twitter:card\" content=\"summary_large_image\" \/>\n<meta name=\"twitter:label1\" content=\"Escrito por\" \/>\n\t<meta name=\"twitter:data1\" content=\"EDITOR\" \/>\n\t<meta name=\"twitter:label2\" content=\"Tiempo de lectura\" \/>\n\t<meta name=\"twitter:data2\" content=\"2 minutos\" \/>\n<script type=\"application\/ld+json\" class=\"yoast-schema-graph\">{\"@context\":\"https:\/\/schema.org\",\"@graph\":[{\"@type\":\"WebPage\",\"@id\":\"https:\/\/laprensacristiana.com\/?p=10584\",\"url\":\"https:\/\/laprensacristiana.com\/?p=10584\",\"name\":\"Luchar por la vida - La Prensa Cristiana\",\"isPartOf\":{\"@id\":\"https:\/\/laprensacristiana.com\/#website\"},\"datePublished\":\"2020-11-09T17:58:42+00:00\",\"dateModified\":\"2020-11-09T18:02:21+00:00\",\"author\":{\"@id\":\"https:\/\/laprensacristiana.com\/#\/schema\/person\/3e7d82c6bfd6b1fa67010f8f7cd5256e\"},\"breadcrumb\":{\"@id\":\"https:\/\/laprensacristiana.com\/?p=10584#breadcrumb\"},\"inLanguage\":\"es\",\"potentialAction\":[{\"@type\":\"ReadAction\",\"target\":[\"https:\/\/laprensacristiana.com\/?p=10584\"]}]},{\"@type\":\"BreadcrumbList\",\"@id\":\"https:\/\/laprensacristiana.com\/?p=10584#breadcrumb\",\"itemListElement\":[{\"@type\":\"ListItem\",\"position\":1,\"name\":\"Portada\",\"item\":\"https:\/\/laprensacristiana.com\/\"},{\"@type\":\"ListItem\",\"position\":2,\"name\":\"Luchar por la vida\"}]},{\"@type\":\"WebSite\",\"@id\":\"https:\/\/laprensacristiana.com\/#website\",\"url\":\"https:\/\/laprensacristiana.com\/\",\"name\":\"La Prensa Cristiana\",\"description\":\"Anunciando Las Buenas Nuevas\",\"potentialAction\":[{\"@type\":\"SearchAction\",\"target\":{\"@type\":\"EntryPoint\",\"urlTemplate\":\"https:\/\/laprensacristiana.com\/?s={search_term_string}\"},\"query-input\":\"required name=search_term_string\"}],\"inLanguage\":\"es\"},{\"@type\":\"Person\",\"@id\":\"https:\/\/laprensacristiana.com\/#\/schema\/person\/3e7d82c6bfd6b1fa67010f8f7cd5256e\",\"name\":\"EDITOR\",\"image\":{\"@type\":\"ImageObject\",\"inLanguage\":\"es\",\"@id\":\"https:\/\/laprensacristiana.com\/#\/schema\/person\/image\/\",\"url\":\"https:\/\/secure.gravatar.com\/avatar\/72069dfb6c13772d9e8381e3638666d2?s=96&d=mm&r=g\",\"contentUrl\":\"https:\/\/secure.gravatar.com\/avatar\/72069dfb6c13772d9e8381e3638666d2?s=96&d=mm&r=g\",\"caption\":\"EDITOR\"},\"url\":\"https:\/\/laprensacristiana.com\/?author=3\"}]}<\/script>\n<!-- \/ Yoast SEO plugin. -->","yoast_head_json":{"title":"Luchar por la vida - La Prensa Cristiana","robots":{"index":"index","follow":"follow","max-snippet":"max-snippet:-1","max-image-preview":"max-image-preview:large","max-video-preview":"max-video-preview:-1"},"canonical":"https:\/\/laprensacristiana.com\/?p=10584","og_locale":"es_ES","og_type":"article","og_title":"Luchar por la vida - La Prensa Cristiana","og_description":"Hace unos a\u00f1os, cuando en mi juventud fui salvavidas all\u00e1 en el Puerto San Jos\u00e9 de Guatemala, un d\u00eda caminando por la playa vi algo que me asust\u00f3: Una serpiente marina se retorc\u00eda en la arena porque la marea la hab\u00eda sacado del mar y se estaba ahogando. Con un palo la ayud\u00e9 a volver [&hellip;]","og_url":"https:\/\/laprensacristiana.com\/?p=10584","og_site_name":"La Prensa Cristiana","article_published_time":"2020-11-09T17:58:42+00:00","article_modified_time":"2020-11-09T18:02:21+00:00","og_image":[{"width":1280,"height":714,"url":"https:\/\/laprensacristiana.com\/wp-content\/uploads\/2019\/09\/2017-11-23-PHOTO-00003245-1.jpg","type":"image\/jpeg"}],"author":"EDITOR","twitter_card":"summary_large_image","twitter_misc":{"Escrito por":"EDITOR","Tiempo de lectura":"2 minutos"},"schema":{"@context":"https:\/\/schema.org","@graph":[{"@type":"WebPage","@id":"https:\/\/laprensacristiana.com\/?p=10584","url":"https:\/\/laprensacristiana.com\/?p=10584","name":"Luchar por la vida - La Prensa Cristiana","isPartOf":{"@id":"https:\/\/laprensacristiana.com\/#website"},"datePublished":"2020-11-09T17:58:42+00:00","dateModified":"2020-11-09T18:02:21+00:00","author":{"@id":"https:\/\/laprensacristiana.com\/#\/schema\/person\/3e7d82c6bfd6b1fa67010f8f7cd5256e"},"breadcrumb":{"@id":"https:\/\/laprensacristiana.com\/?p=10584#breadcrumb"},"inLanguage":"es","potentialAction":[{"@type":"ReadAction","target":["https:\/\/laprensacristiana.com\/?p=10584"]}]},{"@type":"BreadcrumbList","@id":"https:\/\/laprensacristiana.com\/?p=10584#breadcrumb","itemListElement":[{"@type":"ListItem","position":1,"name":"Portada","item":"https:\/\/laprensacristiana.com\/"},{"@type":"ListItem","position":2,"name":"Luchar por la vida"}]},{"@type":"WebSite","@id":"https:\/\/laprensacristiana.com\/#website","url":"https:\/\/laprensacristiana.com\/","name":"La Prensa Cristiana","description":"Anunciando Las Buenas Nuevas","potentialAction":[{"@type":"SearchAction","target":{"@type":"EntryPoint","urlTemplate":"https:\/\/laprensacristiana.com\/?s={search_term_string}"},"query-input":"required name=search_term_string"}],"inLanguage":"es"},{"@type":"Person","@id":"https:\/\/laprensacristiana.com\/#\/schema\/person\/3e7d82c6bfd6b1fa67010f8f7cd5256e","name":"EDITOR","image":{"@type":"ImageObject","inLanguage":"es","@id":"https:\/\/laprensacristiana.com\/#\/schema\/person\/image\/","url":"https:\/\/secure.gravatar.com\/avatar\/72069dfb6c13772d9e8381e3638666d2?s=96&d=mm&r=g","contentUrl":"https:\/\/secure.gravatar.com\/avatar\/72069dfb6c13772d9e8381e3638666d2?s=96&d=mm&r=g","caption":"EDITOR"},"url":"https:\/\/laprensacristiana.com\/?author=3"}]}},"_links":{"self":[{"href":"https:\/\/laprensacristiana.com\/index.php?rest_route=\/wp\/v2\/posts\/10584"}],"collection":[{"href":"https:\/\/laprensacristiana.com\/index.php?rest_route=\/wp\/v2\/posts"}],"about":[{"href":"https:\/\/laprensacristiana.com\/index.php?rest_route=\/wp\/v2\/types\/post"}],"author":[{"embeddable":true,"href":"https:\/\/laprensacristiana.com\/index.php?rest_route=\/wp\/v2\/users\/3"}],"replies":[{"embeddable":true,"href":"https:\/\/laprensacristiana.com\/index.php?rest_route=%2Fwp%2Fv2%2Fcomments&post=10584"}],"version-history":[{"count":1,"href":"https:\/\/laprensacristiana.com\/index.php?rest_route=\/wp\/v2\/posts\/10584\/revisions"}],"predecessor-version":[{"id":10585,"href":"https:\/\/laprensacristiana.com\/index.php?rest_route=\/wp\/v2\/posts\/10584\/revisions\/10585"}],"wp:featuredmedia":[{"embeddable":true,"href":"https:\/\/laprensacristiana.com\/index.php?rest_route=\/wp\/v2\/media\/6421"}],"wp:attachment":[{"href":"https:\/\/laprensacristiana.com\/index.php?rest_route=%2Fwp%2Fv2%2Fmedia&parent=10584"}],"wp:term":[{"taxonomy":"category","embeddable":true,"href":"https:\/\/laprensacristiana.com\/index.php?rest_route=%2Fwp%2Fv2%2Fcategories&post=10584"},{"taxonomy":"post_tag","embeddable":true,"href":"https:\/\/laprensacristiana.com\/index.php?rest_route=%2Fwp%2Fv2%2Ftags&post=10584"}],"curies":[{"name":"wp","href":"https:\/\/api.w.org\/{rel}","templated":true}]}}