{"id":10601,"date":"2020-11-13T15:03:40","date_gmt":"2020-11-13T15:03:40","guid":{"rendered":"https:\/\/laprensacristiana.com\/?p=10601"},"modified":"2020-11-13T15:03:41","modified_gmt":"2020-11-13T15:03:41","slug":"espirituales-y-carnales","status":"publish","type":"post","link":"https:\/\/laprensacristiana.com\/?p=10601","title":{"rendered":"Espirituales y carnales"},"content":{"rendered":"\n<p><\/p>\n\n\n\n<p>Juan 8:47 \u201cEl que es de Dios escucha las palabras de Dios; por eso vosotros no escuch\u00e1is, porque no sois de Dios.\u201d<\/p>\n\n\n\n<p>Juan es un excelente historiador. Supera a Josefo en cuesti\u00f3n de di\u00e1logos. Supera a Plat\u00f3n y a Arist\u00f3teles en asuntos de lenguaje. Sabe enfocar su pluma en el punto exacto sobre las palabras de Jesus y los jud\u00edos.<\/p>\n\n\n\n<p>En una palabra: no tiene pelos en la lengua.<\/p>\n\n\n\n<p>Es el \u00fanico evangelista que repite las palabras de Jesus con respecto a quienes lo juzgan mal. Les dice lo que Jesus dice: ustedes son hijos de su padre el diablo. Ellos le dijeron: no, sino somos hijos de Abraham. Pero si ustedes -les respondi\u00f3 Jesus- fueran hijos de Abraham, las obras de \u00e9l har\u00edan. Y as\u00ed por el estilo, va pavimentando la ruta de las pl\u00e1ticas que estos incr\u00e9dulos tuvieron con el Maestro Perfecto.<\/p>\n\n\n\n<p>Y llegamos a lo que me llam\u00f3 la atenci\u00f3n. \u00bfQu\u00e9 palabras le gusta escuchar a usted? \u00bfLas palabras de un buen predicador, de buena dicci\u00f3n, de lenguaje impecable, que nunca se equivoca, que adorna con expresiones tornasoladas las citas b\u00edblicas para que no se sienta ofendido? \u00bfO prefiere escuchar la pura verdad, as\u00ed de simple y sencilla, dif\u00edciles de digerir? Porque las Palabras de Dios no siempre son f\u00e1ciles de escuchar. Es m\u00e1s, despu\u00e9s de varios a\u00f1os de leerla una y otra vez, nunca encuentro algo que diga: \u201cQue lindos est\u00e1n, mis hijos\u2026\u201d. Nunca. Dios no adorna con matices suaves su lenguaje cuando se trata de edificarnos. Su martillo y su cincel van directo a la piedra para deshacerla y sacar de all\u00ed el diamante que busca en cada uno de nosotros. Y solo los que son de \u00c9l, escuchan y aceptan sus palabras. Los otros las ignoran y prefieren continuar con su viejo y carnal estilo de vida.<\/p>\n\n\n\n<p>Por eso, mis amigos, no nos extra\u00f1emos que muchos prefieren al que les adorna con guindas el mensaje aunque nunca lleguen a conocer las verdades profundas de los misterios divinos. O sea que, en resumidas cuentas, en las sillas de la iglesia hay quienes son hijos de Dios y otros que son hijos del diablo. Curioso, \u00bfverdad?<\/p>\n\n\n\n<p>SOLI DEO GLORIA<\/p>\n","protected":false},"excerpt":{"rendered":"<p>Juan 8:47 \u201cEl que es de Dios escucha las palabras de Dios; por eso vosotros no escuch\u00e1is, porque no sois de Dios.\u201d Juan es un excelente historiador. Supera a Josefo en cuesti\u00f3n de di\u00e1logos. Supera a Plat\u00f3n y a Arist\u00f3teles en asuntos de lenguaje. Sabe enfocar su pluma en el punto exacto sobre las palabras [&hellip;]<\/p>\n","protected":false},"author":3,"featured_media":10593,"comment_status":"open","ping_status":"open","sticky":false,"template":"","format":"standard","meta":[],"categories":[36],"tags":[],"yoast_head":"<!-- This site is optimized with the Yoast SEO plugin v20.8 - https:\/\/yoast.com\/wordpress\/plugins\/seo\/ -->\n<title>Espirituales y carnales - La Prensa Cristiana<\/title>\n<meta name=\"robots\" content=\"index, follow, max-snippet:-1, max-image-preview:large, max-video-preview:-1\" \/>\n<link rel=\"canonical\" href=\"https:\/\/laprensacristiana.com\/?p=10601\" \/>\n<meta property=\"og:locale\" content=\"es_ES\" \/>\n<meta property=\"og:type\" content=\"article\" \/>\n<meta property=\"og:title\" content=\"Espirituales y carnales - La Prensa Cristiana\" \/>\n<meta property=\"og:description\" content=\"Juan 8:47 \u201cEl que es de Dios escucha las palabras de Dios; por eso vosotros no escuch\u00e1is, porque no sois de Dios.\u201d Juan es un excelente historiador. Supera a Josefo en cuesti\u00f3n de di\u00e1logos. Supera a Plat\u00f3n y a Arist\u00f3teles en asuntos de lenguaje. Sabe enfocar su pluma en el punto exacto sobre las palabras [&hellip;]\" \/>\n<meta property=\"og:url\" content=\"https:\/\/laprensacristiana.com\/?p=10601\" \/>\n<meta property=\"og:site_name\" content=\"La Prensa Cristiana\" \/>\n<meta property=\"article:published_time\" content=\"2020-11-13T15:03:40+00:00\" \/>\n<meta property=\"article:modified_time\" content=\"2020-11-13T15:03:41+00:00\" \/>\n<meta property=\"og:image\" content=\"https:\/\/laprensacristiana.com\/wp-content\/uploads\/2020\/11\/IMG_20201109_121125_873.jpg\" \/>\n\t<meta property=\"og:image:width\" content=\"1280\" \/>\n\t<meta property=\"og:image:height\" content=\"714\" \/>\n\t<meta property=\"og:image:type\" content=\"image\/jpeg\" \/>\n<meta name=\"author\" content=\"EDITOR\" \/>\n<meta name=\"twitter:card\" content=\"summary_large_image\" \/>\n<meta name=\"twitter:label1\" content=\"Escrito por\" \/>\n\t<meta name=\"twitter:data1\" content=\"EDITOR\" \/>\n\t<meta name=\"twitter:label2\" content=\"Tiempo de lectura\" \/>\n\t<meta name=\"twitter:data2\" content=\"2 minutos\" \/>\n<script type=\"application\/ld+json\" class=\"yoast-schema-graph\">{\"@context\":\"https:\/\/schema.org\",\"@graph\":[{\"@type\":\"WebPage\",\"@id\":\"https:\/\/laprensacristiana.com\/?p=10601\",\"url\":\"https:\/\/laprensacristiana.com\/?p=10601\",\"name\":\"Espirituales y carnales - La Prensa Cristiana\",\"isPartOf\":{\"@id\":\"https:\/\/laprensacristiana.com\/#website\"},\"datePublished\":\"2020-11-13T15:03:40+00:00\",\"dateModified\":\"2020-11-13T15:03:41+00:00\",\"author\":{\"@id\":\"https:\/\/laprensacristiana.com\/#\/schema\/person\/3e7d82c6bfd6b1fa67010f8f7cd5256e\"},\"breadcrumb\":{\"@id\":\"https:\/\/laprensacristiana.com\/?p=10601#breadcrumb\"},\"inLanguage\":\"es\",\"potentialAction\":[{\"@type\":\"ReadAction\",\"target\":[\"https:\/\/laprensacristiana.com\/?p=10601\"]}]},{\"@type\":\"BreadcrumbList\",\"@id\":\"https:\/\/laprensacristiana.com\/?p=10601#breadcrumb\",\"itemListElement\":[{\"@type\":\"ListItem\",\"position\":1,\"name\":\"Portada\",\"item\":\"https:\/\/laprensacristiana.com\/\"},{\"@type\":\"ListItem\",\"position\":2,\"name\":\"Espirituales y carnales\"}]},{\"@type\":\"WebSite\",\"@id\":\"https:\/\/laprensacristiana.com\/#website\",\"url\":\"https:\/\/laprensacristiana.com\/\",\"name\":\"La Prensa Cristiana\",\"description\":\"Anunciando Las Buenas Nuevas\",\"potentialAction\":[{\"@type\":\"SearchAction\",\"target\":{\"@type\":\"EntryPoint\",\"urlTemplate\":\"https:\/\/laprensacristiana.com\/?s={search_term_string}\"},\"query-input\":\"required name=search_term_string\"}],\"inLanguage\":\"es\"},{\"@type\":\"Person\",\"@id\":\"https:\/\/laprensacristiana.com\/#\/schema\/person\/3e7d82c6bfd6b1fa67010f8f7cd5256e\",\"name\":\"EDITOR\",\"image\":{\"@type\":\"ImageObject\",\"inLanguage\":\"es\",\"@id\":\"https:\/\/laprensacristiana.com\/#\/schema\/person\/image\/\",\"url\":\"https:\/\/secure.gravatar.com\/avatar\/72069dfb6c13772d9e8381e3638666d2?s=96&d=mm&r=g\",\"contentUrl\":\"https:\/\/secure.gravatar.com\/avatar\/72069dfb6c13772d9e8381e3638666d2?s=96&d=mm&r=g\",\"caption\":\"EDITOR\"},\"url\":\"https:\/\/laprensacristiana.com\/?author=3\"}]}<\/script>\n<!-- \/ Yoast SEO plugin. -->","yoast_head_json":{"title":"Espirituales y carnales - La Prensa Cristiana","robots":{"index":"index","follow":"follow","max-snippet":"max-snippet:-1","max-image-preview":"max-image-preview:large","max-video-preview":"max-video-preview:-1"},"canonical":"https:\/\/laprensacristiana.com\/?p=10601","og_locale":"es_ES","og_type":"article","og_title":"Espirituales y carnales - La Prensa Cristiana","og_description":"Juan 8:47 \u201cEl que es de Dios escucha las palabras de Dios; por eso vosotros no escuch\u00e1is, porque no sois de Dios.\u201d Juan es un excelente historiador. Supera a Josefo en cuesti\u00f3n de di\u00e1logos. Supera a Plat\u00f3n y a Arist\u00f3teles en asuntos de lenguaje. Sabe enfocar su pluma en el punto exacto sobre las palabras [&hellip;]","og_url":"https:\/\/laprensacristiana.com\/?p=10601","og_site_name":"La Prensa Cristiana","article_published_time":"2020-11-13T15:03:40+00:00","article_modified_time":"2020-11-13T15:03:41+00:00","og_image":[{"width":1280,"height":714,"url":"https:\/\/laprensacristiana.com\/wp-content\/uploads\/2020\/11\/IMG_20201109_121125_873.jpg","type":"image\/jpeg"}],"author":"EDITOR","twitter_card":"summary_large_image","twitter_misc":{"Escrito por":"EDITOR","Tiempo de lectura":"2 minutos"},"schema":{"@context":"https:\/\/schema.org","@graph":[{"@type":"WebPage","@id":"https:\/\/laprensacristiana.com\/?p=10601","url":"https:\/\/laprensacristiana.com\/?p=10601","name":"Espirituales y carnales - La Prensa Cristiana","isPartOf":{"@id":"https:\/\/laprensacristiana.com\/#website"},"datePublished":"2020-11-13T15:03:40+00:00","dateModified":"2020-11-13T15:03:41+00:00","author":{"@id":"https:\/\/laprensacristiana.com\/#\/schema\/person\/3e7d82c6bfd6b1fa67010f8f7cd5256e"},"breadcrumb":{"@id":"https:\/\/laprensacristiana.com\/?p=10601#breadcrumb"},"inLanguage":"es","potentialAction":[{"@type":"ReadAction","target":["https:\/\/laprensacristiana.com\/?p=10601"]}]},{"@type":"BreadcrumbList","@id":"https:\/\/laprensacristiana.com\/?p=10601#breadcrumb","itemListElement":[{"@type":"ListItem","position":1,"name":"Portada","item":"https:\/\/laprensacristiana.com\/"},{"@type":"ListItem","position":2,"name":"Espirituales y carnales"}]},{"@type":"WebSite","@id":"https:\/\/laprensacristiana.com\/#website","url":"https:\/\/laprensacristiana.com\/","name":"La Prensa Cristiana","description":"Anunciando Las Buenas Nuevas","potentialAction":[{"@type":"SearchAction","target":{"@type":"EntryPoint","urlTemplate":"https:\/\/laprensacristiana.com\/?s={search_term_string}"},"query-input":"required name=search_term_string"}],"inLanguage":"es"},{"@type":"Person","@id":"https:\/\/laprensacristiana.com\/#\/schema\/person\/3e7d82c6bfd6b1fa67010f8f7cd5256e","name":"EDITOR","image":{"@type":"ImageObject","inLanguage":"es","@id":"https:\/\/laprensacristiana.com\/#\/schema\/person\/image\/","url":"https:\/\/secure.gravatar.com\/avatar\/72069dfb6c13772d9e8381e3638666d2?s=96&d=mm&r=g","contentUrl":"https:\/\/secure.gravatar.com\/avatar\/72069dfb6c13772d9e8381e3638666d2?s=96&d=mm&r=g","caption":"EDITOR"},"url":"https:\/\/laprensacristiana.com\/?author=3"}]}},"_links":{"self":[{"href":"https:\/\/laprensacristiana.com\/index.php?rest_route=\/wp\/v2\/posts\/10601"}],"collection":[{"href":"https:\/\/laprensacristiana.com\/index.php?rest_route=\/wp\/v2\/posts"}],"about":[{"href":"https:\/\/laprensacristiana.com\/index.php?rest_route=\/wp\/v2\/types\/post"}],"author":[{"embeddable":true,"href":"https:\/\/laprensacristiana.com\/index.php?rest_route=\/wp\/v2\/users\/3"}],"replies":[{"embeddable":true,"href":"https:\/\/laprensacristiana.com\/index.php?rest_route=%2Fwp%2Fv2%2Fcomments&post=10601"}],"version-history":[{"count":1,"href":"https:\/\/laprensacristiana.com\/index.php?rest_route=\/wp\/v2\/posts\/10601\/revisions"}],"predecessor-version":[{"id":10602,"href":"https:\/\/laprensacristiana.com\/index.php?rest_route=\/wp\/v2\/posts\/10601\/revisions\/10602"}],"wp:featuredmedia":[{"embeddable":true,"href":"https:\/\/laprensacristiana.com\/index.php?rest_route=\/wp\/v2\/media\/10593"}],"wp:attachment":[{"href":"https:\/\/laprensacristiana.com\/index.php?rest_route=%2Fwp%2Fv2%2Fmedia&parent=10601"}],"wp:term":[{"taxonomy":"category","embeddable":true,"href":"https:\/\/laprensacristiana.com\/index.php?rest_route=%2Fwp%2Fv2%2Fcategories&post=10601"},{"taxonomy":"post_tag","embeddable":true,"href":"https:\/\/laprensacristiana.com\/index.php?rest_route=%2Fwp%2Fv2%2Ftags&post=10601"}],"curies":[{"name":"wp","href":"https:\/\/api.w.org\/{rel}","templated":true}]}}